{"id":39554,"date":"2025-02-24T10:20:57","date_gmt":"2025-02-24T09:20:57","guid":{"rendered":"https:\/\/treurer.com\/?p=39554"},"modified":"2025-03-30T11:45:53","modified_gmt":"2025-03-30T09:45:53","slug":"excursion-to-valldemossa","status":"publish","type":"post","link":"https:\/\/treurer.com\/en\/excursion-to-valldemossa\/","title":{"rendered":"Excursion to Valldemossa"},"content":{"rendered":"\t\t<div data-elementor-type=\"wp-post\" data-elementor-id=\"39554\" class=\"elementor elementor-39554 elementor-37096\" data-elementor-post-type=\"post\">\n\t\t\t\t\t\t<section class=\"elementor-section elementor-top-section elementor-element elementor-element-551b5ee elementor-section-boxed elementor-section-height-default elementor-section-height-default\" data-id=\"551b5ee\" data-element_type=\"section\">\n\t\t\t\t\t\t<div class=\"elementor-container elementor-column-gap-default\">\n\t\t\t\t\t<div class=\"elementor-column elementor-col-100 elementor-top-column elementor-element elementor-element-72ccd40\" data-id=\"72ccd40\" data-element_type=\"column\">\n\t\t\t<div class=\"elementor-widget-wrap elementor-element-populated\">\n\t\t\t\t\t\t<div class=\"elementor-element elementor-element-4fbf3a2 elementor-widget elementor-widget-text-editor\" data-id=\"4fbf3a2\" data-element_type=\"widget\" data-widget_type=\"text-editor.default\">\n\t\t\t\t<div class=\"elementor-widget-container\">\n\t\t\t\t\t\t\t\t\t<p>Valldemossa, un peque\u00f1o pueblo ubicado en la Serra de Tramuntana de Mallorca, invita a descubrir su aura hist\u00f3rica y su pintoresco paisaje. Esta encantadora localidad no solo es un refugio para los amantes de la cultura y la historia, sino que tambi\u00e9n ofrece una <strong>gran variedad de delicias culinarias y otras actividades<\/strong> que har\u00e1n que su visita sea inolvidable.<\/p><p>Tanto si quiere seguir las huellas de <strong>Fr\u00e9d\u00e9ric Chopin y George Sand <\/strong>como si simplemente quiere dejarse hechizar por la atm\u00f3sfera \u00fanica de este lugar, <strong>Valldemossa <\/strong>es un lugar que le recibir\u00e1 con los brazos abiertos y se despedir\u00e1 con una gran cantidad de impresiones.<\/p><div id=\"ez-toc-container\" class=\"ez-toc-v2_0_82_2 counter-hierarchy ez-toc-counter ez-toc-custom ez-toc-container-direction\">\n<div class=\"ez-toc-title-container\">\n<p class=\"ez-toc-title\" style=\"cursor:inherit\">Contenidos \/ Contents<\/p>\n<span class=\"ez-toc-title-toggle\"><\/span><\/div>\n<nav><ul class='ez-toc-list ez-toc-list-level-1 ' ><li class='ez-toc-page-1 ez-toc-heading-level-2'><a class=\"ez-toc-link ez-toc-heading-1\" href=\"https:\/\/treurer.com\/en\/excursion-to-valldemossa\/#%C2%BFQue_es_Valldemossa_y_por_que_deberia_visitarla\" >\u00bfQu\u00e9 es Valldemossa y por qu\u00e9 deber\u00eda visitarla?<\/a><\/li><li class='ez-toc-page-1 ez-toc-heading-level-2'><a class=\"ez-toc-link ez-toc-heading-2\" href=\"https:\/\/treurer.com\/en\/excursion-to-valldemossa\/#%C2%BFQue_lugares_de_interes_hay_en_Valldemossa\" >\u00bfQu\u00e9 lugares de inter\u00e9s hay en Valldemossa?<\/a><\/li><li class='ez-toc-page-1 ez-toc-heading-level-2'><a class=\"ez-toc-link ez-toc-heading-3\" href=\"https:\/\/treurer.com\/en\/excursion-to-valldemossa\/#%C2%BFComo_llego_a_Valldemossa\" >\u00bfC\u00f3mo llego a Valldemossa?<\/a><\/li><li class='ez-toc-page-1 ez-toc-heading-level-2'><a class=\"ez-toc-link ez-toc-heading-4\" href=\"https:\/\/treurer.com\/en\/excursion-to-valldemossa\/#%C2%BFQue_actividades_se_pueden_realizar_en_Valldemossa\" >\u00bfQu\u00e9 actividades se pueden realizar en Valldemossa?<\/a><\/li><li class='ez-toc-page-1 ez-toc-heading-level-2'><a class=\"ez-toc-link ez-toc-heading-5\" href=\"https:\/\/treurer.com\/en\/excursion-to-valldemossa\/#%C2%BFDonde_se_puede_comer_y_beber_en_Valldemossa\" >\u00bfD\u00f3nde se puede comer y beber en Valldemossa?<\/a><\/li><li class='ez-toc-page-1 ez-toc-heading-level-2'><a class=\"ez-toc-link ez-toc-heading-6\" href=\"https:\/\/treurer.com\/en\/excursion-to-valldemossa\/#%C2%BFQue_eventos_culturales_hay_en_Valldemossa\" >\u00bfQu\u00e9 eventos culturales hay en Valldemossa?<\/a><\/li><li class='ez-toc-page-1 ez-toc-heading-level-2'><a class=\"ez-toc-link ez-toc-heading-7\" href=\"https:\/\/treurer.com\/en\/excursion-to-valldemossa\/#%C2%BFComo_es_el_clima_en_Valldemossa\" >\u00bfC\u00f3mo es el clima en Valldemossa?<\/a><\/li><li class='ez-toc-page-1 ez-toc-heading-level-2'><a class=\"ez-toc-link ez-toc-heading-8\" href=\"https:\/\/treurer.com\/en\/excursion-to-valldemossa\/#El_invierno_en_Mallorca_de_Frederic_Chopin_y_George_Sand\" >El invierno en Mallorca de Frederic Chopin y George Sand<\/a><ul class='ez-toc-list-level-3' ><li class='ez-toc-heading-level-3'><a class=\"ez-toc-link ez-toc-heading-9\" href=\"https:\/\/treurer.com\/en\/excursion-to-valldemossa\/#El_viaje_a_Mallorca_un_refugio_para_la_creatividad\" >El viaje a Mallorca: un refugio para la creatividad<\/a><\/li><li class='ez-toc-page-1 ez-toc-heading-level-3'><a class=\"ez-toc-link ez-toc-heading-10\" href=\"https:\/\/treurer.com\/en\/excursion-to-valldemossa\/#Chopin_y_su_musica_en_la_Cartuja\" >Chopin y su m\u00fasica en la Cartuja<\/a><\/li><li class='ez-toc-page-1 ez-toc-heading-level-3'><a class=\"ez-toc-link ez-toc-heading-11\" href=\"https:\/\/treurer.com\/en\/excursion-to-valldemossa\/#George_Sand_y_su_vision_de_Mallorca\" >George Sand y su visi\u00f3n de Mallorca<\/a><\/li><\/ul><\/li><li class='ez-toc-page-1 ez-toc-heading-level-2'><a class=\"ez-toc-link ez-toc-heading-12\" href=\"https:\/\/treurer.com\/en\/excursion-to-valldemossa\/#Valldemossa_y_el_Archiduque_Luis_Salvador\" >Valldemossa y el Archiduque Luis Salvador<\/a><ul class='ez-toc-list-level-3' ><li class='ez-toc-heading-level-3'><a class=\"ez-toc-link ez-toc-heading-13\" href=\"https:\/\/treurer.com\/en\/excursion-to-valldemossa\/#El_Archiduque_y_su_llegada_a_Mallorca\" >El Archiduque y su llegada a Mallorca<\/a><\/li><li class='ez-toc-page-1 ez-toc-heading-level-3'><a class=\"ez-toc-link ez-toc-heading-14\" href=\"https:\/\/treurer.com\/en\/excursion-to-valldemossa\/#Son_Marroig_y_Miramar_sus_refugios_en_Valldemossa\" >Son Marroig y Miramar: sus refugios en Valldemossa<\/a><\/li><li class='ez-toc-page-1 ez-toc-heading-level-3'><a class=\"ez-toc-link ez-toc-heading-15\" href=\"https:\/\/treurer.com\/en\/excursion-to-valldemossa\/#Un_defensor_de_la_naturaleza_y_la_cultura_mallorquina\" >Un defensor de la naturaleza y la cultura mallorquina<\/a><\/li><li class='ez-toc-page-1 ez-toc-heading-level-3'><a class=\"ez-toc-link ez-toc-heading-16\" href=\"https:\/\/treurer.com\/en\/excursion-to-valldemossa\/#Su_legado_en_Valldemossa_y_Mallorca\" >Su legado en Valldemossa y Mallorca<\/a><\/li><\/ul><\/li><li class='ez-toc-page-1 ez-toc-heading-level-2'><a class=\"ez-toc-link ez-toc-heading-17\" href=\"https:\/\/treurer.com\/en\/excursion-to-valldemossa\/#Las_amantes_e_hijos_mallorquines_del_Archiduque\" >Las amantes e hijos mallorquines del Archiduque<\/a><ul class='ez-toc-list-level-3' ><li class='ez-toc-heading-level-3'><a class=\"ez-toc-link ez-toc-heading-18\" href=\"https:\/\/treurer.com\/en\/excursion-to-valldemossa\/#Amantes_y_romances_secretos\" >Amantes y romances secretos<\/a><\/li><li class='ez-toc-page-1 ez-toc-heading-level-3'><a class=\"ez-toc-link ez-toc-heading-19\" href=\"https:\/\/treurer.com\/en\/excursion-to-valldemossa\/#Hijos_ilegitimos\" >Hijos ileg\u00edtimos<\/a><\/li><li class='ez-toc-page-1 ez-toc-heading-level-3'><a class=\"ez-toc-link ez-toc-heading-20\" href=\"https:\/\/treurer.com\/en\/excursion-to-valldemossa\/#Un_noble_atipico_y_su_legado\" >Un noble at\u00edpico y su legado<\/a><\/li><\/ul><\/li><li class='ez-toc-page-1 ez-toc-heading-level-2'><a class=\"ez-toc-link ez-toc-heading-21\" href=\"https:\/\/treurer.com\/en\/excursion-to-valldemossa\/#La_visita_de_la_Emperatriz_Sissi_a_Valldemossa\" >La visita de la Emperatriz Sissi a Valldemossa<\/a><ul class='ez-toc-list-level-3' ><li class='ez-toc-heading-level-3'><a class=\"ez-toc-link ez-toc-heading-22\" href=\"https:\/\/treurer.com\/en\/excursion-to-valldemossa\/#Sissi_en_Mallorca_un_viaje_inesperado\" >Sissi en Mallorca: un viaje inesperado<\/a><\/li><li class='ez-toc-page-1 ez-toc-heading-level-3'><a class=\"ez-toc-link ez-toc-heading-23\" href=\"https:\/\/treurer.com\/en\/excursion-to-valldemossa\/#Estancia_en_Palma_y_Valldemossa\" >Estancia en Palma y Valldemossa<\/a><\/li><li class='ez-toc-page-1 ez-toc-heading-level-3'><a class=\"ez-toc-link ez-toc-heading-24\" href=\"https:\/\/treurer.com\/en\/excursion-to-valldemossa\/#Encuentro_con_su_primo_Luis_Salvador\" >Encuentro con su primo Luis Salvador<\/a><\/li><li class='ez-toc-page-1 ez-toc-heading-level-3'><a class=\"ez-toc-link ez-toc-heading-25\" href=\"https:\/\/treurer.com\/en\/excursion-to-valldemossa\/#Por_que_no_volvio_Sissi_a_Mallorca\" >Por qu\u00e9 no volvi\u00f3 Sissi a Mallorca<\/a><\/li><li class='ez-toc-page-1 ez-toc-heading-level-3'><a class=\"ez-toc-link ez-toc-heading-26\" href=\"https:\/\/treurer.com\/en\/excursion-to-valldemossa\/#El_legado_de_su_visita\" >El legado de su visita<\/a><\/li><\/ul><\/li><li class='ez-toc-page-1 ez-toc-heading-level-2'><a class=\"ez-toc-link ez-toc-heading-27\" href=\"https:\/\/treurer.com\/en\/excursion-to-valldemossa\/#La_excelente_coca_de_patata_de_Valldemossa\" >La excelente coca de patata de Valldemossa<\/a><ul class='ez-toc-list-level-3' ><li class='ez-toc-heading-level-3'><a class=\"ez-toc-link ez-toc-heading-28\" href=\"https:\/\/treurer.com\/en\/excursion-to-valldemossa\/#%C2%BFQue_es_la_coca_de_patata\" >\u00bfQu\u00e9 es la coca de patata?<\/a><\/li><li class='ez-toc-page-1 ez-toc-heading-level-3'><a class=\"ez-toc-link ez-toc-heading-29\" href=\"https:\/\/treurer.com\/en\/excursion-to-valldemossa\/#Origen_y_tradicion_en_Valldemossa\" >Origen y tradici\u00f3n en Valldemossa<\/a><\/li><li class='ez-toc-page-1 ez-toc-heading-level-3'><a class=\"ez-toc-link ez-toc-heading-30\" href=\"https:\/\/treurer.com\/en\/excursion-to-valldemossa\/#%C2%BFComo_se_elabora_Receta_basica\" >\u00bfC\u00f3mo se elabora? (Receta b\u00e1sica)<\/a><\/li><li class='ez-toc-page-1 ez-toc-heading-level-3'><a class=\"ez-toc-link ez-toc-heading-31\" href=\"https:\/\/treurer.com\/en\/excursion-to-valldemossa\/#%C2%BFDonde_probar_la_mejor_coca_de_patata_en_Valldemossa\" >\u00bfD\u00f3nde probar la mejor coca de patata en Valldemossa?<\/a><\/li><\/ul><\/li><li class='ez-toc-page-1 ez-toc-heading-level-2'><a class=\"ez-toc-link ez-toc-heading-32\" href=\"https:\/\/treurer.com\/en\/excursion-to-valldemossa\/#Valldemossa_preguntas_y_respuestas\" >Valldemossa, preguntas y respuestas<\/a><ul class='ez-toc-list-level-3' ><li class='ez-toc-heading-level-3'><a class=\"ez-toc-link ez-toc-heading-33\" href=\"https:\/\/treurer.com\/en\/excursion-to-valldemossa\/#%C2%BFPor_que_es_famosa_Valldemossa\" >\u00bfPor qu\u00e9 es famosa Valldemossa?<\/a><\/li><li class='ez-toc-page-1 ez-toc-heading-level-3'><a class=\"ez-toc-link ez-toc-heading-34\" href=\"https:\/\/treurer.com\/en\/excursion-to-valldemossa\/#%C2%BFCuando_es_el_mercado_de_Valldemossa\" >\u00bfCu\u00e1ndo es el mercado de Valldemossa?<\/a><\/li><li class='ez-toc-page-1 ez-toc-heading-level-3'><a class=\"ez-toc-link ez-toc-heading-35\" href=\"https:\/\/treurer.com\/en\/excursion-to-valldemossa\/#%C2%BFA_que_distancia_esta_Palma_de_Valldemossa\" >\u00bfA qu\u00e9 distancia est\u00e1 Palma de Valldemossa?<\/a><\/li><li class='ez-toc-page-1 ez-toc-heading-level-3'><a class=\"ez-toc-link ez-toc-heading-36\" href=\"https:\/\/treurer.com\/en\/excursion-to-valldemossa\/#%C2%BFQuien_vivia_en_Valldemossa\" >\u00bfQui\u00e9n viv\u00eda en Valldemossa?<\/a><\/li><\/ul><\/li><\/ul><\/nav><\/div>\n<h2><span class=\"ez-toc-section\" id=\"%C2%BFQue_es_Valldemossa_y_por_que_deberia_visitarla\"><\/span>\u00bfQu\u00e9 es Valldemossa y por qu\u00e9 deber\u00eda visitarla?<span class=\"ez-toc-section-end\"><\/span><\/h2><p>Valldemossa es un pintoresco pueblo situado en el noroeste de Mallorca, rodeado por las impresionantes monta\u00f1as de la Serra de Tramuntana. Es famoso por sus <strong>callejuelas de piedra<\/strong>, <strong>sus casas tradicionales y la hist\u00f3rica cartuja<\/strong> en la que el compositor Chopin y la escritora George Sand pasaron el invierno de 1838 \/ 39.<\/p><p>Este lugar es una meca para los amantes de la cultura, que aprecian no solo el <strong>ambiente hist\u00f3rico<\/strong>, sino tambi\u00e9n el entorno tranquilo y relajante. La belleza de la naturaleza, combinada con la rica historia, hace de Valldemossa una visita obligada en cualquier viaje a Mallorca.<\/p><p>En Valldemossa no solo encontrar\u00e1 tesoros culturales, sino tambi\u00e9n la oportunidad de probar especialidades locales y participar en eventos que reflejan la vida tradicional mallorquina.<\/p>\t\t\t\t\t\t\t\t<\/div>\n\t\t\t\t<\/div>\n\t\t\t\t<div class=\"elementor-element elementor-element-c68c6c6 elementor-widget elementor-widget-text-editor\" data-id=\"c68c6c6\" data-element_type=\"widget\" data-widget_type=\"text-editor.default\">\n\t\t\t\t<div class=\"elementor-widget-container\">\n\t\t\t\t\t\t\t\t\t<h2><span class=\"ez-toc-section\" id=\"%C2%BFQue_lugares_de_interes_hay_en_Valldemossa\"><\/span>\u00bfQu\u00e9 lugares de inter\u00e9s hay en Valldemossa?<span class=\"ez-toc-section-end\"><\/span><\/h2><p>Valldemossa cuenta con una gran cantidad de lugares de inter\u00e9s que atraen a visitantes de todo el mundo. La Cartuja de Valldemossa, la iglesia de Sant Bartomeu y el Museo Fr\u00e9d\u00e9ric Chopin son solo algunos de los <strong>lugares hist\u00f3ricos<\/strong> que se pueden descubrir en este pueblo.<\/p><p>Otras atracciones son las antiguas <strong>casas de piedra con sus fachadas decoradas con flor<\/strong>es y las estrechas calles que respiran historia. No hay que olvidar las impresionantes vistas de las monta\u00f1as circundantes y los id\u00edlicos jardines que invitan a quedarse.<\/p><p>Las <strong>galer\u00edas de arte y las tiendas de<\/strong> artesan\u00eda ofrecen una gran variedad de productos locales y artesanales, por lo que seguro que encontrar\u00e1 un recuerdo \u00fanico de su visita a Valldemossa.<\/p>\t\t\t\t\t\t\t\t<\/div>\n\t\t\t\t<\/div>\n\t\t\t\t<div class=\"elementor-element elementor-element-60076c7 elementor-widget elementor-widget-image\" data-id=\"60076c7\" data-element_type=\"widget\" data-widget_type=\"image.default\">\n\t\t\t\t<div class=\"elementor-widget-container\">\n\t\t\t\t\t\t\t\t\t\t\t\t\t\t\t<img fetchpriority=\"high\" decoding=\"async\" width=\"1920\" height=\"1280\" src=\"https:\/\/treurer.com\/wp-content\/uploads\/Valldemossa-Mallorca.jpg\" class=\"attachment-large size-large wp-image-39495\" alt=\"Valldemossa, Mallorca\" srcset=\"https:\/\/treurer.com\/wp-content\/uploads\/Valldemossa-Mallorca.jpg 1920w, https:\/\/treurer.com\/wp-content\/uploads\/Valldemossa-Mallorca-768x512.jpg 768w, https:\/\/treurer.com\/wp-content\/uploads\/Valldemossa-Mallorca-1536x1024.jpg 1536w, https:\/\/treurer.com\/wp-content\/uploads\/Valldemossa-Mallorca-300x200.jpg 300w, https:\/\/treurer.com\/wp-content\/uploads\/Valldemossa-Mallorca-600x400.jpg 600w, https:\/\/treurer.com\/wp-content\/uploads\/Valldemossa-Mallorca-64x43.jpg 64w\" sizes=\"(max-width: 1920px) 100vw, 1920px\" title=\"\">\t\t\t\t\t\t\t\t\t\t\t\t\t\t\t<\/div>\n\t\t\t\t<\/div>\n\t\t\t\t<div class=\"elementor-element elementor-element-59d3aa6 elementor-widget elementor-widget-text-editor\" data-id=\"59d3aa6\" data-element_type=\"widget\" data-widget_type=\"text-editor.default\">\n\t\t\t\t<div class=\"elementor-widget-container\">\n\t\t\t\t\t\t\t\t\t<h2><span class=\"ez-toc-section\" id=\"%C2%BFComo_llego_a_Valldemossa\"><\/span>\u00bfC\u00f3mo llego a Valldemossa?<span class=\"ez-toc-section-end\"><\/span><\/h2><p>Se puede llegar f\u00e1cilmente a Valldemossa tanto en coche como en transporte p\u00fablico. Desde la capital, Palma, puede coger un autob\u00fas o disfrutar del corto trayecto por la carretera, que atraviesa el pintoresco paisaje de la Serra de Tramuntana.<\/p><p>Si decide viajar en coche, ver\u00e1 que la ruta est\u00e1 bien se\u00f1alizada y que Valldemossa est\u00e1 a poca distancia de muchos otros lugares populares de la isla.<\/p><p>Para aquellos que prefieran una opci\u00f3n m\u00e1s ecol\u00f3gica, tambi\u00e9n hay un servicio regular de autobuses que le permitir\u00e1 conocer la vida local mientras viaja por algunos de los paisajes m\u00e1s bellos de Mallorca.<\/p><h2><span class=\"ez-toc-section\" id=\"%C2%BFQue_actividades_se_pueden_realizar_en_Valldemossa\"><\/span>\u00bfQu\u00e9 actividades se pueden realizar en Valldemossa?<span class=\"ez-toc-section-end\"><\/span><\/h2><p>En Valldemossa hay una gran variedad de actividades para todos los gustos. Desde <strong>senderismo en la Serra de Tramuntana<\/strong> hasta actuaciones musicales en el marco del <strong>Festival Chopin<\/strong>, aqu\u00ed hay algo para todos los gustos.<\/p><p>Los visitantes interesados en la cultura pueden participar en una <a href=\"https:\/\/cartoixadevalldemossa.com\/visit\/\" target=\"_blank\" rel=\"noopener\"><strong>visita guiada por la Cartuja<\/strong><\/a>, mientras que los amantes de la naturaleza pueden explorar las numerosas rutas de senderismo que atraviesan las monta\u00f1as y valles de los alrededores.<\/p><p>Los caf\u00e9s y restaurantes locales tambi\u00e9n ofrecen la oportunidad perfecta para relajarse y disfrutar de la cocina local. No deje de probar la coca de patata, un dulce t\u00edpico de Valldemossa.<\/p><p>Los talleres de artesan\u00eda y los mercados tradicionales le ofrecen la oportunidad de sumergirse en la cultura local y adquirir recuerdos \u00fanicos.<\/p>\t\t\t\t\t\t\t\t<\/div>\n\t\t\t\t<\/div>\n\t\t\t\t<div class=\"elementor-element elementor-element-693b60b elementor-widget elementor-widget-text-editor\" data-id=\"693b60b\" data-element_type=\"widget\" data-widget_type=\"text-editor.default\">\n\t\t\t\t<div class=\"elementor-widget-container\">\n\t\t\t\t\t\t\t\t\t<h2><span class=\"ez-toc-section\" id=\"%C2%BFDonde_se_puede_comer_y_beber_en_Valldemossa\"><\/span>\u00bfD\u00f3nde se puede comer y beber en Valldemossa?<span class=\"ez-toc-section-end\"><\/span><\/h2><p>Valldemossa es conocida por su <strong>gastronom\u00eda local<\/strong>, que combina la cocina mediterr\u00e1nea con la propia de la isla de Mallorca. En los numerosos restaurantes y cafeter\u00edas del pueblo podr\u00e1 disfrutar de platos tradicionales como el llom amb col y deliciosos postres.<\/p><p>Las acogedoras cafeter\u00edas de la plaza principal son el lugar perfecto para tomar un caf\u00e9 y observar el ajetreo y el bullicio. Aqu\u00ed tambi\u00e9n encontrar\u00e1 una buena selecci\u00f3n de vinos que combinan a la perfecci\u00f3n con las tapas y otros platos peque\u00f1os que se sirven en los locales.<\/p><p>Muchos restaurantes ofrecen terrazas con vistas a las monta\u00f1as o al pueblo, lo que hace que la experiencia culinaria sea a\u00fan m\u00e1s inolvidable.<\/p><h2><span class=\"ez-toc-section\" id=\"%C2%BFQue_eventos_culturales_hay_en_Valldemossa\"><\/span>\u00bfQu\u00e9 eventos culturales hay en Valldemossa?<span class=\"ez-toc-section-end\"><\/span><\/h2><p>Valldemossa se enorgullece de su amplia oferta cultural, que incluye el <a href=\"https:\/\/illesbalears.travel\/es\/mallorca\/evento-festival-internacional-de-musica-clasica-pianino\" target=\"_blank\" rel=\"noopener\"><strong>Festival Chopin<\/strong><\/a> anual, que atrae a amantes de la m\u00fasica cl\u00e1sica de todo el mundo. Este evento rinde homenaje al famoso compositor, que pas\u00f3 un invierno en Valldemossa.<\/p><p>La fiesta de <strong>Santa Catalina Thom\u00e0s,<\/strong> patrona del pueblo, es otro de los eventos culturales m\u00e1s destacados, en el que los bailes tradicionales, la m\u00fasica y las procesiones animan la vida del pueblo.<\/p><p>Adem\u00e1s, a lo largo del a\u00f1o se celebran diversos mercados, fiestas locales y exposiciones de arte que acercan a los visitantes la rica cultura y tradici\u00f3n de Mallorca.<\/p><h2><span class=\"ez-toc-section\" id=\"%C2%BFComo_es_el_clima_en_Valldemossa\"><\/span>\u00bfC\u00f3mo es el clima en Valldemossa?<span class=\"ez-toc-section-end\"><\/span><\/h2><p>El clima de Valldemossa es mediterr\u00e1neo, con inviernos suaves y veranos c\u00e1lidos, pero no demasiado calurosos. Este clima agradable hace de Valldemossa un destino ideal durante todo el a\u00f1o.<\/p><p>Gracias a su ubicaci\u00f3n en la Serra de Tramuntana, Valldemossa disfruta de una brisa fresca que hace m\u00e1s soportables los meses de verano y contribuye a crear las condiciones perfectas para las actividades al aire libre.<\/p><p>El clima templado tambi\u00e9n favorece la existencia de una flora rica y variada que puede admirarse en los numerosos jardines y en el paisaje circundante.<\/p>\t\t\t\t\t\t\t\t<\/div>\n\t\t\t\t<\/div>\n\t\t\t\t<div class=\"elementor-element elementor-element-2c88caa elementor-widget elementor-widget-text-editor\" data-id=\"2c88caa\" data-element_type=\"widget\" data-widget_type=\"text-editor.default\">\n\t\t\t\t<div class=\"elementor-widget-container\">\n\t\t\t\t\t\t\t\t\t<h2><span class=\"ez-toc-section\" id=\"El_invierno_en_Mallorca_de_Frederic_Chopin_y_George_Sand\"><\/span>El invierno en Mallorca de Frederic Chopin y George Sand<span class=\"ez-toc-section-end\"><\/span><\/h2><p>El invierno de <strong>1838-1839<\/strong> que pasaron <strong>Fr\u00e9d\u00e9ric Chopin<\/strong> y <strong>George Sand<\/strong> en <strong>Valldemossa<\/strong>, Mallorca, es una de las historias m\u00e1s fascinantes de la isla. Buscaban un clima m\u00e1s c\u00e1lido y tranquilidad, pero lo que encontraron fue un invierno m\u00e1s duro de lo esperado y la desconfianza de los lugare\u00f1os.<\/p><h3><span class=\"ez-toc-section\" id=\"El_viaje_a_Mallorca_un_refugio_para_la_creatividad\"><\/span><strong>El viaje a Mallorca: un refugio para la creatividad<\/strong><span class=\"ez-toc-section-end\"><\/span><\/h3><p>Chopin, ya enfermo de tuberculosis, y la escritora George Sand, llegaron a Palma en noviembre de 1838. Inicialmente se hospedaron en la ciudad, pero pronto se trasladaron a <strong>Valldemossa<\/strong>, un peque\u00f1o pueblo en la <strong>Serra de Tramuntana<\/strong>, buscando un lugar m\u00e1s aislado. Se instalaron en la <strong>Cartuja de Valldemossa<\/strong>, un antiguo monasterio que hab\u00eda sido expropiado tras la desamortizaci\u00f3n de Mendiz\u00e1bal.<\/p><h3><span class=\"ez-toc-section\" id=\"Chopin_y_su_musica_en_la_Cartuja\"><\/span><strong>Chopin y su m\u00fasica en la Cartuja<\/strong><span class=\"ez-toc-section-end\"><\/span><\/h3><p>Durante su estancia, Chopin compuso algunas de sus piezas m\u00e1s c\u00e9lebres, como los <strong>Preludios Op. 28<\/strong>, donde se dice que el famoso <a href=\"https:\/\/www.youtube.com\/watch?v=hVOGenTDM5M\" target=\"_blank\" rel=\"noopener\">Preludio en Re bemol mayor (&#8220;La Gota de Lluvia&#8221;)<\/a> est\u00e1 inspirado en el sonido de la lluvia en la celda mon\u00e1stica. Tambi\u00e9n trabaj\u00f3 en su <a href=\"https:\/\/www.youtube.com\/watch?v=a_HxhkejCdU\" target=\"_blank\" rel=\"noopener\">Balada n.\u00ba 2<\/a> y otros estudios. Su fr\u00e1gil estado de salud, sin embargo, dificultaba su trabajo.<\/p><h3><span class=\"ez-toc-section\" id=\"George_Sand_y_su_vision_de_Mallorca\"><\/span><strong>George Sand y su visi\u00f3n de Mallorca<\/strong><span class=\"ez-toc-section-end\"><\/span><\/h3><p>Sand, por su parte, no tuvo una experiencia id\u00edlica. En su libro <strong>&#8220;Un invierno en Mallorca&#8221;<\/strong> (1842), describi\u00f3 la belleza de la isla, pero tambi\u00e9n la hostilidad de los mallorquines, que ve\u00edan con desconfianza a los extranjeros, especialmente a una pareja no casada con ideas progresistas. En el libro, Sand narra las dificultades que enfrentaron: el fr\u00edo, la humedad de la Cartuja, la falta de medicinas adecuadas y la indiferencia, cuando no agresividad, de los habitantes.<\/p>\t\t\t\t\t\t\t\t<\/div>\n\t\t\t\t<\/div>\n\t\t\t\t<div class=\"elementor-element elementor-element-a421778 elementor-widget elementor-widget-image\" data-id=\"a421778\" data-element_type=\"widget\" data-widget_type=\"image.default\">\n\t\t\t\t<div class=\"elementor-widget-container\">\n\t\t\t\t\t\t\t\t\t\t\t\t\t\t\t<img decoding=\"async\" width=\"1920\" height=\"1278\" src=\"https:\/\/treurer.com\/wp-content\/uploads\/Valldemossa-iglesia.jpg\" class=\"attachment-large size-large wp-image-39491\" alt=\"Valldemossa, Mallorca\" srcset=\"https:\/\/treurer.com\/wp-content\/uploads\/Valldemossa-iglesia.jpg 1920w, https:\/\/treurer.com\/wp-content\/uploads\/Valldemossa-iglesia-768x511.jpg 768w, https:\/\/treurer.com\/wp-content\/uploads\/Valldemossa-iglesia-1536x1022.jpg 1536w, https:\/\/treurer.com\/wp-content\/uploads\/Valldemossa-iglesia-300x200.jpg 300w, https:\/\/treurer.com\/wp-content\/uploads\/Valldemossa-iglesia-600x399.jpg 600w, https:\/\/treurer.com\/wp-content\/uploads\/Valldemossa-iglesia-64x43.jpg 64w\" sizes=\"(max-width: 1920px) 100vw, 1920px\" title=\"\">\t\t\t\t\t\t\t\t\t\t\t\t\t\t\t<\/div>\n\t\t\t\t<\/div>\n\t\t\t\t<div class=\"elementor-element elementor-element-ee4f092 elementor-widget elementor-widget-text-editor\" data-id=\"ee4f092\" data-element_type=\"widget\" data-widget_type=\"text-editor.default\">\n\t\t\t\t<div class=\"elementor-widget-container\">\n\t\t\t\t\t\t\t\t\t<h2><span class=\"ez-toc-section\" id=\"Valldemossa_y_el_Archiduque_Luis_Salvador\"><\/span>Valldemossa y el Archiduque Luis Salvador<span class=\"ez-toc-section-end\"><\/span><\/h2><p>La relaci\u00f3n entre el <strong>Archiduque Luis Salvador de Austria<\/strong> y <strong>Valldemossa<\/strong> es una historia de amor por la naturaleza, la cultura y la preservaci\u00f3n del paisaje mallorqu\u00edn. Este noble austriaco, miembro de la Casa de Habsburgo, qued\u00f3 fascinado por la isla de <strong>Mallorca<\/strong> en el siglo XIX y dedic\u00f3 su vida a estudiar, proteger y promover su belleza.<\/p><h3><span class=\"ez-toc-section\" id=\"El_Archiduque_y_su_llegada_a_Mallorca\"><\/span><strong>El Archiduque y su llegada a Mallorca<\/strong><span class=\"ez-toc-section-end\"><\/span><\/h3><p>Luis Salvador lleg\u00f3 a Mallorca por primera vez en <strong>1867<\/strong>, cuando ten\u00eda poco m\u00e1s de 20 a\u00f1os. Qued\u00f3 cautivado por la isla, especialmente por la <strong>Serra de Tramuntana<\/strong>, y adquiri\u00f3 grandes extensiones de terreno para preservar su entorno natural. Uno de sus lugares predilectos fue <strong>Valldemossa<\/strong>, donde pose\u00eda varias fincas.<\/p><h3><span class=\"ez-toc-section\" id=\"Son_Marroig_y_Miramar_sus_refugios_en_Valldemossa\"><\/span><strong>Son Marroig y Miramar: sus refugios en Valldemossa<\/strong><span class=\"ez-toc-section-end\"><\/span><\/h3><p>Dos de las posesiones m\u00e1s emblem\u00e1ticas del Archiduque en Valldemossa fueron:<\/p><ul><li><strong>Miramar<\/strong>: Un antiguo monasterio fundado por <strong>Ramon Llull<\/strong> en el siglo XIII, que el Archiduque restaur\u00f3 y convirti\u00f3 en un centro de estudios y reflexi\u00f3n. All\u00ed recib\u00eda a escritores, artistas e intelectuales.<\/li><li><strong>Son Marroig<\/strong>: Una de sus residencias m\u00e1s conocidas, con impresionantes vistas al mar y al ic\u00f3nico islote de <strong>Sa Foradada<\/strong>. Hoy en d\u00eda es un museo que muestra su vida y pasi\u00f3n por Mallorca.<\/li><\/ul><h3><span class=\"ez-toc-section\" id=\"Un_defensor_de_la_naturaleza_y_la_cultura_mallorquina\"><\/span><strong>Un defensor de la naturaleza y la cultura mallorquina<\/strong><span class=\"ez-toc-section-end\"><\/span><\/h3><p>El Archiduque no solo fue un amante de Mallorca, sino tambi\u00e9n un gran estudioso de su cultura, historia y paisajes. Su obra m\u00e1s destacada es <a href=\"https:\/\/es.wikipedia.org\/wiki\/Die_Balearen_in_Wort_und_Bild_Geschildert\" target=\"_blank\" rel=\"noopener\">&#8220;Die Balearen&#8221;,<\/a> una extensa enciclopedia en la que document\u00f3 en detalle la geograf\u00eda, la flora, la fauna, las costumbres y la arquitectura de las islas Baleares.<\/p><h3><span class=\"ez-toc-section\" id=\"Su_legado_en_Valldemossa_y_Mallorca\"><\/span><strong>Su legado en Valldemossa y Mallorca<\/strong><span class=\"ez-toc-section-end\"><\/span><\/h3><p>Luis Salvador vivi\u00f3 en Mallorca durante d\u00e9cadas y se gan\u00f3 el respeto de los mallorquines por su car\u00e1cter sencillo y su amor por la isla. Promovi\u00f3 la preservaci\u00f3n del paisaje y la arquitectura tradicional, evitando la especulaci\u00f3n y el deterioro de la zona.<\/p><p>Hoy, su huella sigue presente en Valldemossa y en toda la Tramuntana. Sus antiguas posesiones, como <strong>Son Marroig<\/strong>, son testigos de su fascinaci\u00f3n por la isla, y su legado sigue vivo en la conservaci\u00f3n de la naturaleza y el patrimonio mallorqu\u00edn.<\/p><p>\u00a0<\/p><p>\u00a0<\/p><h2><span class=\"ez-toc-section\" id=\"Las_amantes_e_hijos_mallorquines_del_Archiduque\"><\/span>Las amantes e hijos mallorquines del Archiduque<span class=\"ez-toc-section-end\"><\/span><\/h2><p>El <strong>Archiduque Luis Salvador de Austria<\/strong> (Ludwig Salvator Maria Giuseppe Giovanni Battista Dominicus Raineri Ferdinando Carl Zenobius Antonin ,1847-1915) tuvo una vida amorosa llena de misterio y esc\u00e1ndalo para su \u00e9poca. Aunque nunca se cas\u00f3 oficialmente, se le atribuyen <strong>numerosos romances<\/strong> y al menos <strong>varios hijos ileg\u00edtimos<\/strong>, algo que contrastaba con las estrictas normas de la Casa de Habsburgo.<\/p><h3><span class=\"ez-toc-section\" id=\"Amantes_y_romances_secretos\"><\/span><strong>Amantes y romances secretos<\/strong><span class=\"ez-toc-section-end\"><\/span><\/h3><p>Luis Salvador, de car\u00e1cter bohemio y liberal, nunca se someti\u00f3 a las r\u00edgidas normas de su familia. Primo de la <strong>Emperatriz Isabel de Baviera<\/strong>, conocida como <strong>&#8220;Sissi&#8221;<\/strong> (1837-1898), vivi\u00f3 en Mallorca rodeado de artistas, intelectuales y gente sencilla del campo, con quienes manten\u00eda estrechas relaciones.<\/p><p>Algunas de sus amantes m\u00e1s conocidas fueron <strong>Catalina Homar<\/strong>, una mujer mallorquina, hija de carpinteros, que trabaj\u00f3 como administradora de sus propiedades y con quien tuvo una relaci\u00f3n muy especial. Catalina era una mujer adelantada a su tiempo: culta, independiente y con una gran capacidad de gesti\u00f3n. Se cree que su relaci\u00f3n fue m\u00e1s que profesional, pero nunca hubo pruebas definitivas. Y <strong>Sof\u00eda von Matl<\/strong>, una noble austr\u00edaca con quien se rumoreaba que tuvo un hijo.<\/p><h3><span class=\"ez-toc-section\" id=\"Hijos_ilegitimos\"><\/span><strong>Hijos ileg\u00edtimos<\/strong><span class=\"ez-toc-section-end\"><\/span><\/h3><p>No hay registros oficiales de hijos reconocidos por Luis Salvador, pero se rumorea que tuvo varios descendientes fuera del matrimonio, especialmente en Mallorca. Algunas historias locales hablan de ni\u00f1os nacidos de relaciones con mujeres mallorquinas, aunque nunca fueron reconocidos legalmente debido a su posici\u00f3n en la familia imperial.<\/p><h3><span class=\"ez-toc-section\" id=\"Un_noble_atipico_y_su_legado\"><\/span><strong>Un noble at\u00edpico y su legado<\/strong><span class=\"ez-toc-section-end\"><\/span><\/h3><p>A diferencia de otros Habsburgo, Luis Salvador rechaz\u00f3 la vida de la corte y prefiri\u00f3 una existencia sencilla en Mallorca. Su legado no solo est\u00e1 en sus investigaciones y en la preservaci\u00f3n del paisaje mallorqu\u00edn, sino tambi\u00e9n en su visi\u00f3n progresista y su forma de vivir libremente.<\/p>\t\t\t\t\t\t\t\t<\/div>\n\t\t\t\t<\/div>\n\t\t\t\t<div class=\"elementor-element elementor-element-4604f34 elementor-widget elementor-widget-text-editor\" data-id=\"4604f34\" data-element_type=\"widget\" data-widget_type=\"text-editor.default\">\n\t\t\t\t<div class=\"elementor-widget-container\">\n\t\t\t\t\t\t\t\t\t<h2><span class=\"ez-toc-section\" id=\"La_visita_de_la_Emperatriz_Sissi_a_Valldemossa\"><\/span>La visita de la Emperatriz Sissi a Valldemossa<span class=\"ez-toc-section-end\"><\/span><\/h2><p>La visita de la emperatriz <strong>Sissi<\/strong> (Isabel de Baviera) a <strong>Mallorca<\/strong> en <strong>1860<\/strong> es uno de los episodios m\u00e1s interesantes de la historia de la isla. Fue un viaje breve, pero dej\u00f3 una huella en la memoria colectiva mallorquina.<\/p><h3><span class=\"ez-toc-section\" id=\"Sissi_en_Mallorca_un_viaje_inesperado\"><\/span><strong>Sissi en Mallorca: un viaje inesperado<\/strong><span class=\"ez-toc-section-end\"><\/span><\/h3><p>Sissi lleg\u00f3 a la isla a bordo de un barco de la Armada Austroh\u00fangara como parte de un viaje por el Mediterr\u00e1neo. En aquella \u00e9poca, la emperatriz ya mostraba su <strong>inquietud por viajar<\/strong> y su <strong>rechazo al protocolo<\/strong> de la corte vienesa. Buscaba destinos ex\u00f3ticos y saludables, ya que sufr\u00eda problemas respiratorios y los m\u00e9dicos le recomendaban climas templados.<\/p><h3><span class=\"ez-toc-section\" id=\"Estancia_en_Palma_y_Valldemossa\"><\/span><strong>Estancia en Palma y Valldemossa<\/strong><span class=\"ez-toc-section-end\"><\/span><\/h3><p>Durante su corta estancia, Sissi <strong>pase\u00f3 por Palma<\/strong> y qued\u00f3 maravillada por la <strong>Catedral de La Seu<\/strong> y las estrechas calles del casco antiguo. Tambi\u00e9n visit\u00f3 la <strong>Cartuja de Valldemossa<\/strong>, donde casi 20 a\u00f1os antes hab\u00edan estado <strong>Fr\u00e9d\u00e9ric Chopin y George Sand<\/strong>. La belleza de la <strong>Serra de Tramuntana<\/strong> la fascin\u00f3, pero no pas\u00f3 mucho tiempo en la isla.<\/p><h3><span class=\"ez-toc-section\" id=\"Encuentro_con_su_primo_Luis_Salvador\"><\/span><strong>Encuentro con su primo Luis Salvador<\/strong><span class=\"ez-toc-section-end\"><\/span><\/h3><p>No hay evidencia de que en esa visita se encontrara con su primo, el <strong>Archiduque Luis Salvador<\/strong>, pero es muy probable que Mallorca fuese un tema de conversaci\u00f3n entre ambos en el futuro. Luis Salvador lleg\u00f3 a la isla unos a\u00f1os m\u00e1s tarde y se convirti\u00f3 en su m\u00e1s ferviente admirador y protector.<\/p><h3><span class=\"ez-toc-section\" id=\"Por_que_no_volvio_Sissi_a_Mallorca\"><\/span><strong>Por qu\u00e9 no volvi\u00f3 Sissi a Mallorca<\/strong><span class=\"ez-toc-section-end\"><\/span><\/h3><p>A pesar de su amor por los viajes y los paisajes mediterr\u00e1neos, Sissi nunca regres\u00f3 a Mallorca. Prefiri\u00f3 otros destinos como Madeira, Corf\u00fa y la Riviera francesa, donde encontraba m\u00e1s anonimato y libertad.<\/p><h3><span class=\"ez-toc-section\" id=\"El_legado_de_su_visita\"><\/span><strong>El legado de su visita<\/strong><span class=\"ez-toc-section-end\"><\/span><\/h3><p>Aunque su paso por Mallorca fue breve, su figura sigue rodeada de leyenda en la isla. Hoy en d\u00eda, muchos viajeros que buscan tranquilidad y belleza natural siguen un poco su esp\u00edritu, explorando Mallorca lejos del turismo masivo.<\/p>\t\t\t\t\t\t\t\t<\/div>\n\t\t\t\t<\/div>\n\t\t\t\t<div class=\"elementor-element elementor-element-a0ebe16 elementor-widget elementor-widget-image\" data-id=\"a0ebe16\" data-element_type=\"widget\" data-widget_type=\"image.default\">\n\t\t\t\t<div class=\"elementor-widget-container\">\n\t\t\t\t\t\t\t\t\t\t\t\t\t\t\t<img decoding=\"async\" width=\"1920\" height=\"959\" src=\"https:\/\/treurer.com\/wp-content\/uploads\/Valldemossa-Coca-de-patatas.jpg\" class=\"attachment-large size-large wp-image-39487\" alt=\"Coca de patata de Valldemossa, Mallorca\" srcset=\"https:\/\/treurer.com\/wp-content\/uploads\/Valldemossa-Coca-de-patatas.jpg 1920w, https:\/\/treurer.com\/wp-content\/uploads\/Valldemossa-Coca-de-patatas-768x384.jpg 768w, https:\/\/treurer.com\/wp-content\/uploads\/Valldemossa-Coca-de-patatas-1536x767.jpg 1536w, https:\/\/treurer.com\/wp-content\/uploads\/Valldemossa-Coca-de-patatas-300x150.jpg 300w, https:\/\/treurer.com\/wp-content\/uploads\/Valldemossa-Coca-de-patatas-600x300.jpg 600w, https:\/\/treurer.com\/wp-content\/uploads\/Valldemossa-Coca-de-patatas-64x32.jpg 64w\" sizes=\"(max-width: 1920px) 100vw, 1920px\" title=\"\">\t\t\t\t\t\t\t\t\t\t\t\t\t\t\t<\/div>\n\t\t\t\t<\/div>\n\t\t\t\t<div class=\"elementor-element elementor-element-ab7d35a elementor-widget elementor-widget-text-editor\" data-id=\"ab7d35a\" data-element_type=\"widget\" data-widget_type=\"text-editor.default\">\n\t\t\t\t<div class=\"elementor-widget-container\">\n\t\t\t\t\t\t\t\t\t<h2><span class=\"ez-toc-section\" id=\"La_excelente_coca_de_patata_de_Valldemossa\"><\/span>La excelente coca de patata de Valldemossa<span class=\"ez-toc-section-end\"><\/span><\/h2><p>La <strong>coca de patata<\/strong> es uno de los dulces m\u00e1s emblem\u00e1ticos de <strong>Valldemossa<\/strong> y una aut\u00e9ntica delicia de la reposter\u00eda mallorquina. Suave, esponjosa y ligeramente dulce, es el acompa\u00f1amiento perfecto para un <strong>caf\u00e9 con leche<\/strong> o un <strong>chocolate caliente<\/strong>, especialmente en las terrazas del encantador pueblo de la <strong>Serra de Tramuntana<\/strong>.<\/p><h3><span class=\"ez-toc-section\" id=\"%C2%BFQue_es_la_coca_de_patata\"><\/span><strong>\u00bfQu\u00e9 es la coca de patata?<\/strong><span class=\"ez-toc-section-end\"><\/span><\/h3><p>Se trata de un <strong>bollito tierno y ligero<\/strong>, elaborado con <strong>patata cocida, harina, az\u00facar, manteca de cerdo y levadura<\/strong>. Su textura es tan esponjosa que se deshace en la boca y tiene un ligero toque dulce.<\/p><h3><span class=\"ez-toc-section\" id=\"Origen_y_tradicion_en_Valldemossa\"><\/span><strong>Origen y tradici\u00f3n en Valldemossa<\/strong><span class=\"ez-toc-section-end\"><\/span><\/h3><p>Aunque las <strong>coques dolces<\/strong> existen en toda Mallorca, la <strong>coca de patata<\/strong> es una especialidad \u00fanica de Valldemossa. Su origen exacto es incierto, pero se ha elaborado en el pueblo durante generaciones y es una parte esencial de su gastronom\u00eda.<\/p><p>Se sirve tradicionalmente en cafeter\u00edas y hornos de la zona, y es <strong>casi obligatoria<\/strong> para quienes visitan la localidad. <strong>La combinaci\u00f3n perfecta<\/strong> es acompa\u00f1arla con un vaso de <strong>horchata de almendra mallorquina<\/strong> o un chocolate caliente en invierno.<\/p><h3><span class=\"ez-toc-section\" id=\"%C2%BFComo_se_elabora_Receta_basica\"><\/span><strong>\u00bfC\u00f3mo se elabora?<\/strong> (Receta b\u00e1sica)<span class=\"ez-toc-section-end\"><\/span><\/h3><p>Ingredientes:<\/p><ul><li>100 g de <strong>patata cocida<\/strong><\/li><li>100 g de <strong>az\u00facar<\/strong><\/li><li>1 huevo<\/li><li>50 g de <strong>manteca de cerdo<\/strong> o mantequilla<\/li><li>250 g de <strong>harina de fuerza<\/strong><\/li><li>10 g de <strong>levadura fresca<\/strong><\/li><li>Una pizca de sal<\/li><li>Az\u00facar glas para espolvorear<\/li><\/ul><p>Proceso:<\/p><ol><li>Triturar la patata cocida hasta hacerla pur\u00e9.<\/li><li>Mezclar con el az\u00facar, el huevo y la manteca.<\/li><li>A\u00f1adir la levadura disuelta en un poco de agua tibia y luego la harina poco a poco.<\/li><li>Amasar hasta obtener una masa el\u00e1stica y dejar reposar hasta que doble su tama\u00f1o.<\/li><li>Formar bollitos y dejar que vuelvan a subir.<\/li><li>Hornear a <strong>170\u00b0C<\/strong> durante unos <strong>12-15 minutos<\/strong> hasta que est\u00e9n dorados.<\/li><li>Espolvorear con az\u00facar glas antes de servir.<\/li><\/ol><h3><span class=\"ez-toc-section\" id=\"%C2%BFDonde_probar_la_mejor_coca_de_patata_en_Valldemossa\"><\/span><strong>\u00bfD\u00f3nde probar la mejor coca de patata en Valldemossa?<\/strong><span class=\"ez-toc-section-end\"><\/span><\/h3><p>Las m\u00e1s famosas se encuentran en la <strong>Pasteler\u00eda Ca\u2019n Molinas<\/strong>, un establecimiento con m\u00e1s de 100 a\u00f1os de historia, donde se elaboran siguiendo la receta tradicional.<\/p>\t\t\t\t\t\t\t\t<\/div>\n\t\t\t\t<\/div>\n\t\t\t\t<div class=\"elementor-element elementor-element-ad79866 elementor-widget elementor-widget-video\" data-id=\"ad79866\" data-element_type=\"widget\" data-settings=\"{&quot;youtube_url&quot;:&quot;https:\\\/\\\/www.youtube.com\\\/watch?v=5CCRgFtWRKg&quot;,&quot;video_type&quot;:&quot;youtube&quot;,&quot;controls&quot;:&quot;yes&quot;}\" data-widget_type=\"video.default\">\n\t\t\t\t<div class=\"elementor-widget-container\">\n\t\t\t\t\t\t\t<div class=\"elementor-wrapper elementor-open-inline\">\n\t\t\t<div class=\"elementor-video\"><\/div>\t\t<\/div>\n\t\t\t\t\t\t<\/div>\n\t\t\t\t<\/div>\n\t\t\t\t<div class=\"elementor-element elementor-element-48dca8e elementor-widget elementor-widget-text-editor\" data-id=\"48dca8e\" data-element_type=\"widget\" data-widget_type=\"text-editor.default\">\n\t\t\t\t<div class=\"elementor-widget-container\">\n\t\t\t\t\t\t\t\t\t<h2><span class=\"ez-toc-section\" id=\"Valldemossa_preguntas_y_respuestas\"><\/span>Valldemossa, preguntas y respuestas<span class=\"ez-toc-section-end\"><\/span><\/h2><h3><span class=\"ez-toc-section\" id=\"%C2%BFPor_que_es_famosa_Valldemossa\"><\/span>\u00bfPor qu\u00e9 es famosa Valldemossa?<span class=\"ez-toc-section-end\"><\/span><\/h3><p>Valldemossa es conocida sobre todo por su hist\u00f3rica cartuja, donde vivieron Fr\u00e9d\u00e9ric Chopin y George Sand en el invierno de 1838\/39. Su impresionante ubicaci\u00f3n en la Serra de Tramuntana y sus preciosas casas tradicionales de piedra contribuyen a la reputaci\u00f3n de Valldemossa como uno de los pueblos m\u00e1s bonitos de Mallorca. Adem\u00e1s, Valldemossa es conocida por sus eventos culturales, como el Festival Chopin y la Fiesta de la Beata, as\u00ed como por sus delicias locales y su agradable clima.<\/p><h3><span class=\"ez-toc-section\" id=\"%C2%BFCuando_es_el_mercado_de_Valldemossa\"><\/span>\u00bfCu\u00e1ndo es el mercado de Valldemossa?<span class=\"ez-toc-section-end\"><\/span><\/h3><p>El mercado de Valldemossa se celebra todos los lunes y ofrece una amplia gama de productos frescos, especialidades locales y artesan\u00eda. Es una buena oportunidad para experimentar el ambiente local y entrar en contacto con los lugare\u00f1os.<\/p><h3><span class=\"ez-toc-section\" id=\"%C2%BFA_que_distancia_esta_Palma_de_Valldemossa\"><\/span>\u00bfA qu\u00e9 distancia est\u00e1 Palma de Valldemossa?<span class=\"ez-toc-section-end\"><\/span><\/h3><p>Palma, la capital de Mallorca, est\u00e1 a unos 20 kil\u00f3metros de Valldemossa. En coche es un trayecto corto y pintoresco que dura entre 20 y 30 minutos. Tambi\u00e9n se puede ir y volver c\u00f3modamente entre ambos lugares en transporte p\u00fablico.La conexi\u00f3n con el autob\u00fas es regular y fiable, por lo que los visitantes que no dispongan de veh\u00edculo propio pueden llegar f\u00e1cilmente a Valldemossa.<\/p><h3><span class=\"ez-toc-section\" id=\"%C2%BFQuien_vivia_en_Valldemossa\"><\/span>\u00bfQui\u00e9n viv\u00eda en Valldemossa?<span class=\"ez-toc-section-end\"><\/span><\/h3><p>Los habitantes m\u00e1s famosos de Valldemossa fueron el compositor Fr\u00e9d\u00e9ric Chopin y la escritora George Sand, que pasaron all\u00ed el invierno de 1838\/39. Su presencia ha dado al pueblo un significado cultural especial. Adem\u00e1s, muchos artistas y escritores eligieron Valldemossa como fuente de inspiraci\u00f3n y lugar de residencia, atra\u00eddos por la belleza y la tranquilidad del lugar.<\/p>\t\t\t\t\t\t\t\t<\/div>\n\t\t\t\t<\/div>\n\t\t\t\t\t<\/div>\n\t\t<\/div>\n\t\t\t\t\t<\/div>\n\t\t<\/section>\n\t\t\t\t<\/div>\n\t\t","protected":false},"excerpt":{"rendered":"<p>In Valldemossa you will not only find cultural treasures, but also the opportunity to try local specialties and participate in events that reflect traditional Mallorcan life.<\/p>\n","protected":false},"author":4,"featured_media":39491,"comment_status":"closed","ping_status":"closed","sticky":false,"template":"","format":"standard","meta":{"_acf_changed":false,"content-type":"","_joinchat":[],"footnotes":""},"categories":[74,314],"tags":[],"class_list":["post-39554","post","type-post","status-publish","format-standard","has-post-thumbnail","hentry","category-blog-olive-oil-culture","category-turismo-en"],"acf":[],"_links":{"self":[{"href":"https:\/\/treurer.com\/en\/wp-json\/wp\/v2\/posts\/39554","targetHints":{"allow":["GET"]}}],"collection":[{"href":"https:\/\/treurer.com\/en\/wp-json\/wp\/v2\/posts"}],"about":[{"href":"https:\/\/treurer.com\/en\/wp-json\/wp\/v2\/types\/post"}],"author":[{"embeddable":true,"href":"https:\/\/treurer.com\/en\/wp-json\/wp\/v2\/users\/4"}],"replies":[{"embeddable":true,"href":"https:\/\/treurer.com\/en\/wp-json\/wp\/v2\/comments?post=39554"}],"version-history":[{"count":2,"href":"https:\/\/treurer.com\/en\/wp-json\/wp\/v2\/posts\/39554\/revisions"}],"predecessor-version":[{"id":39557,"href":"https:\/\/treurer.com\/en\/wp-json\/wp\/v2\/posts\/39554\/revisions\/39557"}],"wp:featuredmedia":[{"embeddable":true,"href":"https:\/\/treurer.com\/en\/wp-json\/wp\/v2\/media\/39491"}],"wp:attachment":[{"href":"https:\/\/treurer.com\/en\/wp-json\/wp\/v2\/media?parent=39554"}],"wp:term":[{"taxonomy":"category","embeddable":true,"href":"https:\/\/treurer.com\/en\/wp-json\/wp\/v2\/categories?post=39554"},{"taxonomy":"post_tag","embeddable":true,"href":"https:\/\/treurer.com\/en\/wp-json\/wp\/v2\/tags?post=39554"}],"curies":[{"name":"wp","href":"https:\/\/api.w.org\/{rel}","templated":true}]}}