{"id":31059,"date":"2023-10-31T15:49:19","date_gmt":"2023-10-31T14:49:19","guid":{"rendered":"https:\/\/treurer.com\/?p=31059"},"modified":"2024-01-05T21:56:08","modified_gmt":"2024-01-05T20:56:08","slug":"mallorca-in-december","status":"publish","type":"post","link":"https:\/\/treurer.com\/en\/mallorca-in-december\/","title":{"rendered":"Discover the magic of Mallorca in December"},"content":{"rendered":"\t\t<div data-elementor-type=\"wp-post\" data-elementor-id=\"31059\" class=\"elementor elementor-31059 elementor-30908\" data-elementor-post-type=\"post\">\n\t\t\t\t\t\t<section class=\"elementor-section elementor-top-section elementor-element elementor-element-71cae1f elementor-section-boxed elementor-section-height-default elementor-section-height-default\" data-id=\"71cae1f\" data-element_type=\"section\">\n\t\t\t\t\t\t<div class=\"elementor-container elementor-column-gap-default\">\n\t\t\t\t\t<div class=\"elementor-column elementor-col-100 elementor-top-column elementor-element elementor-element-a75852d\" data-id=\"a75852d\" data-element_type=\"column\">\n\t\t\t<div class=\"elementor-widget-wrap elementor-element-populated\">\n\t\t\t\t\t\t<div class=\"elementor-element elementor-element-46df19c elementor-widget elementor-widget-text-editor\" data-id=\"46df19c\" data-element_type=\"widget\" data-widget_type=\"text-editor.default\">\n\t\t\t\t<div class=\"elementor-widget-container\">\n\t\t\t\t\t\t\t\t\t<p>If you have ever wished to spend the Christmas holidays in a unique environment, Mallorca in December is your answer.<\/p><p>In December, the island is transformed into a scene of contrasts that captures the dual essence of its identity. On the one hand, traditional villages immerse you in a Mallorcan-style Christmas, with local markets, centuries-old customs and a community atmosphere that will make you feel at home.<\/p><p>On the other hand, in the capital, Palma, things take a more cosmopolitan and international turn. Here you will find a mixture of traditions and festivities from all corners of the world and, with much emphasis, from Europe, bringing a global touch to the local atmosphere.<\/p><p>Between the traditional and the more international, December in Mallorca is a season where both worlds converge to offer you a truly enriching and diverse vacation experience. Get ready to experience Christmas like never before, in a place that masterfully balances the local and the global, the ancient and the modern.<\/p><div id=\"ez-toc-container\" class=\"ez-toc-v2_0_82_2 counter-hierarchy ez-toc-counter ez-toc-custom ez-toc-container-direction\">\n<div class=\"ez-toc-title-container\">\n<p class=\"ez-toc-title\" style=\"cursor:inherit\">Contenidos \/ Contents<\/p>\n<span class=\"ez-toc-title-toggle\"><\/span><\/div>\n<nav><ul class='ez-toc-list ez-toc-list-level-1 ' ><li class='ez-toc-page-1 ez-toc-heading-level-2'><a class=\"ez-toc-link ez-toc-heading-1\" href=\"https:\/\/treurer.com\/en\/mallorca-in-december\/#Mallorcas_weather_in_December\">Mallorca&#8217;s weather in December<\/a><ul class='ez-toc-list-level-3' ><li class='ez-toc-heading-level-3'><a class=\"ez-toc-link ez-toc-heading-2\" href=\"https:\/\/treurer.com\/en\/mallorca-in-december\/#Clear_skies_with_a_chance_of_rain\">Clear skies with a chance of rain.<\/a><\/li><li class='ez-toc-page-1 ez-toc-heading-level-3'><a class=\"ez-toc-link ez-toc-heading-3\" href=\"https:\/\/treurer.com\/en\/mallorca-in-december\/#Wind_and_Sea\">Wind and Sea<\/a><\/li><li class='ez-toc-page-1 ez-toc-heading-level-3'><a class=\"ez-toc-link ez-toc-heading-4\" href=\"https:\/\/treurer.com\/en\/mallorca-in-december\/#Snow_in_the_Tramuntana_Mountains\">Snow in the Tramuntana Mountains<\/a><\/li><li class='ez-toc-page-1 ez-toc-heading-level-3'><a class=\"ez-toc-link ez-toc-heading-5\" href=\"https:\/\/treurer.com\/en\/mallorca-in-december\/#Major_weather_parameters_in_Majorca_during_December\">Major weather parameters in Majorca during December<\/a><\/li><\/ul><\/li><li class='ez-toc-page-1 ez-toc-heading-level-2'><a class=\"ez-toc-link ez-toc-heading-6\" href=\"https:\/\/treurer.com\/en\/mallorca-in-december\/#Festivals_and_events\">Festivals and events<\/a><ul class='ez-toc-list-level-3' ><li class='ez-toc-heading-level-3'><a class=\"ez-toc-link ez-toc-heading-7\" href=\"https:\/\/treurer.com\/en\/mallorca-in-december\/#Svenska_Kyrkan_Swedish_Church_Christmas_market_in_Mallorca\">Svenska Kyrkan (Swedish Church) Christmas market in Mallorca<\/a><\/li><li class='ez-toc-page-1 ez-toc-heading-level-3'><a class=\"ez-toc-link ez-toc-heading-8\" href=\"https:\/\/treurer.com\/en\/mallorca-in-december\/#Moorish_influence\">Moorish influence<\/a><\/li><li class='ez-toc-page-1 ez-toc-heading-level-3'><a class=\"ez-toc-link ez-toc-heading-9\" href=\"https:\/\/treurer.com\/en\/mallorca-in-december\/#Development_over_the_years\">Development over the years<\/a><\/li><li class='ez-toc-page-1 ez-toc-heading-level-3'><a class=\"ez-toc-link ez-toc-heading-10\" href=\"https:\/\/treurer.com\/en\/mallorca-in-december\/#Mallorca_Christmas_markets_festive_spirit_and_unique_shopping\">Mallorca Christmas markets: festive spirit and unique shopping<\/a><\/li><li class='ez-toc-page-1 ez-toc-heading-level-3'><a class=\"ez-toc-link ez-toc-heading-11\" href=\"https:\/\/treurer.com\/en\/mallorca-in-december\/#Christmas_lights_switch-on\">Christmas lights switch-on<\/a><\/li><li class='ez-toc-page-1 ez-toc-heading-level-3'><a class=\"ez-toc-link ez-toc-heading-12\" href=\"https:\/\/treurer.com\/en\/mallorca-in-december\/#The_nativity_scene_route_in_Palma\">The nativity scene route in Palma<\/a><\/li><li class='ez-toc-page-1 ez-toc-heading-level-3'><a class=\"ez-toc-link ez-toc-heading-13\" href=\"https:\/\/treurer.com\/en\/mallorca-in-december\/#The_singing_of_the_Sibil-la_on_December_24th\">The singing of the Sibil-la on December 24th<\/a><\/li><\/ul><\/li><li class='ez-toc-page-1 ez-toc-heading-level-2'><a class=\"ez-toc-link ez-toc-heading-14\" href=\"https:\/\/treurer.com\/en\/mallorca-in-december\/#The_German_community_and_the_Christmas_mass_in_the_Cathedral_of_Palma\">The German community and the Christmas mass in the Cathedral of Palma<\/a><ul class='ez-toc-list-level-3' ><li class='ez-toc-heading-level-3'><a class=\"ez-toc-link ez-toc-heading-15\" href=\"https:\/\/treurer.com\/en\/mallorca-in-december\/#The_largest_German-speaking_event_abroad\">The largest German-speaking event abroad<\/a><\/li><li class='ez-toc-page-1 ez-toc-heading-level-3'><a class=\"ez-toc-link ez-toc-heading-16\" href=\"https:\/\/treurer.com\/en\/mallorca-in-december\/#A_bond_between_communities\">A bond between communities<\/a><\/li><\/ul><\/li><li class='ez-toc-page-1 ez-toc-heading-level-2'><a class=\"ez-toc-link ez-toc-heading-17\" href=\"https:\/\/treurer.com\/en\/mallorca-in-december\/#December_gastronomy_in_Mallorca\">December gastronomy in Mallorca<\/a><ul class='ez-toc-list-level-3' ><li class='ez-toc-heading-level-3'><a class=\"ez-toc-link ez-toc-heading-18\" href=\"https:\/\/treurer.com\/en\/mallorca-in-december\/#Typical_dishes_of_the_season\">Typical dishes of the season<\/a><\/li><\/ul><\/li><li class='ez-toc-page-1 ez-toc-heading-level-2'><a class=\"ez-toc-link ez-toc-heading-19\" href=\"https:\/\/treurer.com\/en\/mallorca-in-december\/#Why_visiting_Mallorca_in_December_is_an_excellent_idea\">Why visiting Mallorca in December is an excellent idea?<\/a><\/li><\/ul><\/nav><\/div>\n<h2><span class=\"ez-toc-section\" id=\"Mallorcas_weather_in_December\"><\/span><a name=\"_Toc147943680\"><\/a>Mallorca&#8217;s weather in December<span class=\"ez-toc-section-end\"><\/span><\/h2><p>Mallorca&#8217;s weather in December is a mix of winter coolness and mild days, making it an excellent time to explore the island away from the overwhelming summer heat and tourist crowds. Temperatures range from 8\u00b0C at night to 16\u00b0C during the day, allowing you to enjoy outdoor activities without feeling the summer swelter.<\/p><h3><span class=\"ez-toc-section\" id=\"Clear_skies_with_a_chance_of_rain\"><\/span><a name=\"_Toc147943681\"><\/a>Clear skies with a chance of rain.<span class=\"ez-toc-section-end\"><\/span><\/h3><p>December can surprise with clear skies and bright sunshine, especially during the first half of the month. However, it is a time when rainfall is more frequent compared to the summer months. A good raincoat or umbrella is essential if you plan to do some sightseeing on the island.<\/p><h3><span class=\"ez-toc-section\" id=\"Wind_and_Sea\"><\/span><a name=\"_Toc147943682\"><\/a>Wind and Sea<span class=\"ez-toc-section-end\"><\/span><\/h3><p>While the sea can be a bit chilly for swimming, the coast is still an incredible place to walk. The sea breezes are cooler this time of year, and the wind can be stronger in certain areas, especially in the northern part of the island.<\/p><h3><span class=\"ez-toc-section\" id=\"Snow_in_the_Tramuntana_Mountains\"><\/span><a name=\"_Toc147943683\"><\/a>Snow in the Tramuntana Mountains<span class=\"ez-toc-section-end\"><\/span><\/h3><p>For those interested in more wintry landscapes, the Serra de Tramuntana can offer a unique experience, as the mountain tops are sometimes covered with snow. This provides opportunities for winter hiking and landscape photography.<\/p><p>In short, Mallorca&#8217;s December weather is versatile and offers something for everyone. From clear skies to the possibility of rain and snowy landscapes in the mountains, the island presents a wide range of weather experiences that complement the rich cultural diversity experienced during the Christmas festivities.<\/p>\t\t\t\t\t\t\t\t<\/div>\n\t\t\t\t<\/div>\n\t\t\t\t\t<\/div>\n\t\t<\/div>\n\t\t\t\t\t<\/div>\n\t\t<\/section>\n\t\t\t\t<section class=\"elementor-section elementor-top-section elementor-element elementor-element-a681ca9 elementor-section-boxed elementor-section-height-default elementor-section-height-default\" data-id=\"a681ca9\" data-element_type=\"section\">\n\t\t\t\t\t\t<div class=\"elementor-container elementor-column-gap-default\">\n\t\t\t\t\t<div class=\"elementor-column elementor-col-100 elementor-top-column elementor-element elementor-element-5c97b52\" data-id=\"5c97b52\" data-element_type=\"column\">\n\t\t\t<div class=\"elementor-widget-wrap elementor-element-populated\">\n\t\t\t\t\t\t<div class=\"elementor-element elementor-element-eb0e063 elementor-widget elementor-widget-image\" data-id=\"eb0e063\" data-element_type=\"widget\" data-widget_type=\"image.default\">\n\t\t\t\t<div class=\"elementor-widget-container\">\n\t\t\t\t\t\t\t\t\t\t\t\t\t\t\t<img loading=\"lazy\" decoding=\"async\" width=\"1920\" height=\"1279\" src=\"https:\/\/treurer.com\/wp-content\/uploads\/Mallorca-en-diciembre.jpg\" class=\"attachment-large size-large wp-image-30938\" alt=\"Mallorca en diciembre\" srcset=\"https:\/\/treurer.com\/wp-content\/uploads\/Mallorca-en-diciembre.jpg 1920w, https:\/\/treurer.com\/wp-content\/uploads\/Mallorca-en-diciembre-768x512.jpg 768w, https:\/\/treurer.com\/wp-content\/uploads\/Mallorca-en-diciembre-1536x1023.jpg 1536w, https:\/\/treurer.com\/wp-content\/uploads\/Mallorca-en-diciembre-300x200.jpg 300w, https:\/\/treurer.com\/wp-content\/uploads\/Mallorca-en-diciembre-600x400.jpg 600w, https:\/\/treurer.com\/wp-content\/uploads\/Mallorca-en-diciembre-64x43.jpg 64w\" sizes=\"(max-width: 1920px) 100vw, 1920px\" title=\"\">\t\t\t\t\t\t\t\t\t\t\t\t\t\t\t<\/div>\n\t\t\t\t<\/div>\n\t\t\t\t\t<\/div>\n\t\t<\/div>\n\t\t\t\t\t<\/div>\n\t\t<\/section>\n\t\t\t\t<section class=\"elementor-section elementor-top-section elementor-element elementor-element-c952818 elementor-section-boxed elementor-section-height-default elementor-section-height-default\" data-id=\"c952818\" data-element_type=\"section\">\n\t\t\t\t\t\t<div class=\"elementor-container elementor-column-gap-default\">\n\t\t\t\t\t<div class=\"elementor-column elementor-col-100 elementor-top-column elementor-element elementor-element-1afd65b\" data-id=\"1afd65b\" data-element_type=\"column\">\n\t\t\t<div class=\"elementor-widget-wrap elementor-element-populated\">\n\t\t\t\t\t\t<div class=\"elementor-element elementor-element-4f1a193 elementor-widget elementor-widget-text-editor\" data-id=\"4f1a193\" data-element_type=\"widget\" data-widget_type=\"text-editor.default\">\n\t\t\t\t<div class=\"elementor-widget-container\">\n\t\t\t\t\t\t\t\t\t<h3><span class=\"ez-toc-section\" id=\"Major_weather_parameters_in_Majorca_during_December\"><\/span><a name=\"_Toc147943684\"><\/a>Major weather parameters in Majorca during December<span class=\"ez-toc-section-end\"><\/span><\/h3><p>Here are the main weather parameters that you could expect in Majorca during December:<\/p><p><strong>Temperatures<\/strong><\/p><ul><li><strong>Average maximum temperature:<\/strong> Approximately <strong>16\u00b0C<\/strong><\/li><li><strong>Average minimum temperature:<\/strong> Approximately <strong>8\u00b0C<\/strong><\/li><\/ul><p><strong>Precipitation<\/strong><\/p><ul><li><strong>Days with precipitation:<\/strong>About <strong>9-11 days<\/strong> in the month<\/li><li><strong>Total precipitation:<\/strong> Approximately <strong>40-50 mm<\/strong><\/li><\/ul><p><strong>Sunshine hours<\/strong><\/p><ul><li><strong>Daylight hours:<\/strong> About <strong>10 hours<\/strong><\/li><li><strong>Effective sunshine hours:<\/strong> Approximately <strong>5 hours<\/strong> per day<\/li><\/ul><p><strong>Humidity<\/strong><\/p><ul><li><strong>Average relative humidity:<\/strong>About <strong>70-75%<\/strong><\/li><\/ul><p><strong>Wind<\/strong><\/p><ul><li><strong>Average wind speed:<\/strong> <strong>10-15 km\/h<\/strong><\/li><li><strong>Predominant wind direction:<\/strong>From the northwest<\/li><\/ul><p><strong>Sea<\/strong><\/p><ul><li><strong>Water temperature:<\/strong> Approximately between <strong>14-16\u00b0C<\/strong><\/li><\/ul><p>These are averages and may vary from year to year due to specific conditions such as weather cycles, weather phenomena and other factors. It is always a good idea to check weather forecasts before your trip to make more accurate plans.<\/p><h2><span class=\"ez-toc-section\" id=\"Festivals_and_events\"><\/span><a name=\"_Toc147943685\"><\/a>Festivals and events<span class=\"ez-toc-section-end\"><\/span><\/h2><p>December in Mallorca is a month full of festivities and celebrations. From Christmas markets to festivals of lights, there is something for everyone.<\/p><p>Here are some of the highlights, you can also explore Christmas-specific options in our article <a href=\"https:\/\/treurer.com\/blog-cultura-oleica\/que-hacer-en-mallorca-en-navidad\/\">Top 10 things to do in Mallorca during Christmas<\/a>.<\/p><h3><span class=\"ez-toc-section\" id=\"Svenska_Kyrkan_Swedish_Church_Christmas_market_in_Mallorca\"><\/span><a name=\"_Toc147943686\"><\/a>Svenska Kyrkan (Swedish Church) Christmas market in Mallorca<span class=\"ez-toc-section-end\"><\/span><\/h3><p>Every year, the Svenska Kyrkan (Swedish Church) organizes a Christmas market in Mallorca that has become a much-anticipated tradition for both the <strong>Swedish community residing on the island<\/strong> and visitors.<\/p><p>The event offers a unique sample of Swedish culture, and is a perfect place to find unique Christmas gifts and typical Swedish products. In this article we explain at greater length everything that makes <a href=\"https:\/\/treurer.com\/blog-cultura-oleica\/bazar-navideno-de-la-iglesia-sueca-mallorca\/\">reference to the Swedish Christmas market<\/a>.<\/p><p><strong>What you can find<\/strong><\/p><ul><li><strong>Swedish handicrafts<\/strong>: From Nordic-style Christmas decorations to textiles and jewelry, the market offers a wide range of Swedish handicrafts.<\/li><li><strong>Gastronomy<\/strong>: You can&#8217;t miss the opportunity to try the delicious Swedish cakes and cookies, as well as the traditional &#8220;pepparkakor&#8221; (gingerbread cookies) and the <a href=\"https:\/\/elpais.com\/gastronomia\/recetas\/2019\/01\/22\/receta\/1548192120_583979.html\" target=\"_blank\" rel=\"noopener\">gl\u00f6gg, the hot and spicy Swedish wine<\/a>.<\/li><li><strong>Children&#8217;s activities<\/strong>: This is a family event, so it is not uncommon to find activities and games for the little ones.<\/li><\/ul><p><strong>Where and when<\/strong>.<\/p><p>Normally, the flea market is organized at the <a href=\"https:\/\/www.google.com\/maps\/place\/Iglesia+Suedesa+de+Mallorca\/@39.557889,2.6236995,15z\/data=!4m6!3m5!1s0x1297920b7e3c6a2b:0x2019703ff4c6405c!8m2!3d39.557889!4d2.6236995!16s%2Fg%2F12qfq3n4q?entry=ttu\" target=\"_blank\" rel=\"noopener\"> Svenska Kyrkan facilities<\/a> in Palma. The date is usually at the end of November or in the first days of December, but it is advisable to check their website or social networks to confirm the exact details each year.<\/p><p><strong>How to participate<\/strong><\/p><ul><li><strong>Location<\/strong>: The flea market is located in an accessible location, making it easily accessible by both car and public transport.<\/li><li><strong>Admission<\/strong>: Admission is generally free, although sometimes a small donation for a charitable cause is requested.<\/li><\/ul><p>This flea market is not only an opportunity to do some Christmas shopping, but also a great way to experience a mix of cultures and traditions in a festive atmosphere. Don&#8217;t miss it if you find yourself in Mallorca in December.<\/p>\t\t\t\t\t\t\t\t<\/div>\n\t\t\t\t<\/div>\n\t\t\t\t\t<\/div>\n\t\t<\/div>\n\t\t\t\t\t<\/div>\n\t\t<\/section>\n\t\t\t\t<section class=\"elementor-section elementor-top-section elementor-element elementor-element-7c3edd9 elementor-section-boxed elementor-section-height-default elementor-section-height-default\" data-id=\"7c3edd9\" data-element_type=\"section\">\n\t\t\t\t\t\t<div class=\"elementor-container elementor-column-gap-default\">\n\t\t\t\t\t<div class=\"elementor-column elementor-col-100 elementor-top-column elementor-element elementor-element-0761708\" data-id=\"0761708\" data-element_type=\"column\">\n\t\t\t<div class=\"elementor-widget-wrap elementor-element-populated\">\n\t\t\t\t\t\t<div class=\"elementor-element elementor-element-22c215e elementor-widget elementor-widget-image\" data-id=\"22c215e\" data-element_type=\"widget\" data-widget_type=\"image.default\">\n\t\t\t\t<div class=\"elementor-widget-container\">\n\t\t\t\t\t\t\t\t\t\t\t\t\t\t\t<img loading=\"lazy\" decoding=\"async\" width=\"1920\" height=\"1155\" src=\"https:\/\/treurer.com\/wp-content\/uploads\/Valldemossa-Mallorca-diciembre.jpg\" class=\"attachment-large size-large wp-image-30942\" alt=\"Valldemossa, Mallorca, en diciembre\" srcset=\"https:\/\/treurer.com\/wp-content\/uploads\/Valldemossa-Mallorca-diciembre.jpg 1920w, https:\/\/treurer.com\/wp-content\/uploads\/Valldemossa-Mallorca-diciembre-768x462.jpg 768w, https:\/\/treurer.com\/wp-content\/uploads\/Valldemossa-Mallorca-diciembre-1536x924.jpg 1536w, https:\/\/treurer.com\/wp-content\/uploads\/Valldemossa-Mallorca-diciembre-300x180.jpg 300w, https:\/\/treurer.com\/wp-content\/uploads\/Valldemossa-Mallorca-diciembre-600x361.jpg 600w, https:\/\/treurer.com\/wp-content\/uploads\/Valldemossa-Mallorca-diciembre-64x39.jpg 64w\" sizes=\"(max-width: 1920px) 100vw, 1920px\" title=\"\">\t\t\t\t\t\t\t\t\t\t\t\t\t\t\t<\/div>\n\t\t\t\t<\/div>\n\t\t\t\t\t<\/div>\n\t\t<\/div>\n\t\t\t\t\t<\/div>\n\t\t<\/section>\n\t\t\t\t<section class=\"elementor-section elementor-top-section elementor-element elementor-element-36b24998 elementor-section-boxed elementor-section-height-default elementor-section-height-default\" data-id=\"36b24998\" data-element_type=\"section\">\n\t\t\t\t\t\t<div class=\"elementor-container elementor-column-gap-default\">\n\t\t\t\t\t<div class=\"elementor-column elementor-col-100 elementor-top-column elementor-element elementor-element-563d7679\" data-id=\"563d7679\" data-element_type=\"column\">\n\t\t\t<div class=\"elementor-widget-wrap elementor-element-populated\">\n\t\t\t\t\t\t<div class=\"elementor-element elementor-element-25b75055 elementor-cta--layout-image-right elementor-cta--mobile-layout-image-above elementor-cta--skin-classic elementor-animated-content elementor-bg-transform elementor-bg-transform-zoom-in elementor-widget elementor-widget-call-to-action\" data-id=\"25b75055\" data-element_type=\"widget\" data-widget_type=\"call-to-action.default\">\n\t\t\t\t<div class=\"elementor-widget-container\">\n\t\t\t\t\t\t\t<a class=\"elementor-cta\" href=\"https:\/\/treurer.com\/tienda\">\n\t\t\t\t\t<div class=\"elementor-cta__bg-wrapper\">\n\t\t\t\t<div class=\"elementor-cta__bg elementor-bg\" style=\"background-image: url(https:\/\/treurer.com\/wp-content\/uploads\/Bodego.jpg);\" role=\"img\" aria-label=\"still life of oil and bread\"><\/div>\n\t\t\t\t<div class=\"elementor-cta__bg-overlay\"><\/div>\n\t\t\t<\/div>\n\t\t\t\t\t\t\t<div class=\"elementor-cta__content\">\n\t\t\t\t\n\t\t\t\t\t\t\t\t\t<span class=\"elementor-cta__title elementor-cta__content-item elementor-content-item\">\n\t\t\t\t\t\tCU\u00cdDATE. \t\t\t\t\t<\/span>\n\t\t\t\t\n\t\t\t\t\t\t\t\t\t<div class=\"elementor-cta__description elementor-cta__content-item elementor-content-item\">\n\t\t\t\t\t\tEl aceite de oliva virgen extra es la pieza m\u00e1s importante de la dieta mediterr\u00e1nea.\n<br>\n<br>\nAceite de oliva rigen extra Treurer es un aceite equilibrado, producido con esmero en una peque\u00f1a finca en Mallorca. Extra\u00eddo en fr\u00edo y envasado seg\u00fan demanda para que conserve todas las cualidades intactas al llegar a tu casa.\n<br>\n<br>\t\t\t\t\t<\/div>\n\t\t\t\t\n\t\t\t\t\t\t\t\t\t<div class=\"elementor-cta__button-wrapper elementor-cta__content-item elementor-content-item \">\n\t\t\t\t\t<span class=\"elementor-cta__button elementor-button elementor-size-\">\n\t\t\t\t\t\tEMPIEZA HOY MISMO\t\t\t\t\t<\/span>\n\t\t\t\t\t<\/div>\n\t\t\t\t\t\t\t<\/div>\n\t\t\t\t\t\t<\/a>\n\t\t\t\t\t\t<\/div>\n\t\t\t\t<\/div>\n\t\t\t\t\t<\/div>\n\t\t<\/div>\n\t\t\t\t\t<\/div>\n\t\t<\/section>\n\t\t\t\t<section class=\"elementor-section elementor-top-section elementor-element elementor-element-e4d4817 elementor-section-boxed elementor-section-height-default elementor-section-height-default\" data-id=\"e4d4817\" data-element_type=\"section\">\n\t\t\t\t\t\t<div class=\"elementor-container elementor-column-gap-default\">\n\t\t\t\t\t<div class=\"elementor-column elementor-col-100 elementor-top-column elementor-element elementor-element-c2054d1\" data-id=\"c2054d1\" data-element_type=\"column\">\n\t\t\t<div class=\"elementor-widget-wrap elementor-element-populated\">\n\t\t\t\t\t\t<div class=\"elementor-element elementor-element-66c6b22 elementor-widget elementor-widget-text-editor\" data-id=\"66c6b22\" data-element_type=\"widget\" data-widget_type=\"text-editor.default\">\n\t\t\t\t<div class=\"elementor-widget-container\">\n\t\t\t\t\t\t\t\t\t<h3><span class=\"ez-toc-section\" id=\"Moorish_influence\"><\/span>Moorish influence<span class=\"ez-toc-section-end\"><\/span><\/h3><p>One of the most interesting and least known stages in the history of Dei\u00e0 is the Moorish influence on its culture and architecture. After the Muslim conquest of the island in the 10th century, the area of Dei\u00e0 became an important agricultural center under Islamic rule.<\/p><p>Advanced irrigation techniques were introduced, and the architecture of the town reflects the influences of this period to this day, as can be seen in the ancient stone buildings and the design of its narrow streets. Although the Muslim presence on the island ended in the 13th century with the Aragonese conquest, their legacy remains a fascinating part of Dei\u00e0&#8217;s cultural heritage.<\/p><h3><span class=\"ez-toc-section\" id=\"Development_over_the_years\"><\/span>Development over the years<span class=\"ez-toc-section-end\"><\/span><\/h3><p>The development of Dei\u00e0 experienced a remarkable growth during the Middle Ages, especially with the conquest of Mallorca by the Kingdom of Aragon in 1229. Over the centuries, the town went through different stages of agricultural and fishing development, becoming a modest but prosperous commercial and fishing center.<\/p><p>During the 18th and 19th centuries, Dei\u00e0 began to receive its first illustrious visitors, such as artists and writers who were captivated by its beauty and tranquility. This was the beginning of the town&#8217;s relationship with the artistic and cultural community, which would be strengthened in later years.<\/p>\t\t\t\t\t\t\t\t<\/div>\n\t\t\t\t<\/div>\n\t\t\t\t\t<\/div>\n\t\t<\/div>\n\t\t\t\t\t<\/div>\n\t\t<\/section>\n\t\t\t\t<section class=\"elementor-section elementor-top-section elementor-element elementor-element-d761fb2 elementor-section-boxed elementor-section-height-default elementor-section-height-default\" data-id=\"d761fb2\" data-element_type=\"section\">\n\t\t\t\t\t\t<div class=\"elementor-container elementor-column-gap-default\">\n\t\t\t\t\t<div class=\"elementor-column elementor-col-100 elementor-top-column elementor-element elementor-element-e897b2d\" data-id=\"e897b2d\" data-element_type=\"column\">\n\t\t\t<div class=\"elementor-widget-wrap elementor-element-populated\">\n\t\t\t\t\t\t<div class=\"elementor-element elementor-element-cf5a675 elementor-widget elementor-widget-text-editor\" data-id=\"cf5a675\" data-element_type=\"widget\" data-widget_type=\"text-editor.default\">\n\t\t\t\t<div class=\"elementor-widget-container\">\n\t\t\t\t\t\t\t\t\t<h3><span class=\"ez-toc-section\" id=\"Mallorca_Christmas_markets_festive_spirit_and_unique_shopping\"><\/span>Mallorca Christmas markets: festive spirit and unique shopping<span class=\"ez-toc-section-end\"><\/span><\/h3>\n<p>This is an event not to be missed if you are in the capital. The squares and streets are filled with stalls offering all kinds of Christmas products, from decorations to typical food.<\/p>\n<p><strong>Plaza Mayor and Ramblas in Palma<\/strong>.<\/p>\n<p>In Palma&#8217;s <strong>Plaza Mayor<\/strong> you will find a variety of decorative objects and gifts for Christmas. The markets continue on La Rambla and around Plaza Espa\u00f1a, where churro stalls and artisan products await you.<\/p>\n<p><strong>Pueblo espa\u00f1ol in Palma<\/strong>.<\/p>\n<p>This setting located in the Son Espa\u00f1ol area of Palma becomes a winter wonderland during Christmas. <strong>Pueblo Espa\u00f1ol<\/strong> offers a wide range of gift, food and drink stalls, plus special appearances by Santa Claus. And best of all, the venue has free parking.<\/p>\n<p><strong>Puerto Portals, in Calvi\u00e0<\/strong>.<\/p>\n<p>The <strong>Christmas Market<\/strong> in Puerto Portals is a melting pot of traditions and flavors. This market, now in its eighth edition, offers everything from gift ideas to a diversity of culinary proposals that include traditional Christmas specialties and international dishes such as &#8220;Kartoffelsalat&#8221; or &#8220;Lebkuchen&#8221;. The cozy atmosphere is accentuated by lights, Christmas music and children&#8217;s activities ranging from workshops to facepainting. Also, don&#8217;t miss the famous skating rink!<\/p>\n<h3><span class=\"ez-toc-section\" id=\"Christmas_lights_switch-on\"><\/span>Christmas lights switch-on<span class=\"ez-toc-section-end\"><\/span><\/h3>\n<p>This event turns the city into a real spectacle of lights and colors.<\/p>\n<p>The Christmas lights switch-on is one of the most anticipated events of the year and officially marks the beginning of the Christmas season in many cities and towns.<\/p>\n<p>Typically, the lighting of the lights takes place during a special event that may include live performances, music, and often some kind of show or presentation. The streets are filled with color and Christmas decorations light up the island, giving a very festive atmosphere that lasts until the New Year.<\/p>\n<p>In Palma, the capital of Mallorca, the lights are usually switched on at the end of November (although, exceptionally, in 2022 it was brought forward by a week having suffered two years of pandemic restrictions), during an event that attracts thousands of people to the city center.<\/p>\n<p>Some of the most popular areas that are usually decorated with Christmas lights:<\/p>\n<ol>\n<li><strong>Paseo del Borne<\/strong>: This is one of the most important avenues in Palma and usually features one of the most impressive decorations.<\/li>\n<li><strong>La Rambla<\/strong>: Another of the city&#8217;s best-known promenades, it is filled with lights and often hosts Christmas markets.<\/li>\n<li><strong>Plaza Mayor<\/strong>: This is the heart of the city and becomes a hub for Christmas activities, including a large illuminated Christmas tree.<\/li>\n<li><strong>Calle San Miguel and Calle Col\u00f3n<\/strong>: These are popular shopping streets that are also often decorated in a festive manner.<\/li>\n<li><strong>Avenida Jaume III<\/strong>: One of the main commercial arteries of the city, it is decorated with Christmas lights and often has activities for children.<\/li>\n<li><strong>Plaza de Cort<\/strong>: Known for its centuries-old olive tree, this square is also decked out with Christmas lights and decorations.<\/li>\n<li><strong>Puerto de Palma<\/strong>: The port area is also decorated, and the lights reflected in the water create a spectacular effect.<\/li>\n<li><strong>Puerto Portals<\/strong>: This luxurious marina often has its own &#8220;Christmas Market&#8221; and is decorated impressively.<\/li>\n<\/ol>\n<p>In other towns on the island, such as Alc\u00fadia, Pollen\u00e7a, or S\u00f3ller, the main squares and streets are also often decorated, although on a smaller scale compared to Palma.<\/p>\n<p><strong>Saint Stephen&#8217;s Day<\/strong> (December 26): This is a public holiday in all Catalan-speaking areas and some other Spanish communities. In Mallorca, it is a very important day, being celebrated by many families with.<\/p>\n<p><strong>New Year&#8217;s Eve<\/strong>: As in many other parts of the world, New Year&#8217;s Eve is celebrated with fireworks, music and dancing in public squares.<\/p>\n<p>With so many options available, the hardest part will be deciding what to do. Regardless of your choices, December in Mallorca will offer you an unforgettable festive experience.<\/p>\n<h3><span class=\"ez-toc-section\" id=\"The_nativity_scene_route_in_Palma\"><\/span>The nativity scene route in Palma<span class=\"ez-toc-section-end\"><\/span><\/h3>\n<p>This tradition consists of visiting a series of cribs or nativity scenes that have been elaborated with great detail and affection. Visiting nativity scenes in Palma de Mallorca is one of the most popular activities during the Christmas season on the island and is usually done with the whole family.<\/p>\n<p><strong>What is a Nativity Scene?<\/strong>?<\/p>\n<p>For readers not used to this tradition, we will say that a nativity scene is an artistic representation of the scene of the birth of Jesus Christ.<\/p>\n<p>This tradition is especially popular in countries with a Christian tradition and takes place mainly during the Christmas season.<\/p>\n<p>The nativity scene is generally composed of figures representing the Virgin Mary, St. Joseph, Baby Jesus, the Magi, shepherds, angels and various animals, such as sheep and donkeys. These figures are placed in a setting that recreates the nativity scene, which could be a stable or a cave, and often includes elements such as mountains, rivers, trees and buildings.<\/p>\n<p>The purpose of the nativity scene is to recreate the setting and events related to the birth of Jesus as recounted in the Gospels of the Bible, particularly those of Matthew and Luke. Nativity scenes can vary in size and complexity, from small representations in the home to large installations in churches, public squares and other community spaces.<\/p>\n<p>The word &#8220;crib&#8221; comes from the Hebrew &#8220;Bethlehem&#8221;, which is the city where, according to Christian tradition, Jesus was born. In different countries and cultures, the nativity scene may be called by other names such as &#8220;nacimiento&#8221;, &#8220;pesebre&#8221; or &#8220;cr\u00e8che&#8221;.<\/p>\n<p>In Spain, nativity scenes are present in almost every home, especially if there are children. Tradition dictates that figures representing the Magi (kings who worshipped the born Christ) be placed in the crib and moved a little each day, bringing them closer to the nativity scene, until January 6, the day on which children and adults open their gifts.<\/p>\n<p>The tradition of setting up a nativity scene during Christmas is commonly attributed to St. Francis of Assisi, who in 1223 created the first representation of the birth of Jesus with live people and animals in Greccio, Italy. Since then, the custom has spread around the world and has taken on different forms and styles, becoming one of the most beloved artistic and religious expressions of the Christmas season.<\/p>\n<p><strong>The route of nativity scenes in Palma de Mallorca<\/strong>.<\/p>\n<p>The nativity scenes are installed in both public and private places, and the entrance of almost all of them is free. Here we mention you some of the most outstanding places where you can enjoy them:<\/p>\n<ol>\n<li style=\"list-style-type: none;\">\n<ol>\n<li><b>Cathedral of Palma (La Seu).<\/b>&nbsp;A traditional nativity scene is set up in the Cathedral, being one of the most visited due to the magnificent setting in which it is located.<\/li>\n<li><b>Misericordia Cultural Center. <\/b>Made with figures of the most authentic Mallorcan tradition, it represents, in addition to the birth of the baby Jesus, scenes of the popular life of the Mallorcans, especially in the rural world.<\/li>\n<li style=\"font-size: 18px;\">&nbsp;<span style=\"background-color: transparent; color: var( --e-global-color-text ); font-family: var( --e-global-typography-text-font-family ), Sans-serif;\"><b>Neapolitan Nativity scene of Sant Antoniet.<\/b><\/span><strong style=\"background-color: transparent; color: var( --e-global-color-text ); font-family: var( --e-global-typography-text-font-family ), Sans-serif;\">&nbsp;<\/strong><span style=\"background-color: transparent; color: var( --e-global-color-text ); font-family: var( --e-global-typography-text-font-family ), Sans-serif; font-weight: var( --e-global-typography-text-font-weight );\">Located in the Cloister of BBVA, in Sant Miquel street, the peculiarity of this nativity scene is that it was made following the Neapolitan aesthetic, with large figures and rich in costumes and details.<\/span><\/li>\n<li><b>Belen of the shopping center C&amp;A.<\/b> Located in the side street to the shopping center, Sant Jaume or San Jaime street, 2.<\/li>\n<li><strong><strong>Bel\u00e9n of the Barcel\u00f3 Foundation.<\/strong> <\/strong>If you visit the previous one, you can see a second one in a few steps. Located at Sant Jaume or San Jaime, 4 is the nativity scene of the Barcel\u00f3 Foundation.<\/li>\n<li><span style=\"background-color: transparent; color: var( --e-global-color-text ); font-family: var( --e-global-typography-text-font-family ), Sans-serif;\"><strong style=\"font-weight: bold;\"><strong>Sa Nostra Nativity Scene.<\/strong> <\/strong>Located at Carrer de la Concepci\u00f3, 12.<\/span><\/li>\n<li><span style=\"background-color: transparent; color: var( --e-global-color-text ); font-family: var( --e-global-typography-text-font-family ), Sans-serif;\"><strong style=\"font-weight: bold;\"><strong>Santa Catalina Market<\/strong>.<\/strong> It is made by the nativity scene makers belonging to the Asociaci\u00f3n Belenistas de Mallorca and can be visited between 9:00 a.m. and 9:00 p.m. every Christmas.<\/span><\/li>\n<li><strong style=\"background-color: transparent; color: var( --e-global-color-text ); font-family: var( --e-global-typography-text-font-family ), Sans-serif;\">Centro comercial el Corte Ingl\u00e9s<\/strong><span style=\"background-color: transparent; color: var( --e-global-color-text ); font-family: var( --e-global-typography-text-font-family ), Sans-serif; font-weight: var( --e-global-typography-text-font-weight );\">. Bethlehem of 60 square meters, located inside the mall, made by the Association of Nativity Scenes of the Balearic Francesc Rossell\u00f3.<\/span><\/li>\n<li><strong style=\"background-color: transparent; color: var( --e-global-color-text ); font-family: var( --e-global-typography-text-font-family ), Sans-serif;\"><strong>Palma City Hall<\/strong>: <\/strong><span style=\"background-color: transparent; color: var( --e-global-color-text ); font-family: var( --e-global-typography-text-font-family ), Sans-serif;\">Located in the Plaza de Cort, the City Hall usually hosts a very large and elaborate nativity scene that attracts locals and tourists alike.<\/span><\/li>\n<li><strong style=\"background-color: transparent; color: var( --e-global-color-text ); font-family: var( --e-global-typography-text-font-family ), Sans-serif;\">Churches and parishes<\/strong><span style=\"background-color: transparent; color: var( --e-global-color-text ); font-family: var( --e-global-typography-text-font-family ), Sans-serif; font-weight: var( --e-global-typography-text-font-weight );\">: Churches around Palma, such as the Basilica of Sant Francesc or the church of Santa Eulalia, often have their own nativity scenes that are worth a visit.<\/span><\/li>\n<li><strong style=\"background-color: transparent; color: var( --e-global-color-text ); font-family: var( --e-global-typography-text-font-family ), Sans-serif;\">Christmas markets<\/strong><span style=\"background-color: transparent; color: var( --e-global-color-text ); font-family: var( --e-global-typography-text-font-family ), Sans-serif; font-weight: var( --e-global-typography-text-font-weight );\">: In markets such as Puerto Portals or Pueblo Espa\u00f1ol, apart from Christmas shopping, there are usually nativity scenes that can be visited.<\/span><\/li>\n<li><strong style=\"background-color: transparent; color: var( --e-global-color-text ); font-family: var( --e-global-typography-text-font-family ), Sans-serif;\">Private homes<\/strong><span style=\"background-color: transparent; color: var( --e-global-color-text ); font-family: var( --e-global-typography-text-font-family ), Sans-serif; font-weight: var( --e-global-typography-text-font-weight );\">: Some residents also open the doors of their homes to show their nativity scenes, or they are placed near the window to be admired, and sometimes there are nativity scene competitions in different towns.<\/span><\/li>\n<\/ol>\n<\/li>\n<\/ol>\n<p>It is an activity that can be enjoyed by the whole family and offers the opportunity to tour the city at one of the most magical times of the year.<\/p>\t\t\t\t\t\t\t\t<\/div>\n\t\t\t\t<\/div>\n\t\t\t\t\t<\/div>\n\t\t<\/div>\n\t\t\t\t\t<\/div>\n\t\t<\/section>\n\t\t\t\t<section class=\"elementor-section elementor-top-section elementor-element elementor-element-1b6a25e elementor-section-boxed elementor-section-height-default elementor-section-height-default\" data-id=\"1b6a25e\" data-element_type=\"section\">\n\t\t\t\t\t\t<div class=\"elementor-container elementor-column-gap-default\">\n\t\t\t\t\t<div class=\"elementor-column elementor-col-100 elementor-top-column elementor-element elementor-element-b927637\" data-id=\"b927637\" data-element_type=\"column\">\n\t\t\t<div class=\"elementor-widget-wrap elementor-element-populated\">\n\t\t\t\t\t\t<div class=\"elementor-element elementor-element-f764fd3 elementor-widget elementor-widget-image\" data-id=\"f764fd3\" data-element_type=\"widget\" data-widget_type=\"image.default\">\n\t\t\t\t<div class=\"elementor-widget-container\">\n\t\t\t\t\t\t\t\t\t\t\t\t\t\t\t<img loading=\"lazy\" decoding=\"async\" width=\"1920\" height=\"1276\" src=\"https:\/\/treurer.com\/wp-content\/uploads\/Belen-Mallorca-diciembre.jpg\" class=\"attachment-large size-large wp-image-30946\" alt=\"Bel\u00e9n de navidad. Mallorca, diciembre.\" srcset=\"https:\/\/treurer.com\/wp-content\/uploads\/Belen-Mallorca-diciembre.jpg 1920w, https:\/\/treurer.com\/wp-content\/uploads\/Belen-Mallorca-diciembre-768x510.jpg 768w, https:\/\/treurer.com\/wp-content\/uploads\/Belen-Mallorca-diciembre-1536x1021.jpg 1536w, https:\/\/treurer.com\/wp-content\/uploads\/Belen-Mallorca-diciembre-300x199.jpg 300w, https:\/\/treurer.com\/wp-content\/uploads\/Belen-Mallorca-diciembre-600x399.jpg 600w, https:\/\/treurer.com\/wp-content\/uploads\/Belen-Mallorca-diciembre-64x43.jpg 64w\" sizes=\"(max-width: 1920px) 100vw, 1920px\" title=\"\">\t\t\t\t\t\t\t\t\t\t\t\t\t\t\t<\/div>\n\t\t\t\t<\/div>\n\t\t\t\t\t<\/div>\n\t\t<\/div>\n\t\t\t\t\t<\/div>\n\t\t<\/section>\n\t\t\t\t<section class=\"elementor-section elementor-top-section elementor-element elementor-element-3a8530e elementor-section-boxed elementor-section-height-default elementor-section-height-default\" data-id=\"3a8530e\" data-element_type=\"section\">\n\t\t\t\t\t\t<div class=\"elementor-container elementor-column-gap-default\">\n\t\t\t\t\t<div class=\"elementor-column elementor-col-100 elementor-top-column elementor-element elementor-element-a128a0a\" data-id=\"a128a0a\" data-element_type=\"column\">\n\t\t\t<div class=\"elementor-widget-wrap elementor-element-populated\">\n\t\t\t\t\t\t<div class=\"elementor-element elementor-element-079f473 elementor-widget elementor-widget-text-editor\" data-id=\"079f473\" data-element_type=\"widget\" data-widget_type=\"text-editor.default\">\n\t\t\t\t<div class=\"elementor-widget-container\">\n\t\t\t\t\t\t\t\t\t<h3><span class=\"ez-toc-section\" id=\"The_singing_of_the_Sibil-la_on_December_24th\"><\/span><a name=\"_Toc147943690\"><\/a>The singing of the Sibil-la on December 24th<span class=\"ez-toc-section-end\"><\/span><\/h3><p>The Sibil-la is a much-loved tradition in Mallorca, which has experienced a renaissance in the last three decades.<\/p><p>During Christmas Eve, after a family dinner, families attend the Matins Mass in which the Sibil-la is performed.<\/p><p><strong>The Sibil-la is a performance in which a prophet<\/strong>, originally a male child or a young countertenor, <strong>sings about the Last Judgment and other biblical events<\/strong>. The tradition has roots in ancient Greece and Rome and was adapted to Christianity as an announcement of the coming of Jesus Christ.<\/p><p>Although there was a period when the practice was banned, in Mallorca and Alghero, Sardinia, the tradition persisted with the blessing of the local church.<\/p><p>Since the Second Vatican Council in 1965, women have also been able to participate as the Sibil-la. This performance, which includes Gregorian chant in several languages and the symbolic use of a sword, <strong>is a highlight of Christmas celebrations on the island<\/strong>.<\/p><p>Learn more about <a href=\"https:\/\/treurer.com\/blog-cultura-oleica\/sibilla-mallorca\/\">la Sibil-la in our article<\/a>.<\/p><h2><span class=\"ez-toc-section\" id=\"The_German_community_and_the_Christmas_mass_in_the_Cathedral_of_Palma\"><\/span><a name=\"_Toc147943691\"><\/a>The German community and the Christmas mass in the Cathedral of Palma<span class=\"ez-toc-section-end\"><\/span><\/h2><p>One of the hidden gems of the festivities in Mallorca is the <strong>Christmas Mass in German at Palma Cathedral<\/strong>, which this year celebrated its 50th anniversary. This ecumenical event, started in 1971, has become a deeply rooted tradition for both German residents and German tourists on the island.<\/p><h3><span class=\"ez-toc-section\" id=\"The_largest_German-speaking_event_abroad\"><\/span><a name=\"_Toc147943692\"><\/a>The largest German-speaking event abroad<span class=\"ez-toc-section-end\"><\/span><\/h3><p>With two Mass shifts, one at 3:30 p.m. and one at 5:00 p.m., and a capacity of up to 3,000 people in the church, an estimated <strong>5,000 to 6,000 people<\/strong> attend each year. This makes this mass the <strong>largest German-speaking service abroad worldwide<\/strong>.<\/p><h3><span class=\"ez-toc-section\" id=\"A_bond_between_communities\"><\/span><a name=\"_Toc147943693\"><\/a>A bond between communities<span class=\"ez-toc-section-end\"><\/span><\/h3><p>The mass is organized jointly by the German-speaking Catholic and Protestant communities, demonstrating a wonderful example of <strong>unity in diversity<\/strong> that Mallorca offers, especially during the Christmas season.<\/p><p>This event is more than just a mass; it is a testament to the community spirit and rich cultural diversity you can experience in December in Mallorca. It&#8217;s yet another reason to consider the island as your next Christmas destination.<\/p><h2><span class=\"ez-toc-section\" id=\"December_gastronomy_in_Mallorca\"><\/span><a name=\"_Toc147943694\"><\/a>December gastronomy in Mallorca<span class=\"ez-toc-section-end\"><\/span><\/h2><p>The island of Mallorca has a rich gastronomic tradition that shines especially bright during the Christmas festivities.<\/p><p>Here is a more detailed selection of typical dishes that you can find on the island during this season.<\/p><h3><span class=\"ez-toc-section\" id=\"Typical_dishes_of_the_season\"><\/span><a name=\"_Toc147943695\"><\/a>Typical dishes of the season<span class=\"ez-toc-section-end\"><\/span><\/h3><ol><li><strong>Sopa de Nadal<\/strong>: This is a Christmas soup with a base of broth and a special paste called &#8220;galets&#8221;, in the shape of a snail, which is filled with minced meat.<\/li><li><strong>Porcella<\/strong>: This is a suckling pig marinated in lemon juice, olive oil, salt, pepper, bay leaf and garlic. This dish is especially popular to be cooked on December 25.<\/li><li><strong>Sopa d&#8217;ametlla<\/strong>: This almond soup has a very unique flavor. It can be made with fresh or roasted almonds, and is a very popular choice during the holidays.<\/li><li><strong style=\"background-color: transparent; color: var( --e-global-color-text ); font-family: var( --e-global-typography-text-font-family ), Sans-serif;\">Coca de torr\u00f2<\/strong><span style=\"background-color: transparent; color: var( --e-global-color-text ); font-family: var( --e-global-typography-text-font-family ), Sans-serif; font-weight: var( --e-global-typography-text-font-weight );\">: This is a sweet that uses nougat, an almond-based ingredient, to create a delicious coca that has been prepared for generations.<\/span><\/li><li><strong>Other dishes<\/strong>: In addition to those already mentioned, the island offers several other delicious dishes during Christmas, such as &#8216;coques bambes&#8217;, &#8216;escaldums d&#8217;endiot&#8217;, &#8216;coques de neula&#8217;, &#8216;coques de patata&#8217;, &#8216;Tamb\u00f3 d&#8217;ametlla&#8217;, and &#8216;mantecado de ametlla torrada&#8217;<\/li><\/ol><p><strong>Recommended restaurants<\/strong><\/p><p>To enjoy the most of the Christmas gastronomy in Mallorca, I would recommend the following places. In almost all of them it is necessary to book, due to the special and crowded dates.<\/p><ol><li><strong>Finca Treurer. <\/strong>Located in an idyllic setting, the Finca de Treurer Restaurant is the perfect place to experience authentic Mallorcan cuisine in all its splendor, especially during the Christmas festivities. The establishment, surrounded by olive groves and with panoramic views of the island, is the epitome of Mediterranean hospitality. <a href=\"https:\/\/treurer.com\/hotel-treurer\/experiencias-gastronomicas\/\">Advance reservations are required<\/a><\/li><li><strong>Can Bonico<\/strong>: This hotel has an excellent restaurant where you can enjoy typical Mallorcan food during Christmas. It is necessary to book in advance.<\/li><li><strong>Es Guix (Escorca, Mallorca)<\/strong>: If you like natural surroundings and traditional food, this restaurant is perfect for you. Advance reservations are required.<\/li><li><strong>Ca&#8217;n Joan de S&#8217;Aigo (Palma, Mallorca)<\/strong>: Here you can enjoy typical sweets such as ensaimadas and cocas de turr\u00f3n. It is not necessary to book in advance, but you can find a queue to get a turn on designated days.<\/li><li><strong>Restaurant Marc Fosh (Palma, Mallorca)<\/strong>: If you&#8217;re looking for something more sophisticated, this Michelin-starred restaurant is ideal. Advance reservations are required.<\/li><li><strong style=\"background-color: transparent; color: var( --e-global-color-text ); font-family: var( --e-global-typography-text-font-family ), Sans-serif;\">Celler Sa Premsa (Palma, Mallorca)<\/strong><span style=\"background-color: transparent; color: var( --e-global-color-text ); font-family: var( --e-global-typography-text-font-family ), Sans-serif; font-weight: var( --e-global-typography-text-font-weight );\">: A historic restaurant where you can enjoy authentic Mallorcan dishes in a traditional setting. Advance reservations are required.<\/span><\/li><\/ol><p>So, if you find yourself in Mallorca during December, don&#8217;t hesitate to try these tasty dishes that reflect the island&#8217;s rich gastronomic tradition.<\/p>\t\t\t\t\t\t\t\t<\/div>\n\t\t\t\t<\/div>\n\t\t\t\t\t<\/div>\n\t\t<\/div>\n\t\t\t\t\t<\/div>\n\t\t<\/section>\n\t\t\t\t<section class=\"elementor-section elementor-top-section elementor-element elementor-element-3638098 elementor-section-boxed elementor-section-height-default elementor-section-height-default\" data-id=\"3638098\" data-element_type=\"section\">\n\t\t\t\t\t\t<div class=\"elementor-container elementor-column-gap-default\">\n\t\t\t\t\t<div class=\"elementor-column elementor-col-100 elementor-top-column elementor-element elementor-element-7c56c77\" data-id=\"7c56c77\" data-element_type=\"column\">\n\t\t\t<div class=\"elementor-widget-wrap elementor-element-populated\">\n\t\t\t\t\t\t<div class=\"elementor-element elementor-element-7d595c6 elementor-widget elementor-widget-text-editor\" data-id=\"7d595c6\" data-element_type=\"widget\" data-widget_type=\"text-editor.default\">\n\t\t\t\t<div class=\"elementor-widget-container\">\n\t\t\t\t\t\t\t\t\t<h2><span class=\"ez-toc-section\" id=\"Why_visiting_Mallorca_in_December_is_an_excellent_idea\"><\/span><a name=\"_Toc147943696\"><\/a>Why visiting Mallorca in December is an excellent idea?<span class=\"ez-toc-section-end\"><\/span><\/h2><p>Visiting Mallorca in December is an exceptional opportunity to experience the island from a unique perspective, away from the tourist hustle and bustle of the summer.<\/p><p>Christmas in Mallorca is a celebration deeply rooted in local tradition and culture, offering visitors an intimate insight into the island&#8217;s customs and festivities. From the festive lighting that adorns the streets and squares, to the route of nativity scenes and the emblematic Cant de la Sibil-la at Midnight Mass, the island is filled with a special charm.<\/p><p>In the gastronomic field, December is the month to savor authentic Mallorcan cuisine in its festive splendor. Dishes such as &#8220;sopa rellena de Nadal,&#8221; suckling pig (&#8220;porcella&#8221;) and traditional sweets such as &#8220;coca de torr\u00f3&#8221; feature prominently on the tables of Mallorcan families, as well as on the menus of local restaurants. Some restaurants, such as the one at the Treurer estate, may offer special menus that highlight the flavors of the season.<\/p><p>Nature also offers its own kind of magic during the winter. The milder temperatures are ideal for exploring the Serra de Tramuntana, and the landscape, although more austere than in other seasons, has its own serene beauty.<\/p>\t\t\t\t\t\t\t\t<\/div>\n\t\t\t\t<\/div>\n\t\t\t\t\t<\/div>\n\t\t<\/div>\n\t\t\t\t\t<\/div>\n\t\t<\/section>\n\t\t\t\t<section class=\"elementor-section elementor-top-section elementor-element elementor-element-f7114cb elementor-section-boxed elementor-section-height-default elementor-section-height-default\" data-id=\"f7114cb\" data-element_type=\"section\">\n\t\t\t\t\t\t<div class=\"elementor-container elementor-column-gap-default\">\n\t\t\t\t\t<div class=\"elementor-column elementor-col-100 elementor-top-column elementor-element elementor-element-19aed95\" data-id=\"19aed95\" data-element_type=\"column\">\n\t\t\t<div class=\"elementor-widget-wrap elementor-element-populated\">\n\t\t\t\t\t\t<div class=\"elementor-element elementor-element-8e4574c elementor-widget elementor-widget-text-editor\" data-id=\"8e4574c\" data-element_type=\"widget\" data-widget_type=\"text-editor.default\">\n\t\t\t\t<div class=\"elementor-widget-container\">\n\t\t\t\t\t\t\t\t\t<p>Mallorca in December is an enchanting fusion of tradition, gastronomy and natural beauty, offering a rich and meaningful holiday experience. It is an excellent idea for those who are looking for more than just sun and beach, and want to immerse themselves in the local culture.<\/p>\t\t\t\t\t\t\t\t<\/div>\n\t\t\t\t<\/div>\n\t\t\t\t\t<\/div>\n\t\t<\/div>\n\t\t\t\t\t<\/div>\n\t\t<\/section>\n\t\t\t\t<\/div>\n\t\t","protected":false},"excerpt":{"rendered":"<p>If you have ever wished to spend the Christmas holidays in a unique environment, Mallorca in December is your answer.<\/p>\n","protected":false},"author":4,"featured_media":30938,"comment_status":"closed","ping_status":"closed","sticky":false,"template":"","format":"standard","meta":{"_acf_changed":false,"content-type":"","_joinchat":[],"footnotes":""},"categories":[74,314],"tags":[],"class_list":["post-31059","post","type-post","status-publish","format-standard","has-post-thumbnail","hentry","category-blog-olive-oil-culture","category-turismo-en"],"acf":[],"_links":{"self":[{"href":"https:\/\/treurer.com\/en\/wp-json\/wp\/v2\/posts\/31059","targetHints":{"allow":["GET"]}}],"collection":[{"href":"https:\/\/treurer.com\/en\/wp-json\/wp\/v2\/posts"}],"about":[{"href":"https:\/\/treurer.com\/en\/wp-json\/wp\/v2\/types\/post"}],"author":[{"embeddable":true,"href":"https:\/\/treurer.com\/en\/wp-json\/wp\/v2\/users\/4"}],"replies":[{"embeddable":true,"href":"https:\/\/treurer.com\/en\/wp-json\/wp\/v2\/comments?post=31059"}],"version-history":[{"count":30,"href":"https:\/\/treurer.com\/en\/wp-json\/wp\/v2\/posts\/31059\/revisions"}],"predecessor-version":[{"id":32405,"href":"https:\/\/treurer.com\/en\/wp-json\/wp\/v2\/posts\/31059\/revisions\/32405"}],"wp:featuredmedia":[{"embeddable":true,"href":"https:\/\/treurer.com\/en\/wp-json\/wp\/v2\/media\/30938"}],"wp:attachment":[{"href":"https:\/\/treurer.com\/en\/wp-json\/wp\/v2\/media?parent=31059"}],"wp:term":[{"taxonomy":"category","embeddable":true,"href":"https:\/\/treurer.com\/en\/wp-json\/wp\/v2\/categories?post=31059"},{"taxonomy":"post_tag","embeddable":true,"href":"https:\/\/treurer.com\/en\/wp-json\/wp\/v2\/tags?post=31059"}],"curies":[{"name":"wp","href":"https:\/\/api.w.org\/{rel}","templated":true}]}}