{"id":31049,"date":"2023-09-27T16:53:17","date_gmt":"2023-09-27T14:53:17","guid":{"rendered":"https:\/\/treurer.com\/?p=31049"},"modified":"2023-11-01T11:31:52","modified_gmt":"2023-11-01T10:31:52","slug":"deia-mallorca","status":"publish","type":"post","link":"https:\/\/treurer.com\/en\/deia-mallorca\/","title":{"rendered":"Dei\u00e0: art, gastronomy and relevant people"},"content":{"rendered":"\t\t<div data-elementor-type=\"wp-post\" data-elementor-id=\"31049\" class=\"elementor elementor-31049 elementor-29461\" data-elementor-post-type=\"post\">\n\t\t\t\t\t\t<section class=\"elementor-section elementor-top-section elementor-element elementor-element-71cae1f elementor-section-boxed elementor-section-height-default elementor-section-height-default\" data-id=\"71cae1f\" data-element_type=\"section\">\n\t\t\t\t\t\t<div class=\"elementor-container elementor-column-gap-default\">\n\t\t\t\t\t<div class=\"elementor-column elementor-col-100 elementor-top-column elementor-element elementor-element-a75852d\" data-id=\"a75852d\" data-element_type=\"column\">\n\t\t\t<div class=\"elementor-widget-wrap elementor-element-populated\">\n\t\t\t\t\t\t<div class=\"elementor-element elementor-element-46df19c elementor-widget elementor-widget-text-editor\" data-id=\"46df19c\" data-element_type=\"widget\" data-widget_type=\"text-editor.default\">\n\t\t\t\t<div class=\"elementor-widget-container\">\n\t\t\t\t\t\t\t\t\t<p>Dei\u00e0 is a picturesque village located on the northwest coast of Mallorca. Much more than a popular tourist destination in Mallorca, this small but charming enclave has long been a melting pot of cultures, a haven for artists and a corner of the Mediterranean where history, natural beauty and culture intermingle in a unique way.<\/p>\n<p>Whether you are drawn to its rich Moorish history, its stunning mountain and seaside scenery, or its vibrant art and culinary scene, Dei\u00e0 has something to offer every visitor.<\/p>\n<p>The purpose of this article is to provide a comprehensive guide to Dei\u00e0, exploring its history, tourist attractions, cultural life, and more. You will discover the richness hidden behind its narrow cobblestone streets, stone houses and panoramic views, and understand why this small town has captured the imagination of so many people, from tourists to celebrities.<\/p><p><div id=\"ez-toc-container\" class=\"ez-toc-v2_0_82_2 counter-hierarchy ez-toc-counter ez-toc-custom ez-toc-container-direction\">\n<div class=\"ez-toc-title-container\">\n<p class=\"ez-toc-title\" style=\"cursor:inherit\">Contenidos \/ Contents<\/p>\n<span class=\"ez-toc-title-toggle\"><\/span><\/div>\n<nav><ul class='ez-toc-list ez-toc-list-level-1 ' ><li class='ez-toc-page-1 ez-toc-heading-level-2'><a class=\"ez-toc-link ez-toc-heading-1\" href=\"https:\/\/treurer.com\/en\/deia-mallorca\/#History\">History<\/a><ul class='ez-toc-list-level-3' ><li class='ez-toc-heading-level-3'><a class=\"ez-toc-link ez-toc-heading-2\" href=\"https:\/\/treurer.com\/en\/deia-mallorca\/#Origins\">Origins<\/a><\/li><li class='ez-toc-page-1 ez-toc-heading-level-3'><a class=\"ez-toc-link ez-toc-heading-3\" href=\"https:\/\/treurer.com\/en\/deia-mallorca\/#Moorish_influence\">Moorish influence<\/a><\/li><li class='ez-toc-page-1 ez-toc-heading-level-3'><a class=\"ez-toc-link ez-toc-heading-4\" href=\"https:\/\/treurer.com\/en\/deia-mallorca\/#Development_over_the_years\">Development over the years<\/a><\/li><\/ul><\/li><li class='ez-toc-page-1 ez-toc-heading-level-2'><a class=\"ez-toc-link ez-toc-heading-5\" href=\"https:\/\/treurer.com\/en\/deia-mallorca\/#Tourist_attractions\">Tourist attractions<\/a><ul class='ez-toc-list-level-3' ><li class='ez-toc-heading-level-3'><a class=\"ez-toc-link ez-toc-heading-6\" href=\"https:\/\/treurer.com\/en\/deia-mallorca\/#Cala_Deia\">Cala Dei\u00e0<\/a><\/li><li class='ez-toc-page-1 ez-toc-heading-level-3'><a class=\"ez-toc-link ez-toc-heading-7\" href=\"https:\/\/treurer.com\/en\/deia-mallorca\/#The_Church_of_Deia\">The Church of Dei\u00e0<\/a><\/li><li class='ez-toc-page-1 ez-toc-heading-level-3'><a class=\"ez-toc-link ez-toc-heading-8\" href=\"https:\/\/treurer.com\/en\/deia-mallorca\/#Scenic_viewpoints\">Scenic viewpoints<\/a><\/li><\/ul><\/li><li class='ez-toc-page-1 ez-toc-heading-level-2'><a class=\"ez-toc-link ez-toc-heading-9\" href=\"https:\/\/treurer.com\/en\/deia-mallorca\/#Cultural_life\">Cultural life<\/a><ul class='ez-toc-list-level-3' ><li class='ez-toc-heading-level-3'><a class=\"ez-toc-link ez-toc-heading-10\" href=\"https:\/\/treurer.com\/en\/deia-mallorca\/#Festivals_and_events\">Festivals and events<\/a><\/li><li class='ez-toc-page-1 ez-toc-heading-level-3'><a class=\"ez-toc-link ez-toc-heading-11\" href=\"https:\/\/treurer.com\/en\/deia-mallorca\/#Galleries_and_workshops\">Galleries and workshops<\/a><\/li><li class='ez-toc-page-1 ez-toc-heading-level-3'><a class=\"ez-toc-link ez-toc-heading-12\" href=\"https:\/\/treurer.com\/en\/deia-mallorca\/#Music_and_entertainment\">Music and entertainment<\/a><\/li><\/ul><\/li><li class='ez-toc-page-1 ez-toc-heading-level-2'><a class=\"ez-toc-link ez-toc-heading-13\" href=\"https:\/\/treurer.com\/en\/deia-mallorca\/#Famous_people_in_Deia\">Famous people in Dei\u00e0<\/a><ul class='ez-toc-list-level-3' ><li class='ez-toc-heading-level-3'><a class=\"ez-toc-link ez-toc-heading-14\" href=\"https:\/\/treurer.com\/en\/deia-mallorca\/#Robert_Graves\">Robert Graves<\/a><\/li><li class='ez-toc-page-1 ez-toc-heading-level-3'><a class=\"ez-toc-link ez-toc-heading-15\" href=\"https:\/\/treurer.com\/en\/deia-mallorca\/#Other_notable_residents_and_visitors\">Other notable residents and visitors<\/a><\/li><\/ul><\/li><li class='ez-toc-page-1 ez-toc-heading-level-2'><a class=\"ez-toc-link ez-toc-heading-16\" href=\"https:\/\/treurer.com\/en\/deia-mallorca\/#Local_cuisine\">Local cuisine<\/a><ul class='ez-toc-list-level-3' ><li class='ez-toc-heading-level-3'><a class=\"ez-toc-link ez-toc-heading-17\" href=\"https:\/\/treurer.com\/en\/deia-mallorca\/#Typical_dishes\">Typical dishes<\/a><\/li><\/ul><\/li><li class='ez-toc-page-1 ez-toc-heading-level-2'><a class=\"ez-toc-link ez-toc-heading-18\" href=\"https:\/\/treurer.com\/en\/deia-mallorca\/#How_to_get_there\">How to get there<\/a><ul class='ez-toc-list-level-3' ><li class='ez-toc-heading-level-3'><a class=\"ez-toc-link ez-toc-heading-19\" href=\"https:\/\/treurer.com\/en\/deia-mallorca\/#Public_transport\">Public transport<\/a><\/li><li class='ez-toc-page-1 ez-toc-heading-level-3'><a class=\"ez-toc-link ez-toc-heading-20\" href=\"https:\/\/treurer.com\/en\/deia-mallorca\/#Car\">Car<\/a><\/li><\/ul><\/li><\/ul><\/nav><\/div>\n<br><\/p>\n<h2><span class=\"ez-toc-section\" id=\"History\"><\/span>History<span class=\"ez-toc-section-end\"><\/span><\/h2>\n<h3><span class=\"ez-toc-section\" id=\"Origins\"><\/span>Origins<span class=\"ez-toc-section-end\"><\/span><\/h3>\n<p>The etymology of the name &#8220;Dei\u00e0&#8221; is not clearly established, but there are several theories and interpretations. One of the most common suggests that the name may derive from the Arabic word &#8220;Ad-Daya,&#8221; meaning &#8220;village&#8221; or &#8220;small town,&#8221; which would make sense given Mallorca&#8217;s Moorish past and Dei\u00e0&#8217;s location as a small settlement.<\/p>\n<p>The original settlement in the area where Dei\u00e0 now stands is believed to date back to prehistoric times, although records are scarce. The area showed signs of human activity since the Bronze Age, but it was really during the Roman occupation when it was consolidated as a small settlement.<\/p>\n<p>In this period, Dei\u00e0 was already benefiting from its strategic location on the coast, serving as a small fishing port and perhaps as a trading post.<\/p>\t\t\t\t\t\t\t\t<\/div>\n\t\t\t\t<\/div>\n\t\t\t\t\t<\/div>\n\t\t<\/div>\n\t\t\t\t\t<\/div>\n\t\t<\/section>\n\t\t\t\t<section class=\"elementor-section elementor-top-section elementor-element elementor-element-36b24998 elementor-section-boxed elementor-section-height-default elementor-section-height-default\" data-id=\"36b24998\" data-element_type=\"section\">\n\t\t\t\t\t\t<div class=\"elementor-container elementor-column-gap-default\">\n\t\t\t\t\t<div class=\"elementor-column elementor-col-100 elementor-top-column elementor-element elementor-element-563d7679\" data-id=\"563d7679\" data-element_type=\"column\">\n\t\t\t<div class=\"elementor-widget-wrap elementor-element-populated\">\n\t\t\t\t\t\t<div class=\"elementor-element elementor-element-25b75055 elementor-cta--layout-image-right elementor-cta--mobile-layout-image-above elementor-cta--skin-classic elementor-animated-content elementor-bg-transform elementor-bg-transform-zoom-in elementor-widget elementor-widget-call-to-action\" data-id=\"25b75055\" data-element_type=\"widget\" data-widget_type=\"call-to-action.default\">\n\t\t\t\t<div class=\"elementor-widget-container\">\n\t\t\t\t\t\t\t<a class=\"elementor-cta\" href=\"https:\/\/treurer.com\/tienda\">\n\t\t\t\t\t<div class=\"elementor-cta__bg-wrapper\">\n\t\t\t\t<div class=\"elementor-cta__bg elementor-bg\" style=\"background-image: url(https:\/\/treurer.com\/wp-content\/uploads\/Bodego.jpg);\" role=\"img\" aria-label=\"still life of oil and bread\"><\/div>\n\t\t\t\t<div class=\"elementor-cta__bg-overlay\"><\/div>\n\t\t\t<\/div>\n\t\t\t\t\t\t\t<div class=\"elementor-cta__content\">\n\t\t\t\t\n\t\t\t\t\t\t\t\t\t<span class=\"elementor-cta__title elementor-cta__content-item elementor-content-item\">\n\t\t\t\t\t\tCU\u00cdDATE. \t\t\t\t\t<\/span>\n\t\t\t\t\n\t\t\t\t\t\t\t\t\t<div class=\"elementor-cta__description elementor-cta__content-item elementor-content-item\">\n\t\t\t\t\t\tEl aceite de oliva virgen extra es la pieza m\u00e1s importante de la dieta mediterr\u00e1nea.\n<br>\n<br>\nAceite de oliva rigen extra Treurer es un aceite equilibrado, producido con esmero en una peque\u00f1a finca en Mallorca. Extra\u00eddo en fr\u00edo y envasado seg\u00fan demanda para que conserve todas las cualidades intactas al llegar a tu casa.\n<br>\n<br>\t\t\t\t\t<\/div>\n\t\t\t\t\n\t\t\t\t\t\t\t\t\t<div class=\"elementor-cta__button-wrapper elementor-cta__content-item elementor-content-item \">\n\t\t\t\t\t<span class=\"elementor-cta__button elementor-button elementor-size-\">\n\t\t\t\t\t\tEMPIEZA HOY MISMO\t\t\t\t\t<\/span>\n\t\t\t\t\t<\/div>\n\t\t\t\t\t\t\t<\/div>\n\t\t\t\t\t\t<\/a>\n\t\t\t\t\t\t<\/div>\n\t\t\t\t<\/div>\n\t\t\t\t\t<\/div>\n\t\t<\/div>\n\t\t\t\t\t<\/div>\n\t\t<\/section>\n\t\t\t\t<section class=\"elementor-section elementor-top-section elementor-element elementor-element-e4d4817 elementor-section-boxed elementor-section-height-default elementor-section-height-default\" data-id=\"e4d4817\" data-element_type=\"section\">\n\t\t\t\t\t\t<div class=\"elementor-container elementor-column-gap-default\">\n\t\t\t\t\t<div class=\"elementor-column elementor-col-100 elementor-top-column elementor-element elementor-element-c2054d1\" data-id=\"c2054d1\" data-element_type=\"column\">\n\t\t\t<div class=\"elementor-widget-wrap elementor-element-populated\">\n\t\t\t\t\t\t<div class=\"elementor-element elementor-element-66c6b22 elementor-widget elementor-widget-text-editor\" data-id=\"66c6b22\" data-element_type=\"widget\" data-widget_type=\"text-editor.default\">\n\t\t\t\t<div class=\"elementor-widget-container\">\n\t\t\t\t\t\t\t\t\t<h3><span class=\"ez-toc-section\" id=\"Moorish_influence\"><\/span>Moorish influence<span class=\"ez-toc-section-end\"><\/span><\/h3><p>One of the most interesting and least known stages in the history of Dei\u00e0 is the Moorish influence on its culture and architecture. After the Muslim conquest of the island in the 10th century, the Dei\u00e0 area became an important agricultural center under Islamic rule.<\/p><p>Advanced irrigation techniques were introduced, and the architecture of the village reflects the influences of this period to this day, as can be seen in the ancient stone buildings and the design of its narrow streets. Although the Muslim presence on the island ended in the 13th century with the Aragonese conquest, their legacy remains a fascinating part of Dei\u00e0&#8217;s cultural heritage<\/p><h3><span class=\"ez-toc-section\" id=\"Development_over_the_years\"><\/span>Development over the years<span class=\"ez-toc-section-end\"><\/span><\/h3><p>The development of Dei\u00e0 experienced remarkable growth during the Middle Ages, especially with the conquest of Mallorca by the Kingdom of Aragon in 1229. Over the centuries, the town went through different stages of agricultural and fishing development, becoming a modest but prosperous commercial and fishing center.<\/p><p>During the 18th and 19th centuries, Dei\u00e0 began to receive its first illustrious visitors, such as artists and writers who were captivated by its beauty and tranquility. This was the beginning of the town&#8217;s relationship with the artistic and cultural community, which was to be strengthened in later years.<\/p>\t\t\t\t\t\t\t\t<\/div>\n\t\t\t\t<\/div>\n\t\t\t\t\t<\/div>\n\t\t<\/div>\n\t\t\t\t\t<\/div>\n\t\t<\/section>\n\t\t\t\t<section class=\"elementor-section elementor-top-section elementor-element elementor-element-7c3edd9 elementor-section-boxed elementor-section-height-default elementor-section-height-default\" data-id=\"7c3edd9\" data-element_type=\"section\">\n\t\t\t\t\t\t<div class=\"elementor-container elementor-column-gap-default\">\n\t\t\t\t\t<div class=\"elementor-column elementor-col-100 elementor-top-column elementor-element elementor-element-0761708\" data-id=\"0761708\" data-element_type=\"column\">\n\t\t\t<div class=\"elementor-widget-wrap elementor-element-populated\">\n\t\t\t\t\t\t<div class=\"elementor-element elementor-element-22c215e elementor-widget elementor-widget-image\" data-id=\"22c215e\" data-element_type=\"widget\" data-widget_type=\"image.default\">\n\t\t\t\t<div class=\"elementor-widget-container\">\n\t\t\t\t\t\t\t\t\t\t\t\t\t\t\t<img fetchpriority=\"high\" decoding=\"async\" width=\"1920\" height=\"660\" src=\"https:\/\/treurer.com\/wp-content\/uploads\/Mallorca-Deia-cala-deia.jpeg\" class=\"attachment-large size-large wp-image-29479\" alt=\"Cala Dei\u00e0, Dei\u00e0, Mallorca\" srcset=\"https:\/\/treurer.com\/wp-content\/uploads\/Mallorca-Deia-cala-deia.jpeg 1920w, https:\/\/treurer.com\/wp-content\/uploads\/Mallorca-Deia-cala-deia-768x264.jpeg 768w, https:\/\/treurer.com\/wp-content\/uploads\/Mallorca-Deia-cala-deia-1536x528.jpeg 1536w, https:\/\/treurer.com\/wp-content\/uploads\/Mallorca-Deia-cala-deia-300x103.jpeg 300w, https:\/\/treurer.com\/wp-content\/uploads\/Mallorca-Deia-cala-deia-600x206.jpeg 600w, https:\/\/treurer.com\/wp-content\/uploads\/Mallorca-Deia-cala-deia-64x22.jpeg 64w\" sizes=\"(max-width: 1920px) 100vw, 1920px\" title=\"\">\t\t\t\t\t\t\t\t\t\t\t\t\t\t\t<\/div>\n\t\t\t\t<\/div>\n\t\t\t\t\t<\/div>\n\t\t<\/div>\n\t\t\t\t\t<\/div>\n\t\t<\/section>\n\t\t\t\t<section class=\"elementor-section elementor-top-section elementor-element elementor-element-d761fb2 elementor-section-boxed elementor-section-height-default elementor-section-height-default\" data-id=\"d761fb2\" data-element_type=\"section\">\n\t\t\t\t\t\t<div class=\"elementor-container elementor-column-gap-default\">\n\t\t\t\t\t<div class=\"elementor-column elementor-col-100 elementor-top-column elementor-element elementor-element-e897b2d\" data-id=\"e897b2d\" data-element_type=\"column\">\n\t\t\t<div class=\"elementor-widget-wrap elementor-element-populated\">\n\t\t\t\t\t\t<div class=\"elementor-element elementor-element-cf5a675 elementor-widget elementor-widget-text-editor\" data-id=\"cf5a675\" data-element_type=\"widget\" data-widget_type=\"text-editor.default\">\n\t\t\t\t<div class=\"elementor-widget-container\">\n\t\t\t\t\t\t\t\t\t<h2><span class=\"ez-toc-section\" id=\"Tourist_attractions\"><\/span>Tourist attractions<span class=\"ez-toc-section-end\"><\/span><\/h2><h3><span class=\"ez-toc-section\" id=\"Cala_Deia\"><\/span>Cala Dei\u00e0<span class=\"ez-toc-section-end\"><\/span><\/h3><p>The Cala de Dei\u00e0 is one of the brightest jewels of this picturesque village. Located a few kilometers from the center of town, this small pebble beach offers a serene retreat facing the Mediterranean Sea.<\/p><p>The crystal clear waters are ideal for swimming and snorkeling, and the setting surrounded by limestone cliffs provides an almost magical backdrop. Visitors can enjoy a meal at one of the beachfront restaurants or simply bring a towel and a book to relax in the sun.<\/p><p>Cala Dei\u00e0 is not only a place to sunbathe, but also a starting point for various water activities such as kayaking and paddle surfing.<\/p><h3><span class=\"ez-toc-section\" id=\"The_Church_of_Deia\"><\/span>The Church of Dei\u00e0<span class=\"ez-toc-section-end\"><\/span><\/h3><p>The Church of Dei\u00e0, located at the highest point of the village, is another tourist attraction that cannot be overlooked. This historic building offers a mix of architectural styles that reflect the various cultural influences that have left their mark on the village.<\/p><p>From its elevated position, visitors can also enjoy panoramic views of Dei\u00e0 and the surrounding countryside. The church is particularly popular during sunset, when the last lights of the day illuminate the building and the view of the sea and mountains becomes a breathtaking spectacle.<\/p><h3><span class=\"ez-toc-section\" id=\"Scenic_viewpoints\"><\/span>Scenic viewpoints<span class=\"ez-toc-section-end\"><\/span><\/h3><p>If there&#8217;s one thing to spare in Dei\u00e0, it&#8217;s breathtaking views. In addition to the view from the church, there are several scenic viewpoints that offer unparalleled panoramic views of the surrounding area.<\/p><p>One of the most popular is the Mirador de Sa Foradada, which offers views of the peculiar perforated rock that gives the place its name, as well as the Mediterranean Sea stretching to the horizon.<\/p><p>These viewpoints are perfect spots for photography enthusiasts, nature lovers or simply anyone who wants to take a moment to appreciate the beauty of the land and sea that make up this unique corner of Mallorca.<\/p>\t\t\t\t\t\t\t\t<\/div>\n\t\t\t\t<\/div>\n\t\t\t\t\t<\/div>\n\t\t<\/div>\n\t\t\t\t\t<\/div>\n\t\t<\/section>\n\t\t\t\t<section class=\"elementor-section elementor-top-section elementor-element elementor-element-1b6a25e elementor-section-boxed elementor-section-height-default elementor-section-height-default\" data-id=\"1b6a25e\" data-element_type=\"section\">\n\t\t\t\t\t\t<div class=\"elementor-container elementor-column-gap-default\">\n\t\t\t\t\t<div class=\"elementor-column elementor-col-100 elementor-top-column elementor-element elementor-element-b927637\" data-id=\"b927637\" data-element_type=\"column\">\n\t\t\t<div class=\"elementor-widget-wrap elementor-element-populated\">\n\t\t\t\t\t\t<div class=\"elementor-element elementor-element-f764fd3 elementor-widget elementor-widget-image\" data-id=\"f764fd3\" data-element_type=\"widget\" data-widget_type=\"image.default\">\n\t\t\t\t<div class=\"elementor-widget-container\">\n\t\t\t\t\t\t\t\t\t\t\t\t\t\t\t<img decoding=\"async\" width=\"2560\" height=\"1920\" src=\"https:\/\/treurer.com\/wp-content\/uploads\/Mallorca-Deia-en-fiestas-scaled-e1694530900672.jpeg\" class=\"attachment-large size-large wp-image-29471\" alt=\"Parties in Dei\u00e0, Mallorca\" title=\"\">\t\t\t\t\t\t\t\t\t\t\t\t\t\t\t<\/div>\n\t\t\t\t<\/div>\n\t\t\t\t\t<\/div>\n\t\t<\/div>\n\t\t\t\t\t<\/div>\n\t\t<\/section>\n\t\t\t\t<section class=\"elementor-section elementor-top-section elementor-element elementor-element-3a8530e elementor-section-boxed elementor-section-height-default elementor-section-height-default\" data-id=\"3a8530e\" data-element_type=\"section\">\n\t\t\t\t\t\t<div class=\"elementor-container elementor-column-gap-default\">\n\t\t\t\t\t<div class=\"elementor-column elementor-col-100 elementor-top-column elementor-element elementor-element-a128a0a\" data-id=\"a128a0a\" data-element_type=\"column\">\n\t\t\t<div class=\"elementor-widget-wrap elementor-element-populated\">\n\t\t\t\t\t\t<div class=\"elementor-element elementor-element-079f473 elementor-widget elementor-widget-text-editor\" data-id=\"079f473\" data-element_type=\"widget\" data-widget_type=\"text-editor.default\">\n\t\t\t\t<div class=\"elementor-widget-container\">\n\t\t\t\t\t\t\t\t\t<h2><span class=\"ez-toc-section\" id=\"Cultural_life\"><\/span>Cultural life<span class=\"ez-toc-section-end\"><\/span><\/h2><h3><span class=\"ez-toc-section\" id=\"Festivals_and_events\"><\/span>Festivals and events<span class=\"ez-toc-section-end\"><\/span><\/h3><p>Dei\u00e0 is not only a paradise for nature lovers; it is also a hive of cultural activity, especially during the summer months.<\/p><p>One of the most prominent events is the &#8220;<strong>Festival de Dei\u00e0<\/strong>&#8220;, an annual gathering celebrating music, dance and visual arts. The event usually attracts both local and international artists and spectators, turning the town into a cultural melting pot for its duration.<\/p><p>In addition, the <strong>patron saint festivities of San Juan<\/strong> and the <strong>Crafts Fair<\/strong> are other events that fill the streets with color, music and tradition.<\/p><h3><span class=\"ez-toc-section\" id=\"Galleries_and_workshops\"><\/span>Galleries and workshops<span class=\"ez-toc-section-end\"><\/span><\/h3><p>Dei\u00e0 has historically been a haven for artists, and that is reflected in the <strong>abundance of art galleries and workshops<\/strong> that adorn its narrow streets.<\/p><p>These spaces offer a variety of works ranging from traditional painting and sculpture to contemporary and experimental art.<\/p><p>Visitors have the unique opportunity to <a href=\"https:\/\/ajdeia.net\/es\/conoce-nuestros-artistas\" target=\"_blank\" rel=\"noopener\"><b>meet local artists<\/b><\/a>, learn about their creative process and even purchase a piece of art as a souvenir of their visit.<\/p><h3><span class=\"ez-toc-section\" id=\"Music_and_entertainment\"><\/span>Music and entertainment<span class=\"ez-toc-section-end\"><\/span><\/h3><p>Music is an integral part of life in Dei\u00e0. Several bars and restaurants offer live music during the evenings, adding a vibrant layer of entertainment to the town&#8217;s already rich cultural variety.<\/p><p>The variety of musical genres to be found is a reflection of the cosmopolitan character of the place, as artists from all over the world have spent time in Dei\u00e0, leaving their influence on the music scene.<\/p>\t\t\t\t\t\t\t\t<\/div>\n\t\t\t\t<\/div>\n\t\t\t\t\t<\/div>\n\t\t<\/div>\n\t\t\t\t\t<\/div>\n\t\t<\/section>\n\t\t\t\t<section class=\"elementor-section elementor-top-section elementor-element elementor-element-3638098 elementor-section-boxed elementor-section-height-default elementor-section-height-default\" data-id=\"3638098\" data-element_type=\"section\">\n\t\t\t\t\t\t<div class=\"elementor-container elementor-column-gap-default\">\n\t\t\t\t\t<div class=\"elementor-column elementor-col-100 elementor-top-column elementor-element elementor-element-7c56c77\" data-id=\"7c56c77\" data-element_type=\"column\">\n\t\t\t<div class=\"elementor-widget-wrap elementor-element-populated\">\n\t\t\t\t\t\t<div class=\"elementor-element elementor-element-7d595c6 elementor-widget elementor-widget-text-editor\" data-id=\"7d595c6\" data-element_type=\"widget\" data-widget_type=\"text-editor.default\">\n\t\t\t\t<div class=\"elementor-widget-container\">\n\t\t\t\t\t\t\t\t\t<h2><span class=\"ez-toc-section\" id=\"Famous_people_in_Deia\"><\/span>Famous people in Dei\u00e0<span class=\"ez-toc-section-end\"><\/span><\/h2><h3><span class=\"ez-toc-section\" id=\"Robert_Graves\"><\/span>Robert Graves<span class=\"ez-toc-section-end\"><\/span><\/h3><p>Without a doubt, one of the most famous residents of Dei\u00e0 is the British writer and poet Robert Graves.<\/p><p>Known for works such as <strong>&#8220;I, Claudius&#8221;<\/strong> and &#8220;The Greek Myths&#8221;, Graves moved to Dei\u00e0 in 1932 and found in this idyllic village a refuge and a source of inspiration for his creativity.<\/p><p>His house, known as &#8220;Ca n&#8217;Alluny&#8221;, has become a museum and literary study center that attracts visitors and scholars alike. Graves&#8217; influence on Dei\u00e0&#8217;s intellectual and artistic community is incalculable, and his legacy lives on in the spirit of the place.<\/p><h3><span class=\"ez-toc-section\" id=\"Other_notable_residents_and_visitors\"><\/span>Other notable residents and visitors<span class=\"ez-toc-section-end\"><\/span><\/h3><p>Dei\u00e0 has been a magnet for numerous artists, writers, musicians and public figures over the years. British actress <strong>Angharad Rees<\/strong>, known for her role in the series &#8220;Poldark&#8221;, is another famous resident who chose Dei\u00e0 as her home. In addition, musicians such as <strong>Mike Oldfield<\/strong>, who spent time in Dei\u00e0 while working on his &#8220;Tubular Bells&#8221; album, have also been attracted to the bohemian and creative atmosphere of the place.<\/p><p>Painter <strong>David Templeton<\/strong> and author <strong>Ana\u00efs Nin<\/strong> are just a few more examples of creative figures who found in Dei\u00e0 both a refuge and a muse.<\/p><p>The village has also been visited by celebrities from the world of film and music, who often choose Dei\u00e0 to escape the hustle and bustle of their public lives and enjoy its tranquility and natural beauty.<\/p><p>The list of notable names who have lived or spent time in this charming village include:<\/p><ul><li><strong>Keith Richards and Charlie Watts<\/strong>: Members of the iconic band The Rolling Stones.<\/li><li><strong>Michael Douglas and Catherine Zeta-Jones<\/strong>: Internationally renowned actors who have been seduced by the beauty of Dei\u00e0.<\/li><li><strong>Jorge Luis Borges<\/strong>: The famous Argentine writer also spent time in this Mallorcan enclave.<\/li><li><strong>Ava Gardner and An\u00e4is Nin<\/strong>: Both iconic women in the world of film and literature respectively.<\/li><li><strong>Stephen Hawking<\/strong>: The renowned physicist also enjoyed the serene atmosphere of the place.<\/li><li><strong>Gertrude Stein<\/strong>: A key figure in modernist literature.<\/li><li><strong>Archduke Ludwig Salvator of Habsburg and Empress Sissi<\/strong>: European nobility also found sanctuary in Dei\u00e0.<\/li><li><strong>Joaqu\u00edn Mir, Santiago Rusi\u00f1ol and Manuel de Falla<\/strong>: Spanish artists and musicians who found inspiration in the Mallorcan landscapes.<\/li><li><strong>Julio Cort\u00e1zar and Gabriel Garc\u00eda M\u00e1rquez<\/strong>: Great names of Latin American literature.<\/li><li><strong>Andrew Lloyd Webber<\/strong>: The British composer has also immersed himself in the tranquility of Dei\u00e0.<\/li><li><strong>Jack Nicholson, Kate Moss, Susan Sarandon, Tim Robbins and Tom Hanks<\/strong>: Figures from the world of entertainment who have chosen Dei\u00e0 as their getaway spot.<\/li><\/ul><p>The presence of these personalities brings an aura of mystery and fascination to Dei\u00e0, making it not only a place of incredible natural beauty and cultural richness, but also a meeting point for some of the world&#8217;s brightest and most creative minds.<\/p>\t\t\t\t\t\t\t\t<\/div>\n\t\t\t\t<\/div>\n\t\t\t\t\t<\/div>\n\t\t<\/div>\n\t\t\t\t\t<\/div>\n\t\t<\/section>\n\t\t\t\t<section class=\"elementor-section elementor-top-section elementor-element elementor-element-08ac64d elementor-section-boxed elementor-section-height-default elementor-section-height-default\" data-id=\"08ac64d\" data-element_type=\"section\">\n\t\t\t\t\t\t<div class=\"elementor-container elementor-column-gap-default\">\n\t\t\t\t\t<div class=\"elementor-column elementor-col-100 elementor-top-column elementor-element elementor-element-61e04d3\" data-id=\"61e04d3\" data-element_type=\"column\">\n\t\t\t<div class=\"elementor-widget-wrap elementor-element-populated\">\n\t\t\t\t\t\t<div class=\"elementor-element elementor-element-f38476a elementor-widget elementor-widget-image\" data-id=\"f38476a\" data-element_type=\"widget\" data-widget_type=\"image.default\">\n\t\t\t\t<div class=\"elementor-widget-container\">\n\t\t\t\t\t\t\t\t\t\t\t\t\t\t\t<img decoding=\"async\" width=\"2560\" height=\"1439\" src=\"https:\/\/treurer.com\/wp-content\/uploads\/Mallorca-Deia-cafe-scaled-e1694530827910.jpeg\" class=\"attachment-large size-large wp-image-29475\" alt=\"Caf\u00e9 in Dei\u00e0, Mallorca\" title=\"\">\t\t\t\t\t\t\t\t\t\t\t\t\t\t\t<\/div>\n\t\t\t\t<\/div>\n\t\t\t\t\t<\/div>\n\t\t<\/div>\n\t\t\t\t\t<\/div>\n\t\t<\/section>\n\t\t\t\t<section class=\"elementor-section elementor-top-section elementor-element elementor-element-3ea4bc7 elementor-section-boxed elementor-section-height-default elementor-section-height-default\" data-id=\"3ea4bc7\" data-element_type=\"section\">\n\t\t\t\t\t\t<div class=\"elementor-container elementor-column-gap-default\">\n\t\t\t\t\t<div class=\"elementor-column elementor-col-100 elementor-top-column elementor-element elementor-element-9c0380b\" data-id=\"9c0380b\" data-element_type=\"column\">\n\t\t\t<div class=\"elementor-widget-wrap elementor-element-populated\">\n\t\t\t\t\t\t<div class=\"elementor-element elementor-element-b01bac5 elementor-widget elementor-widget-text-editor\" data-id=\"b01bac5\" data-element_type=\"widget\" data-widget_type=\"text-editor.default\">\n\t\t\t\t<div class=\"elementor-widget-container\">\n\t\t\t\t\t\t\t\t\t<h2><span class=\"ez-toc-section\" id=\"Local_cuisine\"><\/span>Local cuisine<span class=\"ez-toc-section-end\"><\/span><\/h2><p>Dei\u00e0&#8217;s gastronomy is as rich and varied as its history and culture. Located in a privileged natural environment, the town offers a wide variety of fresh ingredients used in its traditional cuisine. From fish and seafood to seasonal vegetables, the flavors of Dei\u00e0 reflect its Mediterranean heritage.<\/p><h3><span class=\"ez-toc-section\" id=\"Typical_dishes\"><\/span>Typical dishes<span class=\"ez-toc-section-end\"><\/span><\/h3><p>One of the most representative dishes of Dei\u00e0 (and all of Mallorca) is &#8220;frit mallorqu\u00ed&#8221;, a mixture of liver and other organs of pork or lamb, seasoned with onions, peppers and potatoes. It is a rustic dish that reflects the agricultural heritage of the area.<\/p><p>Another dish that cannot be missed on any visit to Dei\u00e0 is &#8220;tumbet&#8221;, a kind of vegetable lasagna that combines eggplant, potatoes and red peppers in a succulent tomato sauce and <a href=\"https:\/\/treurer.com\/tienda-aceite-oliva\/\">extra virgin olive oil<\/a>.<\/p><p>The proximity of the sea also makes fish and seafood an essential part of the local diet. Fresh fish dishes such as &#8220;merluza a la mallorquina&#8221; or &#8220;caldereta de langosta&#8221; (lobster stew) are not to be missed.<\/p><p>Recommended restaurants<\/p><ul><li><strong>Restaurant Sebasti\u00e1n<\/strong>: this elegant restaurant is known for its haute Mediterranean cuisine and excellent wine selection. Located in a 17th-century stone house, it offers a cozy and romantic atmosphere, ideal for a special dinner.<\/li><li><strong>Ca&#8217;s Patro March<\/strong>: located in Cala Dei\u00e0, this informal restaurant is perfect for enjoying lunch overlooking the sea. It is especially known for its seafood dishes, such as its famous &#8220;seafood paella.&#8221;<\/li><li><strong>Caf\u00e9 Med Mallorca<\/strong>: Caf\u00e9 Med in Fornalutx (very close to Dei\u00e0) is an advocate of the Mediterranean lifestyle and sustainability. Their menu changes regularly to reflect fresh seasonal produce, much of which is grown in their own Mediterranean garden called &#8220;Garden Es M\u00e1s&#8221;. This garden is the source of all the fruits, vegetables and salads served in the restaurant, underscoring its commitment to sustainable and environmentally friendly practices.<\/li><\/ul>\t\t\t\t\t\t\t\t<\/div>\n\t\t\t\t<\/div>\n\t\t\t\t\t<\/div>\n\t\t<\/div>\n\t\t\t\t\t<\/div>\n\t\t<\/section>\n\t\t\t\t<section class=\"elementor-section elementor-top-section elementor-element elementor-element-c90614c elementor-section-boxed elementor-section-height-default elementor-section-height-default\" data-id=\"c90614c\" data-element_type=\"section\">\n\t\t\t\t\t\t<div class=\"elementor-container elementor-column-gap-default\">\n\t\t\t\t\t<div class=\"elementor-column elementor-col-100 elementor-top-column elementor-element elementor-element-af225a7\" data-id=\"af225a7\" data-element_type=\"column\">\n\t\t\t<div class=\"elementor-widget-wrap elementor-element-populated\">\n\t\t\t\t\t\t<div class=\"elementor-element elementor-element-ec13f51 elementor-widget elementor-widget-text-editor\" data-id=\"ec13f51\" data-element_type=\"widget\" data-widget_type=\"text-editor.default\">\n\t\t\t\t<div class=\"elementor-widget-container\">\n\t\t\t\t\t\t\t\t\t<h2><span class=\"ez-toc-section\" id=\"How_to_get_there\"><\/span>How to get there<span class=\"ez-toc-section-end\"><\/span><\/h2><p>Getting to Dei\u00e0 is part of the experience of visiting this charming Mallorcan village. Although it is in a relatively remote location, there are several ways to reach the village, ranging from public transport to driving your own car.<\/p><h3><span class=\"ez-toc-section\" id=\"Public_transport\"><\/span>Public transport<span class=\"ez-toc-section-end\"><\/span><\/h3><ul><li><strong>Bus<\/strong>: Dei\u00e0 is connected to the city of Palma de Mallorca and other nearby places such as S\u00f3ller and Valldemossa via a bus network. <a href=\"https:\/\/www.tib.org\/es\/lineas-y-horarios\/autobus\/-\/linia\/203\" target=\"_blank\" rel=\"noopener\">Line 203<\/a> is the most direct from Palma and usually takes about an hour. Buses are relatively frequent during high season, but it is advisable to <a href=\"https:\/\/www.tib.org\/es\/lineas-y-horarios\/autobus\/-\/linia\/203\" target=\"_blank\" rel=\"noopener\">consult timetables in advance<\/a>v, especially if you are travelling out of season.<\/li><li><strong>Train and bus combined<\/strong>. Another option is to take the <a href=\"https:\/\/trendesoller.com\/\" target=\"_blank\" rel=\"noopener\">historic S\u00f3ller train<\/a> from Palma to S\u00f3ller, then take a local bus to Dei\u00e0. This option is particularly scenic and allows visitors to experience two of Mallorca&#8217;s most popular destinations in one trip.<\/li><\/ul><h3><span class=\"ez-toc-section\" id=\"Car\"><\/span>Car<span class=\"ez-toc-section-end\"><\/span><\/h3><p><strong>From Palma<\/strong>: Dei\u00e0 is located about 33 kilometers north of Palma. The quickest way to get there is via the MA-1110 road, which is a direct but winding route that offers some of the most spectacular views on the island. Be aware that the road is narrow and can be tricky for drivers unaccustomed to mountainous roads.<\/p><p><strong>Car rental<\/strong>: If you prefer the flexibility to explore the region at your own pace, renting a car is an excellent option. There are several car rental companies in Palma and at the airport. Be sure to book in advance during high season to ensure availability.<\/p><p><strong>Parking<\/strong>: Dei\u00e0 is a small town and parking can be limited, especially during high season. Some hotels offer parking to their guests, but if you plan to explore the town on foot, it is advisable to arrive early to find a place to park.<\/p>\t\t\t\t\t\t\t\t<\/div>\n\t\t\t\t<\/div>\n\t\t\t\t\t<\/div>\n\t\t<\/div>\n\t\t\t\t\t<\/div>\n\t\t<\/section>\n\t\t\t\t<section class=\"elementor-section elementor-top-section elementor-element elementor-element-f7114cb elementor-section-boxed elementor-section-height-default elementor-section-height-default\" data-id=\"f7114cb\" data-element_type=\"section\">\n\t\t\t\t\t\t<div class=\"elementor-container elementor-column-gap-default\">\n\t\t\t\t\t<div class=\"elementor-column elementor-col-100 elementor-top-column elementor-element elementor-element-19aed95\" data-id=\"19aed95\" data-element_type=\"column\">\n\t\t\t<div class=\"elementor-widget-wrap elementor-element-populated\">\n\t\t\t\t\t\t<div class=\"elementor-element elementor-element-8e4574c elementor-widget elementor-widget-text-editor\" data-id=\"8e4574c\" data-element_type=\"widget\" data-widget_type=\"text-editor.default\">\n\t\t\t\t<div class=\"elementor-widget-container\">\n\t\t\t\t\t\t\t\t\t<p>If you have ever wondered why such diverse figures as Robert Graves, Kate Moss and Stephen Hawking were attracted to this corner of Mallorca, the answer is simple: Dei\u00e0 is a place where natural beauty meets cultural richness in a timeless symphony that touches the soul of all who have the privilege of experiencing it.<\/p>\t\t\t\t\t\t\t\t<\/div>\n\t\t\t\t<\/div>\n\t\t\t\t\t<\/div>\n\t\t<\/div>\n\t\t\t\t\t<\/div>\n\t\t<\/section>\n\t\t\t\t<\/div>\n\t\t","protected":false},"excerpt":{"rendered":"<p>Dei\u00e0 has something to offer all visitors: a rich Moorish history, stunning mountain and sea scenery and a vibrant art and culinary scene.<\/p>\n","protected":false},"author":4,"featured_media":29475,"comment_status":"closed","ping_status":"closed","sticky":false,"template":"","format":"standard","meta":{"_acf_changed":false,"content-type":"","_joinchat":[],"footnotes":""},"categories":[74,314],"tags":[],"class_list":["post-31049","post","type-post","status-publish","format-standard","has-post-thumbnail","hentry","category-blog-olive-oil-culture","category-turismo-en"],"acf":[],"_links":{"self":[{"href":"https:\/\/treurer.com\/en\/wp-json\/wp\/v2\/posts\/31049","targetHints":{"allow":["GET"]}}],"collection":[{"href":"https:\/\/treurer.com\/en\/wp-json\/wp\/v2\/posts"}],"about":[{"href":"https:\/\/treurer.com\/en\/wp-json\/wp\/v2\/types\/post"}],"author":[{"embeddable":true,"href":"https:\/\/treurer.com\/en\/wp-json\/wp\/v2\/users\/4"}],"replies":[{"embeddable":true,"href":"https:\/\/treurer.com\/en\/wp-json\/wp\/v2\/comments?post=31049"}],"version-history":[{"count":9,"href":"https:\/\/treurer.com\/en\/wp-json\/wp\/v2\/posts\/31049\/revisions"}],"predecessor-version":[{"id":31058,"href":"https:\/\/treurer.com\/en\/wp-json\/wp\/v2\/posts\/31049\/revisions\/31058"}],"wp:featuredmedia":[{"embeddable":true,"href":"https:\/\/treurer.com\/en\/wp-json\/wp\/v2\/media\/29475"}],"wp:attachment":[{"href":"https:\/\/treurer.com\/en\/wp-json\/wp\/v2\/media?parent=31049"}],"wp:term":[{"taxonomy":"category","embeddable":true,"href":"https:\/\/treurer.com\/en\/wp-json\/wp\/v2\/categories?post=31049"},{"taxonomy":"post_tag","embeddable":true,"href":"https:\/\/treurer.com\/en\/wp-json\/wp\/v2\/tags?post=31049"}],"curies":[{"name":"wp","href":"https:\/\/api.w.org\/{rel}","templated":true}]}}