{"id":9131,"date":"2021-03-11T10:40:22","date_gmt":"2021-03-11T09:40:22","guid":{"rendered":"https:\/\/www.treurer.com\/?p=9131"},"modified":"2023-10-03T10:40:13","modified_gmt":"2023-10-03T08:40:13","slug":"olivenoel-bitter-und-pikant","status":"publish","type":"post","link":"https:\/\/treurer.com\/de\/olivenoel-bitter-und-pikant\/","title":{"rendered":"Warum ist Oliven\u00f6l bitter und pikant?"},"content":{"rendered":"\t\t<div data-elementor-type=\"wp-post\" data-elementor-id=\"9131\" class=\"elementor elementor-9131 elementor-7964\" data-elementor-post-type=\"post\">\n\t\t\t\t\t\t<section class=\"elementor-section elementor-top-section elementor-element elementor-element-624dcd6a elementor-section-boxed elementor-section-height-default elementor-section-height-default\" data-id=\"624dcd6a\" data-element_type=\"section\">\n\t\t\t\t\t\t<div class=\"elementor-container elementor-column-gap-default\">\n\t\t\t\t\t<div class=\"elementor-column elementor-col-100 elementor-top-column elementor-element elementor-element-598b3f28\" data-id=\"598b3f28\" data-element_type=\"column\">\n\t\t\t<div class=\"elementor-widget-wrap elementor-element-populated\">\n\t\t\t\t\t\t<div class=\"elementor-element elementor-element-16822a46 elementor-widget elementor-widget-text-editor\" data-id=\"16822a46\" data-element_type=\"widget\" data-widget_type=\"text-editor.default\">\n\t\t\t\t<div class=\"elementor-widget-container\">\n\t\t\t\t\t\t\t\t\t<p>Natives Oliven\u00f6l extra ist ein ganz besonderes mediterranes Produkt. Im Gegensatz zu anderen kulinarischen Zutaten weist es im Geschmack wahrnehmbare Nuancen auf, die je nach Herkunft und Art der Olive, aus der es gewonnen wurde, variieren. Hochwertige native Oliven\u00f6le extra haben eine ausgepr\u00e4gte Bitterkeit und Sch\u00e4rfe, was sie einzigartig macht und den Gerichten, in denen sie verwendet werden, einen au\u00dfergew\u00f6hnlichen Geschmack verleiht. Diese Eigenschaften wecken jede Menge Neugierde, und viele Leute fragen uns, warum Oliven\u00f6l bitter und pikant schmeckt.<\/p><h2><strong>Warum ist ein natives Oliven\u00f6l extra pikant und bitter?<\/strong><\/h2><ol><li>Eigenschaften, die dem \u00d6l seine Sch\u00e4rfe und Bitterkeit verleihen.<\/li><\/ol><p style=\"padding-left: 40px;\">1.1. Bitterkeit des nativen Oliven\u00f6ls extra.<\/p><p style=\"padding-left: 40px;\">1.2. Sch\u00e4rfe des nativen Oliven\u00f6ls extra.<\/p><ol start=\"2\"><li>Unterschiede zwischen den verschiedenen Olivensorten.<\/li><\/ol><p style=\"padding-left: 40px;\">2.1. Picual.<\/p><p style=\"padding-left: 40px;\">2.2. Cornicabra.<\/p><p style=\"padding-left: 40px;\">2.3. Hojiblanca.<\/p><p style=\"padding-left: 40px;\">2.4. Empeltre.<\/p><p style=\"padding-left: 40px;\">2.5. Arbequina.<\/p><h3><strong>1. Eigenschaften, die dem \u00d6l Sch\u00e4rfe und Bitterkeit verleihen.<\/strong><\/h3><p>Sowohl Sch\u00e4rfe als auch Bitterkeit eines nativen Oliven\u00f6ls extra sind Teil dessen, was wir als organoleptische Eigenschaften des Produkts kennen. Viele dieser \u00d6le haben, je nach Sorte, unverwechselbare Nuancen: es k\u00f6nnen fruchtige, frische \u00d6le sein, mit Mandel- oder Tomaten-Aromen, usw. Allerdings sind Bitterkeit und Sch\u00e4rfe von nativem Oliven\u00f6l extra (beides positive Eigenschaften) in der Regel bei Qualit\u00e4tsprodukten zu finden, die fr\u00fch geerntet werden.<\/p><p>Natives Oliven\u00f6l extra aus fr\u00fcher Ernte, meist Anfang Oktober, zeichnet sich durch eine kr\u00e4ftigere Farbe und einen intensiveren Geschmack aus. Zwar ist es aufwendiger zu beschaffen, daf\u00fcr ist die Ergiebigkeit in der K\u00fcche gr\u00f6\u00dfer, die Aromakonzentration und die Geschmacksstoffe sind h\u00f6her und die Textur geschmeidiger.<\/p><p>Erw\u00e4hnenswert ist in diesem Fall auch, dass f\u00fcr eine maximale Qualit\u00e4t die Abl\u00e4ufe bei der Ernte, der Lagerung der Oliven und der Herstellung des \u00d6ls sorgf\u00e4ltig \u00fcberwacht werden m\u00fcssen. Es gibt viele Faktoren, die eine vorzeitige Oxidation der Olive, d.h. den Verlust ihrer organoleptischen Eigenschaften, bewirken k\u00f6nnen.<\/p><p>Aus diesem Grund werden sie in \u00d6lm\u00fchlen gelagert, die die Oliven vor Licht und Lufteinwirkung sch\u00fctzen. Bei der anschlie\u00dfenden Gewinnung des \u00d6ls wird ein mechanisches Kaltextraktionsverfahren angewandt, das den Erhalt der organoleptischen Eigenschaften der Fr\u00fcchte, wie z.B. Bitterkeit und Sch\u00e4rfe, gew\u00e4hrleistet.<\/p><p>Genauer gesagt sind <strong>diese Eigenschaften<\/strong>, die bei der Verkostung eines \u00d6ls aus einer guten fr\u00fchen Ernte f\u00fcr den Gaumen sp\u00fcrbar sind, auf die <strong>Konzentration von \u00d6ls\u00e4ure, Polyphenolen und nat\u00fcrlichen Antioxidantien in diesem Produkt zur\u00fcckzuf\u00fchren<\/strong>, <strong>die es vor Oxidation sch\u00fctzen<\/strong> und die &#8211; wie wir bereits mehrfach erw\u00e4hnt haben \u2013 <a href=\"https:\/\/treurer.com\/beneficios-salud-aceite\/\"><strong>gesundheitsf\u00f6rdernd sind<\/strong><\/a>. Kurzum, die w\u00fcrzigen und bitteren Noten eines nativen Oliven\u00f6ls sind Indikatoren f\u00fcr seine besondere Qualit\u00e4t und hohe Stabilit\u00e4t. Im Einzelnen:<\/p>\t\t\t\t\t\t\t\t<\/div>\n\t\t\t\t<\/div>\n\t\t\t\t\t<\/div>\n\t\t<\/div>\n\t\t\t\t\t<\/div>\n\t\t<\/section>\n\t\t\t\t<section class=\"elementor-section elementor-top-section elementor-element elementor-element-2142dbef elementor-section-boxed elementor-section-height-default elementor-section-height-default\" data-id=\"2142dbef\" data-element_type=\"section\">\n\t\t\t\t\t\t<div class=\"elementor-container elementor-column-gap-default\">\n\t\t\t\t\t<div class=\"elementor-column elementor-col-100 elementor-top-column elementor-element elementor-element-c7ee881\" data-id=\"c7ee881\" data-element_type=\"column\">\n\t\t\t<div class=\"elementor-widget-wrap elementor-element-populated\">\n\t\t\t\t\t\t<div class=\"elementor-element elementor-element-7a9b934a elementor-cta--layout-image-right elementor-cta--skin-classic elementor-animated-content elementor-bg-transform elementor-bg-transform-zoom-in elementor-widget elementor-widget-call-to-action\" data-id=\"7a9b934a\" data-element_type=\"widget\" data-widget_type=\"call-to-action.default\">\n\t\t\t\t<div class=\"elementor-widget-container\">\n\t\t\t\t\t\t\t<a class=\"elementor-cta\" href=\"https:\/\/treurer.com\/de\/olivenol-kaufen\/\">\n\t\t\t\t\t<div class=\"elementor-cta__bg-wrapper\">\n\t\t\t\t<div class=\"elementor-cta__bg elementor-bg\" style=\"background-image: url(https:\/\/treurer.com\/wp-content\/uploads\/Esqueixada-bacalao-dieta-mediterranea-scaled.jpeg);\" role=\"img\" aria-label=\"Esqueixada de Bacalao\"><\/div>\n\t\t\t\t<div class=\"elementor-cta__bg-overlay\"><\/div>\n\t\t\t<\/div>\n\t\t\t\t\t\t\t<div class=\"elementor-cta__content\">\n\t\t\t\t\n\t\t\t\t\t\t\t\t\t<span class=\"elementor-cta__title elementor-cta__content-item elementor-content-item\">\n\t\t\t\t\t\tGENIESSEN SIE ES\t\t\t\t\t<\/span>\n\t\t\t\t\n\t\t\t\t\t\t\t\t\t<div class=\"elementor-cta__description elementor-cta__content-item elementor-content-item\">\n\t\t\t\t\t\t<p>Das native Oliven\u00f6l extra der Sorte Arbequina zeichnet sich durch einen m\u00e4\u00dfig fruchtigen Geschmack in perfekter Harmonie mit einer leichten Bitterkeit und einer milden W\u00fcrze aus. Man kann Noten von gr\u00fcner Tomate, Apfel und sogar Banane herausschmecken.<\/p>\n<p>Durch diese Eigenschaften kann das Oliven\u00f6l der Sorte Arbequina auf alle m\u00f6glichen Arten in der K\u00fcche verwendet werden.<\/p>\n\t\t\t\t\t<\/div>\n\t\t\t\t\n\t\t\t\t\t\t\t\t\t<div class=\"elementor-cta__button-wrapper elementor-cta__content-item elementor-content-item \">\n\t\t\t\t\t<span class=\"elementor-cta__button elementor-button elementor-size-\">\n\t\t\t\t\t\tHEUTE ANFANGEN\t\t\t\t\t<\/span>\n\t\t\t\t\t<\/div>\n\t\t\t\t\t\t\t<\/div>\n\t\t\t\t\t\t<\/a>\n\t\t\t\t\t\t<\/div>\n\t\t\t\t<\/div>\n\t\t\t\t\t<\/div>\n\t\t<\/div>\n\t\t\t\t\t<\/div>\n\t\t<\/section>\n\t\t\t\t<section class=\"elementor-section elementor-top-section elementor-element elementor-element-217ec18 elementor-section-boxed elementor-section-height-default elementor-section-height-default\" data-id=\"217ec18\" data-element_type=\"section\">\n\t\t\t\t\t\t<div class=\"elementor-container elementor-column-gap-default\">\n\t\t\t\t\t<div class=\"elementor-column elementor-col-100 elementor-top-column elementor-element elementor-element-dcdf1f9\" data-id=\"dcdf1f9\" data-element_type=\"column\">\n\t\t\t<div class=\"elementor-widget-wrap elementor-element-populated\">\n\t\t\t\t\t\t<div class=\"elementor-element elementor-element-95b01cd elementor-widget elementor-widget-text-editor\" data-id=\"95b01cd\" data-element_type=\"widget\" data-widget_type=\"text-editor.default\">\n\t\t\t\t<div class=\"elementor-widget-container\">\n\t\t\t\t\t\t\t\t\t<h4><strong>1.1. Die Bitterkeit des nativen Oliven\u00f6ls extra.<\/strong><\/h4><p>Es handelt sich um die elementare Note, die die gr\u00fcne Olive oder die Olive in der Reifezeit charakterisiert, dem idealen Moment ihrer Ernte f\u00fcr die Herstellung des extra nativen Oliven\u00f6ls. Die phenolischen Verbindungen sind chemisch f\u00fcr diese Abstufung verantwortlich, wobei ihr mehr oder weniger starkes Vorhandensein (je nach Olivensorte) f\u00fcr eine mehr oder weniger starke Intensit\u00e4t sorgt. Wie wir bereits erw\u00e4hnt haben, wirkt sich diese Eigenschaft direkt auf die Nutzungsdauer des \u00d6ls aus, da sie gleichbedeutend mit seiner antioxidativen Kraft ist.<\/p><h4><strong>1.2. Die Sch\u00e4rfe des nativen Oliven\u00f6ls extra.<\/strong><\/h4><p>Andererseits hat die pikante Note des \u00d6ls, die bei der Verkostung besonders im Rachen sp\u00fcrbar ist, den gleichen Ursprung wie die Bitterkeit: Polyphenole. Dieses Merkmal zeichnet die \u00d6le der ersten oder fr\u00fchen Saison aus und garantiert ihre antioxidativen und entz\u00fcndungshemmenden Eigenschaften sowie ihre Stabilit\u00e4t.<\/p><figure id=\"attachment_7968\" aria-describedby=\"caption-attachment-7968\" style=\"width: 1920px\" class=\"wp-caption alignnone\"><img fetchpriority=\"high\" decoding=\"async\" class=\"wp-image-7968 size-full\" src=\"https:\/\/treurer.com\/wp-content\/uploads\/amargor-y-picor-del-aceite-de-oliva.jpeg\" alt=\"Warum ist ein natives Oliven\u00f6l extra pikant und bitter?\" width=\"1920\" height=\"1280\" title=\"\" srcset=\"https:\/\/treurer.com\/wp-content\/uploads\/amargor-y-picor-del-aceite-de-oliva.jpeg 1920w, https:\/\/treurer.com\/wp-content\/uploads\/amargor-y-picor-del-aceite-de-oliva-768x512.jpeg 768w, https:\/\/treurer.com\/wp-content\/uploads\/amargor-y-picor-del-aceite-de-oliva-1536x1024.jpeg 1536w, https:\/\/treurer.com\/wp-content\/uploads\/amargor-y-picor-del-aceite-de-oliva-300x200.jpeg 300w, https:\/\/treurer.com\/wp-content\/uploads\/amargor-y-picor-del-aceite-de-oliva-600x400.jpeg 600w\" sizes=\"(max-width: 1920px) 100vw, 1920px\" \/><figcaption id=\"caption-attachment-7968\" class=\"wp-caption-text\">Warum ist ein natives Oliven\u00f6l extra pikant und bitter?<\/figcaption><\/figure><h3><strong>2. Unterschiede zwischen den verschiedenen Olivensorten.<\/strong><\/h3><p>Obwohl der Zeitpunkt der Ernte, die Zusammensetzung des Bodens und das Klima des Gebiets ebenfalls von grundlegender Bedeutung sind, ist es vor allem die Olivensorte, die, wie bereits erw\u00e4hnt, dem nativen Oliven\u00f6l extra spezifische Nuancen, bestimmte organoleptische Eigenschaften verleiht: einzigartige Aromen, Texturen und Ger\u00fcche.<\/p><p>In Spanien, dem weltweit f\u00fchrenden Hersteller von nativem Oliven\u00f6l extra, gibt es eine Vielfalt von Olivenb\u00e4umen und Gebieten mit Herkunftsbezeichnungen. Jeder Typ und jede Region bietet dem Verbraucher eine andere Empfindung, deshalb wollen wir hier \u00fcber die bekanntesten sprechen:<\/p><h4><strong>2.1. Picual.<\/strong><\/h4><p>Die Sorte &#8220;Picual&#8221; ist die am h\u00e4ufigsten vorkommende Sorte in Spanien, in Gegenden wie Ja\u00e9n, C\u00f3rdoba und Granada, aber auch auf der ganzen Welt. Mit ihrer Schnabelform (daher der Name) weist diese Olive Ankl\u00e4nge an gr\u00fcne Fr\u00fcchte, Tomaten und Feigenb\u00e4ume auf. Aus ihr wird ein sehr stabiles \u00d6l gewonnen, das eine betr\u00e4chtliche Bitterkeit und Sch\u00e4rfe aufweist, die den ungewohnten Verbraucher vielleicht nicht \u00fcberzeugt. Erw\u00e4hnenswert ist seine Best\u00e4ndigkeit gegen Oxidation und hohe Temperaturen in der K\u00fcche.<\/p><h4><strong>2.2. Cornicabra.<\/strong><\/h4><p>An zweiter Stelle, bezogen auf die Anbaufl\u00e4che in Spanien, finden wir die Cornicabra, eine Olivensorte aus Provinzen wie Madrid, Toledo, Ciudad Real, C\u00e1ceres und Badajoz, mit einem Aroma und Geschmack mit einer reif-fruchtigen Komponente, bei der Apfel und Tomate im Vordergrund stehen. Seine krautigen Noten und der leicht bittere und w\u00fcrzige Anklang machen das Cornicabra, abgesehen davon, dass es ein stabiles \u00d6l ist, zu einem guten Produkt f\u00fcr die Zubereitung von Ofengerichten.<\/p><h4><strong>2.3. Hojiblanca.<\/strong><\/h4><p>Hierbei handelt es sich um eine f\u00fcr Andalusien typische Olivensorte, die an frisches Gras erinnert und gewisse Mandel-, Artischocken- und Gew\u00fcrzpflanzennoten enth\u00e4lt. Auch sein Geschmack ist s\u00fc\u00dfer, mit wenig Bitterkeit und einer leicht w\u00fcrzigen Note. Da es mehr ges\u00e4ttigte Fette als andere Sorten hat, eignet es sich in der Regel zur Herstellung von Emulsionen, Vinaigretten, Cremes, Pasta und Konserven.<\/p><h4><strong>2.1.<\/strong><strong> Empeltre.<\/strong><\/h4><p>Die &#8221;Empeltre&#8221; ist eine der am weitesten verbreiteten Sorten in unserem Land und kommt auch auf den Balearen sowie im aragonischen und katalanischen Raum vor. Aus dieser Olivensorte entstehen native \u00d6le extra mit s\u00fc\u00dfer Note und minimaler Bitterkeit und Sch\u00e4rfe. Die fruchtigen Nuancen von gr\u00fcnem Apfel und Mandel machen diese Sorte, die einen hohen Anteil an Tocopherolen enth\u00e4lt, besonders geeignet f\u00fcr die Zubereitung von kalten Speisen und Saucen.<\/p><h4><strong>2.1.<\/strong><strong> Arbequina.<\/strong><\/h4><p>Wie nicht anders zu erwarten, ist unser Favorit eine kleine Olive mit einer sehr guten Fettausbeute, sehr wohlriechend und von hoher Qualit\u00e4t, ideal f\u00fcr jeden Verbrauchertyp. Die Sorte Arbequina, die in Katalonien und auf Mallorca sehr pr\u00e4sent ist, verf\u00fcgt \u00fcber ein fruchtiges Aroma und einen fruchtigen Geschmack, d.h. eine Nuance, die speziell an Apfel und Banane erinnert.<\/p><p>Dank seiner leicht s\u00fc\u00dflichen Geschmacksnoten ist es ideal f\u00fcr die Zubereitung von kalten Gerichten und So\u00dfen, zum Garen von Fisch, Fleisch und Gem\u00fcse und nat\u00fcrlich als Ersatz f\u00fcr Schmalz beim Backen. Sein leicht w\u00fcrziger und leicht bitterer Geschmack verleiht ihm eine gro\u00dfe Vielseitigkeit bei der Zubereitung verschiedener Gerichte. Genau wie unser Gourmet-Produkt mit Herkunftsbezeichnung:: <a href=\"https:\/\/treurer.com\/aceite-de-mallorca\/\">Treurer natives Oliven\u00f6l<\/a> extra.<\/p>\t\t\t\t\t\t\t\t<\/div>\n\t\t\t\t<\/div>\n\t\t\t\t\t<\/div>\n\t\t<\/div>\n\t\t\t\t\t<\/div>\n\t\t<\/section>\n\t\t\t\t<section class=\"elementor-section elementor-top-section elementor-element elementor-element-3cea087 elementor-section-boxed elementor-section-height-default elementor-section-height-default\" data-id=\"3cea087\" data-element_type=\"section\" data-settings=\"{&quot;background_background&quot;:&quot;classic&quot;}\">\n\t\t\t\t\t\t<div class=\"elementor-container elementor-column-gap-default\">\n\t\t\t\t\t<div class=\"elementor-column elementor-col-100 elementor-top-column elementor-element elementor-element-55ff481\" data-id=\"55ff481\" data-element_type=\"column\">\n\t\t\t<div class=\"elementor-widget-wrap elementor-element-populated\">\n\t\t\t\t\t\t<section class=\"elementor-section elementor-inner-section elementor-element elementor-element-865a6bd elementor-section-boxed elementor-section-height-default elementor-section-height-default\" data-id=\"865a6bd\" data-element_type=\"section\">\n\t\t\t\t\t\t<div class=\"elementor-container elementor-column-gap-default\">\n\t\t\t\t\t<div class=\"elementor-column elementor-col-50 elementor-inner-column elementor-element elementor-element-6aede17\" data-id=\"6aede17\" data-element_type=\"column\">\n\t\t\t<div class=\"elementor-widget-wrap elementor-element-populated\">\n\t\t\t\t\t\t<div class=\"elementor-element elementor-element-15298ff elementor-widget elementor-widget-text-editor\" data-id=\"15298ff\" data-element_type=\"widget\" data-widget_type=\"text-editor.default\">\n\t\t\t\t<div class=\"elementor-widget-container\">\n\t\t\t\t\t\t\t\t\t<p>Melden Sie sich f\u00fcr unseren monatlichen Newsletter<\/p>\t\t\t\t\t\t\t\t<\/div>\n\t\t\t\t<\/div>\n\t\t\t\t<div class=\"elementor-element elementor-element-c77e217 elementor-widget elementor-widget-shortcode\" data-id=\"c77e217\" data-element_type=\"widget\" data-widget_type=\"shortcode.default\">\n\t\t\t\t<div class=\"elementor-widget-container\">\n\t\t\t\t\t\t\t<div class=\"elementor-shortcode\">\n\t\t\t\t\t\t<script>\n\t\t\t\t\t\t\twindow.hsFormsOnReady = window.hsFormsOnReady || [];\n\t\t\t\t\t\t\twindow.hsFormsOnReady.push(()=>{\n\t\t\t\t\t\t\t\thbspt.forms.create({\n\t\t\t\t\t\t\t\t\tportalId: 7873078,\n\t\t\t\t\t\t\t\t\tformId: \"c245c912-e98a-43e5-b8d7-fd3decbe29ab\",\n\t\t\t\t\t\t\t\t\ttarget: \"#hbspt-form-1777359960000-3904441535\",\n\t\t\t\t\t\t\t\t\tregion: \"na1\",\n\t\t\t\t\t\t\t\t\t\n\t\t\t\t\t\t\t})});\n\t\t\t\t\t\t<\/script>\n\t\t\t\t\t\t<div class=\"hbspt-form\" id=\"hbspt-form-1777359960000-3904441535\"><\/div><\/div>\n\t\t\t\t\t\t<\/div>\n\t\t\t\t<\/div>\n\t\t\t\t\t<\/div>\n\t\t<\/div>\n\t\t\t\t<div class=\"elementor-column elementor-col-50 elementor-inner-column elementor-element elementor-element-831466a\" data-id=\"831466a\" data-element_type=\"column\" data-settings=\"{&quot;background_background&quot;:&quot;slideshow&quot;,&quot;background_slideshow_gallery&quot;:[{&quot;id&quot;:14193,&quot;url&quot;:&quot;https:\\\/\\\/treurer.com\\\/wp-content\\\/uploads\\\/2C6A7932-1.jpg&quot;},{&quot;id&quot;:14197,&quot;url&quot;:&quot;https:\\\/\\\/treurer.com\\\/wp-content\\\/uploads\\\/2C6A8589-1.jpg&quot;},{&quot;id&quot;:14201,&quot;url&quot;:&quot;https:\\\/\\\/treurer.com\\\/wp-content\\\/uploads\\\/Finca-de-aceite-de-oliva-arbequina-1.jpeg&quot;},{&quot;id&quot;:14205,&quot;url&quot;:&quot;https:\\\/\\\/treurer.com\\\/wp-content\\\/uploads\\\/dieta-mediterra\\u0301nea-1.jpg&quot;},{&quot;id&quot;:14209,&quot;url&quot;:&quot;https:\\\/\\\/treurer.com\\\/wp-content\\\/uploads\\\/Captura-de-pantalla-2021-02-02-a-las-16.23.22-1.png&quot;}],&quot;background_slideshow_loop&quot;:&quot;yes&quot;,&quot;background_slideshow_slide_duration&quot;:5000,&quot;background_slideshow_slide_transition&quot;:&quot;fade&quot;,&quot;background_slideshow_transition_duration&quot;:500}\">\n\t\t\t<div class=\"elementor-widget-wrap\">\n\t\t\t\t\t\t\t<\/div>\n\t\t<\/div>\n\t\t\t\t\t<\/div>\n\t\t<\/section>\n\t\t\t\t\t<\/div>\n\t\t<\/div>\n\t\t\t\t\t<\/div>\n\t\t<\/section>\n\t\t\t\t<\/div>\n\t\t","protected":false},"excerpt":{"rendered":"<p>Natives Oliven\u00f6l extra weist Nuancen wie Sch\u00e4rfe und Bitterkeit auf, die je nach Herkunft und Olivensorte variieren.<\/p>\n","protected":false},"author":4,"featured_media":7968,"comment_status":"closed","ping_status":"closed","sticky":false,"template":"","format":"standard","meta":{"_acf_changed":false,"content-type":"","_joinchat":[],"footnotes":""},"categories":[159,160],"tags":[],"class_list":["post-9131","post","type-post","status-publish","format-standard","has-post-thumbnail","hentry","category-olivenoelkultur","category-gourmet-blog"],"acf":[],"_links":{"self":[{"href":"https:\/\/treurer.com\/de\/wp-json\/wp\/v2\/posts\/9131","targetHints":{"allow":["GET"]}}],"collection":[{"href":"https:\/\/treurer.com\/de\/wp-json\/wp\/v2\/posts"}],"about":[{"href":"https:\/\/treurer.com\/de\/wp-json\/wp\/v2\/types\/post"}],"author":[{"embeddable":true,"href":"https:\/\/treurer.com\/de\/wp-json\/wp\/v2\/users\/4"}],"replies":[{"embeddable":true,"href":"https:\/\/treurer.com\/de\/wp-json\/wp\/v2\/comments?post=9131"}],"version-history":[{"count":8,"href":"https:\/\/treurer.com\/de\/wp-json\/wp\/v2\/posts\/9131\/revisions"}],"predecessor-version":[{"id":30170,"href":"https:\/\/treurer.com\/de\/wp-json\/wp\/v2\/posts\/9131\/revisions\/30170"}],"wp:featuredmedia":[{"embeddable":true,"href":"https:\/\/treurer.com\/de\/wp-json\/wp\/v2\/media\/7968"}],"wp:attachment":[{"href":"https:\/\/treurer.com\/de\/wp-json\/wp\/v2\/media?parent=9131"}],"wp:term":[{"taxonomy":"category","embeddable":true,"href":"https:\/\/treurer.com\/de\/wp-json\/wp\/v2\/categories?post=9131"},{"taxonomy":"post_tag","embeddable":true,"href":"https:\/\/treurer.com\/de\/wp-json\/wp\/v2\/tags?post=9131"}],"curies":[{"name":"wp","href":"https:\/\/api.w.org\/{rel}","templated":true}]}}