{"id":42808,"date":"2025-11-06T17:00:14","date_gmt":"2025-11-06T16:00:14","guid":{"rendered":"https:\/\/treurer.com\/?p=42808"},"modified":"2025-11-30T12:03:12","modified_gmt":"2025-11-30T11:03:12","slug":"cuevas-del-drach","status":"publish","type":"post","link":"https:\/\/treurer.com\/de\/cuevas-del-drach\/","title":{"rendered":"Cuevas del Drach"},"content":{"rendered":"\t\t<div data-elementor-type=\"wp-post\" data-elementor-id=\"42808\" class=\"elementor elementor-42808 elementor-42428\" data-elementor-post-type=\"post\">\n\t\t\t\t\t\t<section class=\"elementor-section elementor-top-section elementor-element elementor-element-5b220c4 elementor-section-boxed elementor-section-height-default elementor-section-height-default\" data-id=\"5b220c4\" data-element_type=\"section\">\n\t\t\t\t\t\t<div class=\"elementor-container elementor-column-gap-default\">\n\t\t\t\t\t<div class=\"elementor-column elementor-col-100 elementor-top-column elementor-element elementor-element-a3c2965\" data-id=\"a3c2965\" data-element_type=\"column\">\n\t\t\t<div class=\"elementor-widget-wrap elementor-element-populated\">\n\t\t\t\t\t\t<div class=\"elementor-element elementor-element-1a7829c elementor-widget elementor-widget-text-editor\" data-id=\"1a7829c\" data-element_type=\"widget\" data-widget_type=\"text-editor.default\">\n\t\t\t\t<div class=\"elementor-widget-container\">\n\t\t\t\t\t\t\t\t\t<p>Die <strong>Cuevas del Drach<\/strong> (Drach-H\u00f6hlen) in <strong>Porto Cristo (Manacor)<\/strong> sind eine der meistbesuchten Sehensw\u00fcrdigkeiten Mallorcas und ein Muss f\u00fcr alle, die mehr als nur die Str\u00e4nde der Insel entdecken m\u00f6chten. Diese unterirdischen H\u00f6hlen beeindrucken durch ihre spektakul\u00e4ren Stalaktiten- und Stalagmitenformationen, vor allem aber durch den <strong>Martel-See<\/strong>, einen der gr\u00f6\u00dften unterirdischen Seen der Welt, in dem ein <strong>Live-Konzert mit klassischer Musik<\/strong> stattfindet, das den Besuch zu einem einzigartigen Erlebnis macht.<\/p><p>\u00a0<\/p><p>In diesem Artikel finden Sie praktische Informationen f\u00fcr die Planung Ihres Besuchs: Anfahrt, \u00d6ffnungszeiten, Eintrittskarten, was Sie auf der Tour erwartet und Tipps, wie Sie Ihren Besuch in den Cuevas del Drach optimal nutzen k\u00f6nnen, sowie Vorschl\u00e4ge f\u00fcr Ausflugsziele in der N\u00e4he, die den Ausflug erg\u00e4nzen.<\/p>\t\t\t\t\t\t\t\t<\/div>\n\t\t\t\t<\/div>\n\t\t\t\t\t<\/div>\n\t\t<\/div>\n\t\t\t\t\t<\/div>\n\t\t<\/section>\n\t\t\t\t<section class=\"elementor-section elementor-top-section elementor-element elementor-element-63f0a28 elementor-section-boxed elementor-section-height-default elementor-section-height-default\" data-id=\"63f0a28\" data-element_type=\"section\">\n\t\t\t\t\t\t<div class=\"elementor-container elementor-column-gap-default\">\n\t\t\t\t\t<div class=\"elementor-column elementor-col-100 elementor-top-column elementor-element elementor-element-fcf6787\" data-id=\"fcf6787\" data-element_type=\"column\">\n\t\t\t<div class=\"elementor-widget-wrap elementor-element-populated\">\n\t\t\t\t\t\t<div class=\"elementor-element elementor-element-fc05e6a elementor-widget elementor-widget-text-editor\" data-id=\"fc05e6a\" data-element_type=\"widget\" data-widget_type=\"text-editor.default\">\n\t\t\t\t<div class=\"elementor-widget-container\">\n\t\t\t\t\t\t\t\t\t<div id=\"ez-toc-container\" class=\"ez-toc-v2_0_82_2 counter-hierarchy ez-toc-counter ez-toc-custom ez-toc-container-direction\">\n<div class=\"ez-toc-title-container\">\n<p class=\"ez-toc-title\" style=\"cursor:inherit\">Contenidos \/ Contents<\/p>\n<span class=\"ez-toc-title-toggle\"><\/span><\/div>\n<nav><ul class='ez-toc-list ez-toc-list-level-1 ' ><li class='ez-toc-page-1 ez-toc-heading-level-2'><a class=\"ez-toc-link ez-toc-heading-1\" href=\"https:\/\/treurer.com\/de\/cuevas-del-drach\/#Was_sind_die_Cuevas_del_Drach_und_was_macht_sie_so_besonders\" >Was sind die Cuevas del Drach und was macht sie so besonders?<\/a><\/li><li class='ez-toc-page-1 ez-toc-heading-level-2'><a class=\"ez-toc-link ez-toc-heading-2\" href=\"https:\/\/treurer.com\/de\/cuevas-del-drach\/#Anfahrt_und_Parkmoeglichkeiten\" >Anfahrt und Parkm\u00f6glichkeiten<\/a><\/li><li class='ez-toc-page-1 ez-toc-heading-level-2'><a class=\"ez-toc-link ez-toc-heading-3\" href=\"https:\/\/treurer.com\/de\/cuevas-del-drach\/#Besuch_der_Finca_Treurer_am_selben_Tag\" >Besuch der Finca Treurer am selben Tag<\/a><\/li><li class='ez-toc-page-1 ez-toc-heading-level-2'><a class=\"ez-toc-link ez-toc-heading-4\" href=\"https:\/\/treurer.com\/de\/cuevas-del-drach\/#Organisation_des_Besuchs_der_Cuevas_del_Drach_Rundgang_Konzert_und_Bootsfahrt\" >Organisation des Besuchs der Cuevas del Drach: Rundgang, Konzert und Bootsfahrt<\/a><ul class='ez-toc-list-level-3' ><li class='ez-toc-heading-level-3'><a class=\"ez-toc-link ez-toc-heading-5\" href=\"https:\/\/treurer.com\/de\/cuevas-del-drach\/#Der_Martel-See_das_Herzstueck_der_Cuevas_del_Drach\" >Der Martel-See: das Herzst\u00fcck der Cuevas del Drach<\/a><ul class='ez-toc-list-level-4' ><li class='ez-toc-heading-level-4'><a class=\"ez-toc-link ez-toc-heading-6\" href=\"https:\/\/treurer.com\/de\/cuevas-del-drach\/#Ein_weltweit_einzigartiger_See\" >Ein weltweit einzigartiger See<\/a><\/li><\/ul><\/li><\/ul><\/li><li class='ez-toc-page-1 ez-toc-heading-level-2'><a class=\"ez-toc-link ez-toc-heading-7\" href=\"https:\/\/treurer.com\/de\/cuevas-del-drach\/#Oeffnungszeiten_Eintrittskarten_und_beste_Besuchszeiten_fuer_die_Cuevas_del_Drach\" >\u00d6ffnungszeiten, Eintrittskarten und beste Besuchszeiten f\u00fcr die Cuevas del Drach<\/a><ul class='ez-toc-list-level-3' ><li class='ez-toc-heading-level-3'><a class=\"ez-toc-link ez-toc-heading-8\" href=\"https:\/\/treurer.com\/de\/cuevas-del-drach\/#Preise_und_Eintrittskarten\" >Preise und Eintrittskarten<\/a><\/li><li class='ez-toc-page-1 ez-toc-heading-level-3'><a class=\"ez-toc-link ez-toc-heading-9\" href=\"https:\/\/treurer.com\/de\/cuevas-del-drach\/#Wichtige_praktische_Informationen\" >Wichtige praktische Informationen<\/a><\/li><\/ul><\/li><li class='ez-toc-page-1 ez-toc-heading-level-2'><a class=\"ez-toc-link ez-toc-heading-10\" href=\"https:\/\/treurer.com\/de\/cuevas-del-drach\/#Praktische_Tipps_fuer_den_Besuch_der_Cuevas_del_Drach\" >Praktische Tipps f\u00fcr den Besuch der Cuevas del Drach<\/a><\/li><li class='ez-toc-page-1 ez-toc-heading-level-2'><a class=\"ez-toc-link ez-toc-heading-11\" href=\"https:\/\/treurer.com\/de\/cuevas-del-drach\/#Sehenswuerdigkeiten_in_der_Naehe_Porto_Cristo_und_die_Buchten_von_Levante\" >Sehensw\u00fcrdigkeiten in der N\u00e4he: Porto Cristo und die Buchten von Levante<\/a><\/li><\/ul><\/nav><\/div>\n<h2><span class=\"ez-toc-section\" id=\"Was_sind_die_Cuevas_del_Drach_und_was_macht_sie_so_besonders\"><\/span>Was sind die Cuevas del Drach und was macht sie so besonders?<span class=\"ez-toc-section-end\"><\/span><\/h2><p>Die <strong>Cuevas del Drach<\/strong> sind ein unterirdischer Komplex von fast <strong>1.200 Metern L\u00e4nge<\/strong> und bis zu <strong>25 Metern Tiefe<\/strong>, der sich an der Ostk\u00fcste Mallorcas in <strong>Porto Cristo<\/strong> befindet. Seine Geschichte als besuchbarer Ort reicht bis ins 19. Jahrhundert zur\u00fcck, als die ersten dokumentierten Erkundungen begannen.<\/p><p>Die Tour erm\u00f6glicht den Zugang zu vier gro\u00dfen Galerien: der Cueva Negra, der Cueva Blanca, der Cueva de Luis Salvador und der Cueva de los Franceses. Alle zeichnen sich durch Stalaktiten- und Stalagmitenformationen aus, die dank der im 20. Jahrhundert entworfenen Beleuchtung eine spektakul\u00e4re Atmosph\u00e4re schaffen.<\/p><p>Der H\u00f6hepunkt ist der <strong>Martel-See<\/strong> mit einer L\u00e4nge von <strong>170 Metern<\/strong>, der als einer der gr\u00f6\u00dften unterirdischen Seen der Welt gilt. Hier findet jeden Tag ein <strong>Live-Konzert mit klassischer Musik<\/strong> statt, bei dem die St\u00fccke von beleuchteten Booten aus gespielt werden, die auf dem Wasser schwimmen. Diese Kombination aus Natur und Kunst macht den Besuch zu einem einzigartigen Erlebnis auf der Insel.<\/p><p>Au\u00dferdem haben Sie am Ende der Tour die M\u00f6glichkeit, <strong>den See mit dem Boot zu \u00fcberqueren<\/strong>, eine kurze Aktivit\u00e4t, die von den Besuchern jedoch sehr gesch\u00e4tzt wird.<\/p>\t\t\t\t\t\t\t\t<\/div>\n\t\t\t\t<\/div>\n\t\t\t\t<div class=\"elementor-element elementor-element-892cc44 elementor-widget elementor-widget-image\" data-id=\"892cc44\" data-element_type=\"widget\" data-widget_type=\"image.default\">\n\t\t\t\t<div class=\"elementor-widget-container\">\n\t\t\t\t\t\t\t\t\t\t\t\t<figure class=\"wp-caption\">\n\t\t\t\t\t\t\t\t\t\t\t<a href=\"https:\/\/es.wikipedia.org\/wiki\/Eclipse_solar_del_12_de_agosto_de_2026\" target=\"_blank\" rel=\"noopener\">\n\t\t\t\t\t\t\t<img fetchpriority=\"high\" decoding=\"async\" width=\"1536\" height=\"1024\" src=\"https:\/\/treurer.com\/wp-content\/uploads\/Cuevas-Drach-1536x1024.jpg\" class=\"attachment-1536x1536 size-1536x1536 wp-image-42348\" alt=\"Cuevas del Drach, Mallorca\" srcset=\"https:\/\/treurer.com\/wp-content\/uploads\/Cuevas-Drach-1536x1024.jpg 1536w, https:\/\/treurer.com\/wp-content\/uploads\/Cuevas-Drach-768x512.jpg 768w, https:\/\/treurer.com\/wp-content\/uploads\/Cuevas-Drach-200x133.jpg 200w, https:\/\/treurer.com\/wp-content\/uploads\/Cuevas-Drach-300x200.jpg 300w, https:\/\/treurer.com\/wp-content\/uploads\/Cuevas-Drach-600x400.jpg 600w, https:\/\/treurer.com\/wp-content\/uploads\/Cuevas-Drach-64x43.jpg 64w, https:\/\/treurer.com\/wp-content\/uploads\/Cuevas-Drach.jpg 1920w\" sizes=\"(max-width: 1536px) 100vw, 1536px\" title=\"\">\t\t\t\t\t\t\t\t<\/a>\n\t\t\t\t\t\t\t\t\t\t\t<figcaption class=\"widget-image-caption wp-caption-text\">Cuevas del Drach, Mallorca<\/figcaption>\n\t\t\t\t\t\t\t\t\t\t<\/figure>\n\t\t\t\t\t\t\t\t\t<\/div>\n\t\t\t\t<\/div>\n\t\t\t\t<div class=\"elementor-element elementor-element-cba37e2 elementor-widget elementor-widget-text-editor\" data-id=\"cba37e2\" data-element_type=\"widget\" data-widget_type=\"text-editor.default\">\n\t\t\t\t<div class=\"elementor-widget-container\">\n\t\t\t\t\t\t\t\t\t<h2><span class=\"ez-toc-section\" id=\"Anfahrt_und_Parkmoeglichkeiten\"><\/span>Anfahrt und Parkm\u00f6glichkeiten<span class=\"ez-toc-section-end\"><\/span><\/h2><p>Die <strong>Cuevas del Drach<\/strong> befinden sich in <strong>Porto Cristo<\/strong> in der Gemeinde <strong>Manacor<\/strong>, etwa <strong>65 km von Palma<\/strong> entfernt und sind \u00fcber eine gut ausgebaute Stra\u00dfe zu erreichen.<\/p><ul><li><strong>Mit dem Auto<\/strong>: Von Palma aus dauert die Fahrt etwa <strong>50 Minuten<\/strong> \u00fcber die Autobahn Ma-15 in Richtung Manacor, von dort aus folgt man den Schildern nach Porto Cristo. Dies ist die bequemste Option, um sich flexibel auf der Insel fortzubewegen.<\/li><li><strong>Mit \u00f6ffentlichen Verkehrsmitteln<\/strong>: Es gibt Buslinien, die Palma und andere touristische Orte mit Porto Cristo verbinden, allerdings sind die Fahrten in der Regel l\u00e4nger und weniger h\u00e4ufig als mit dem Auto.<\/li><li><strong>Mit organisierten Ausfl\u00fcgen<\/strong>: Viele Agenturen und Hotels bieten Kombi-Touren an, die den Transport, Eintrittskarten und manchmal auch Zwischenstopps an anderen Sehensw\u00fcrdigkeiten in der Umgebung beinhalten.<\/li><\/ul><p>Das Gel\u00e4nde verf\u00fcgt \u00fcber einen <strong>gro\u00dfen kostenlosen Parkplatz<\/strong> direkt neben dem Haupteingang, was den Besuch mit dem Mietwagen erleichtert. In den Sommermonaten empfiehlt es sich, fr\u00fchzeitig anzureisen, um leicht einen Parkplatz zu finden und Warteschlangen an der Kasse zu vermeiden.<\/p>\t\t\t\t\t\t\t\t<\/div>\n\t\t\t\t<\/div>\n\t\t\t\t<div class=\"elementor-element elementor-element-a6de3b5 elementor-widget elementor-widget-text-editor\" data-id=\"a6de3b5\" data-element_type=\"widget\" data-widget_type=\"text-editor.default\">\n\t\t\t\t<div class=\"elementor-widget-container\">\n\t\t\t\t\t\t\t\t\t<h2><span class=\"ez-toc-section\" id=\"Besuch_der_Finca_Treurer_am_selben_Tag\"><\/span>Besuch der Finca Treurer am selben Tag<span class=\"ez-toc-section-end\"><\/span><\/h2><p>Wenn Sie im <strong>S\u00fcden, Westen oder Nordwesten Mallorcas<\/strong> \u00fcbernachten, f\u00fchrt die Route nach <strong>Porto Cristo<\/strong> zum Besuch der Cuevas del Drach in der Regel durch die Gemeinde <strong>Algaida<\/strong>. So k\u00f6nnen Sie Ihren Tag besser organisieren und einen <strong>Stopp auf der Finca Treurer<\/strong> einlegen, bevor Sie die K\u00fcste erreichen.<\/p><p>Eine sehr empfehlenswerte Option ist es, <a href=\"https:\/\/treurer.com\/producto\/excursion-visita-finca-mallorca\/\"><b>den Besuch der Finca f\u00fcr 11:00 Uhr zu planen<\/b><\/a>, mit einem Rundgang durch den Olivenhain und die \u00d6lm\u00fchle und einer Verkostung von nativem Oliven\u00f6l extra, begleitet von lokalen Produkten. Auf diese Weise findet der Vormittag in einer ruhigen und authentischen landwirtschaftlichen Umgebung statt, bevor man sich am Nachmittag in die unterirdische Welt der H\u00f6hlen begibt.<\/p><p>Auf dem Landgut haben Sie die M\u00f6glichkeit:<\/p><ul><li><strong>Spazieren Sie zwischen Olivenb\u00e4umen<\/strong> und lernen Sie aus erster Hand den traditionellen und nachhaltigen Anbau dieses mediterranen Baumes kennen.<\/li><li><strong>Verkostung von nativem Oliven\u00f6l extra<\/strong> mit Schwarzbrot und lokalen Produkten, mit Erl\u00e4uterungen zu den verschiedenen Geschmacks- und Aromanuancen.<\/li><li>Genie\u00dfen Sie eine ruhige Umgebung mitten in der Natur, perfekt zum Entspannen.<\/li><li>Besuchen Sie den <strong>Laden der Finca<\/strong>, wo Sie vor Ort hergestelltes \u00d6l und andere Produkte aus Oliven finden, die sich ideal als authentisches Souvenir von der Insel eignen.<\/li><\/ul><p>Die Cuevas del Drach und die Finca Treurer an einem Tag zu kombinieren, ist eine M\u00f6glichkeit, zwei sehr unterschiedliche Seiten Mallorcas miteinander zu verbinden: die unterirdische Sch\u00f6nheit der Levante und die landwirtschaftliche Essenz des Landesinneren.<\/p><p>Nach dem Erlebnis in Treurer dauert die Fahrt zu den <strong>Cuevas del Drach<\/strong> 40 Minuten, sodass Sie beide Ausfl\u00fcge ohne Eile miteinander verbinden k\u00f6nnen. So k\u00f6nnen Sie an einem einzigen Tag <strong>zwei sehr unterschiedliche Seiten Mallorcas<\/strong> genie\u00dfen: das l\u00e4ndliche Flair des Landesinneren und die spektakul\u00e4re Natur der Levante.<\/p>\t\t\t\t\t\t\t\t<\/div>\n\t\t\t\t<\/div>\n\t\t\t\t\t<\/div>\n\t\t<\/div>\n\t\t\t\t\t<\/div>\n\t\t<\/section>\n\t\t\t\t<section class=\"elementor-section elementor-top-section elementor-element elementor-element-770fe109 elementor-section-boxed elementor-section-height-default elementor-section-height-default\" data-id=\"770fe109\" data-element_type=\"section\">\n\t\t\t\t\t\t<div class=\"elementor-container elementor-column-gap-default\">\n\t\t\t\t\t<div class=\"elementor-column elementor-col-100 elementor-top-column elementor-element elementor-element-18dfff9a\" data-id=\"18dfff9a\" data-element_type=\"column\">\n\t\t\t<div class=\"elementor-widget-wrap elementor-element-populated\">\n\t\t\t\t\t\t<div class=\"elementor-element elementor-element-1fc30181 elementor-cta--layout-image-right elementor-cta--mobile-layout-image-above elementor-cta--skin-classic elementor-animated-content elementor-bg-transform elementor-bg-transform-zoom-in elementor-widget elementor-widget-call-to-action\" data-id=\"1fc30181\" data-element_type=\"widget\" data-widget_type=\"call-to-action.default\">\n\t\t\t\t<div class=\"elementor-widget-container\">\n\t\t\t\t\t\t\t<a class=\"elementor-cta\" href=\"https:\/\/treurer.com\/de\/hotel-mallorca-treurer\/\">\n\t\t\t\t\t<div class=\"elementor-cta__bg-wrapper\">\n\t\t\t\t<div class=\"elementor-cta__bg elementor-bg\" style=\"background-image: url(https:\/\/treurer.com\/wp-content\/uploads\/Agroturismo-Algaida-Mallorca-768x432.jpeg);\" role=\"img\" aria-label=\"Agroturismo en Algaida, Mallorca - Vista cenital\"><\/div>\n\t\t\t\t<div class=\"elementor-cta__bg-overlay\"><\/div>\n\t\t\t<\/div>\n\t\t\t\t\t\t\t<div class=\"elementor-cta__content\">\n\t\t\t\t\n\t\t\t\t\t\t\t\t\t<span class=\"elementor-cta__title elementor-cta__content-item elementor-content-item\">\n\t\t\t\t\t\tESCAPE. \t\t\t\t\t<\/span>\n\t\t\t\t\n\t\t\t\t\t\t\t\t\t<div class=\"elementor-cta__description elementor-cta__content-item elementor-content-item\">\n\t\t\t\t\t\t<p>Ein unvergesslicher Besuch auf Mallorca<\/p>\n<p>Genie\u00dfen Sie die Ruhe unseres familiengef\u00fchrten Agritourismus im Herzen Mallorcas, wo Olivenhaine und atemberaubende Ausblicke eine Oase des Friedens schaffen.<\/p>\n<p>Nur wenige Minuten von der Hauptstadt und den Str\u00e4nden entfernt, ist unser Agritourismus der perfekte Ort, um abzuschalten und die authentische Essenz der Insel zu genie\u00dfen.<\/p>\n\t\t\t\t\t<\/div>\n\t\t\t\t\n\t\t\t\t\t\t\t\t\t<div class=\"elementor-cta__button-wrapper elementor-cta__content-item elementor-content-item \">\n\t\t\t\t\t<span class=\"elementor-cta__button elementor-button elementor-size-\">\n\t\t\t\t\t\tHEUTE BUCHEN\t\t\t\t\t<\/span>\n\t\t\t\t\t<\/div>\n\t\t\t\t\t\t\t<\/div>\n\t\t\t\t\t\t<\/a>\n\t\t\t\t\t\t<\/div>\n\t\t\t\t<\/div>\n\t\t\t\t\t<\/div>\n\t\t<\/div>\n\t\t\t\t\t<\/div>\n\t\t<\/section>\n\t\t\t\t<section class=\"elementor-section elementor-top-section elementor-element elementor-element-5572b3c elementor-section-boxed elementor-section-height-default elementor-section-height-default\" data-id=\"5572b3c\" data-element_type=\"section\">\n\t\t\t\t\t\t<div class=\"elementor-container elementor-column-gap-default\">\n\t\t\t\t\t<div class=\"elementor-column elementor-col-100 elementor-top-column elementor-element elementor-element-fec5cab\" data-id=\"fec5cab\" data-element_type=\"column\">\n\t\t\t<div class=\"elementor-widget-wrap elementor-element-populated\">\n\t\t\t\t\t\t<div class=\"elementor-element elementor-element-f8851c8 elementor-widget elementor-widget-text-editor\" data-id=\"f8851c8\" data-element_type=\"widget\" data-widget_type=\"text-editor.default\">\n\t\t\t\t<div class=\"elementor-widget-container\">\n\t\t\t\t\t\t\t\t\t<h2><span class=\"ez-toc-section\" id=\"Organisation_des_Besuchs_der_Cuevas_del_Drach_Rundgang_Konzert_und_Bootsfahrt\"><\/span>Organisation des Besuchs der Cuevas del Drach: Rundgang, Konzert und Bootsfahrt<span class=\"ez-toc-section-end\"><\/span><\/h2><p>Der Besuch der <strong>Cuevas del Drach<\/strong> ist gut organisiert und auf gro\u00dfe Gruppen ausgerichtet, ohne jedoch das pers\u00f6nliche Erlebnis zu beeintr\u00e4chtigen.<\/p><ul><li><strong>Rundgang<\/strong>: Die Route umfasst etwa <strong>200 Meter<\/strong> an unterirdischen G\u00e4ngen und S\u00e4len. Der Boden ist befestigt und strategisch beleuchtet, kann jedoch an einigen Stellen rutschig sein. Es wird empfohlen, bequemes Schuhwerk zu tragen. Die Gesamtdauer betr\u00e4gt etwa <strong>eine Stunde<\/strong>.<\/li><li><strong>Klassikkonzert<\/strong>: Am Ende der Tour gelangt man zum <strong>Lago Martel<\/strong>, wo ein <strong>etwa 10-min\u00fctiges Live-Konzert<\/strong> geboten wird. Eine Gruppe von Musikern spielt klassische St\u00fccke von kleinen beleuchteten Booten aus, die sanft \u00fcber das Wasser gleiten. Dies ist der H\u00f6hepunkt des Besuchs und macht diese H\u00f6hlen zu einem einzigartigen Ort im Mittelmeerraum.<\/li><li><strong>Bootsfahrt<\/strong>: Nach dem Konzert k\u00f6nnen die Besucher w\u00e4hlen, ob sie <strong>zu Fu\u00df<\/strong> durch einen Seitengang hinausgehen oder eine <strong>kurze Bootsfahrt<\/strong> \u00fcber den Martel-See unternehmen m\u00f6chten. Obwohl diese nur wenige Minuten dauert, ist sie ein sehr empfehlenswertes Erlebnis, insbesondere f\u00fcr diejenigen, die mit Kindern reisen.<\/li><\/ul><p>Der Besucherstrom wird durch Zeitpl\u00e4ne geregelt, wodurch sichergestellt wird, dass alle Besucher das Konzert und den Besuch der H\u00f6hle ohne \u00fcberm\u00e4\u00dfige Menschenansammlungen genie\u00dfen k\u00f6nnen.<\/p>\t\t\t\t\t\t\t\t<\/div>\n\t\t\t\t<\/div>\n\t\t\t\t<div class=\"elementor-element elementor-element-cd1fe39 elementor-widget elementor-widget-html\" data-id=\"cd1fe39\" data-element_type=\"widget\" data-widget_type=\"html.default\">\n\t\t\t\t<div class=\"elementor-widget-container\">\n\t\t\t\t\t<h3><span class=\"ez-toc-section\" id=\"Der_Martel-See_das_Herzstueck_der_Cuevas_del_Drach\"><\/span>Der Martel-See: das Herzst\u00fcck der Cuevas del Drach<span class=\"ez-toc-section-end\"><\/span><\/h3>\n<section class=\"mj-recuadro\" aria-label=\u201eMartel-See Cuevas del Drach\u201c>\n<style>\n.mj-recuadro{background:#f0f7ff;border:1px solid #d6e6ff;border-radius:14px;padding:18px}\n.mj-recuadro h3{margin-top:0;color:#1f2a37}\n.mj-recuadro p{margin:6px 0;color:#374151}\n.mj-pill{display:inline-block;background:#fff;border:1px solid #d6e6ff;border-radius:999px;padding:4px 10px;margin:6px 6px 0 0;font-size:12px;color:#2f6fbe}\n<\/style>\n<h4><span class=\"ez-toc-section\" id=\"Ein_weltweit_einzigartiger_See\"><\/span><strong>Ein weltweit einzigartiger See<\/strong><span class=\"ez-toc-section-end\"><\/span><\/h4>\n<p>Der 170 Meter lange <strong>Lac Martel<\/strong> ist einer der <strong>gr\u00f6\u00dften unterirdischen Seen der Welt<\/strong>. Die Kombination aus Natur und Live-Musik macht ihn zu einem ganz besonderen Highlight des Besuchs. <\/p>\n<div>\n<span class=\"mj-pill\">Live-Konzert<\/span>\n<span class=\"mj-pill\">Boot optional<\/span>\n<span class=\"mj-pill\">K\u00fcnstlerische Beleuchtung<\/span>\n<\/div>\n<\/section>\t\t\t\t<\/div>\n\t\t\t\t<\/div>\n\t\t\t\t<div class=\"elementor-element elementor-element-957468e elementor-widget elementor-widget-image\" data-id=\"957468e\" data-element_type=\"widget\" data-widget_type=\"image.default\">\n\t\t\t\t<div class=\"elementor-widget-container\">\n\t\t\t\t\t\t\t\t\t\t\t\t\t\t\t<img decoding=\"async\" width=\"1920\" height=\"1280\" src=\"https:\/\/treurer.com\/wp-content\/uploads\/Lago-Martel-Cuevas-Drach-Mallorca.jpg\" class=\"attachment-large size-large wp-image-42352\" alt=\"Lago Martel - Cuevas del Drach, Mallorca\" srcset=\"https:\/\/treurer.com\/wp-content\/uploads\/Lago-Martel-Cuevas-Drach-Mallorca.jpg 1920w, https:\/\/treurer.com\/wp-content\/uploads\/Lago-Martel-Cuevas-Drach-Mallorca-768x512.jpg 768w, https:\/\/treurer.com\/wp-content\/uploads\/Lago-Martel-Cuevas-Drach-Mallorca-200x133.jpg 200w, https:\/\/treurer.com\/wp-content\/uploads\/Lago-Martel-Cuevas-Drach-Mallorca-1536x1024.jpg 1536w, https:\/\/treurer.com\/wp-content\/uploads\/Lago-Martel-Cuevas-Drach-Mallorca-300x200.jpg 300w, https:\/\/treurer.com\/wp-content\/uploads\/Lago-Martel-Cuevas-Drach-Mallorca-600x400.jpg 600w, https:\/\/treurer.com\/wp-content\/uploads\/Lago-Martel-Cuevas-Drach-Mallorca-64x43.jpg 64w\" sizes=\"(max-width: 1920px) 100vw, 1920px\" title=\"\">\t\t\t\t\t\t\t\t\t\t\t\t\t\t\t<\/div>\n\t\t\t\t<\/div>\n\t\t\t\t\t<\/div>\n\t\t<\/div>\n\t\t\t\t\t<\/div>\n\t\t<\/section>\n\t\t\t\t<section class=\"elementor-section elementor-top-section elementor-element elementor-element-d8be5ec elementor-section-boxed elementor-section-height-default elementor-section-height-default\" data-id=\"d8be5ec\" data-element_type=\"section\">\n\t\t\t\t\t\t<div class=\"elementor-container elementor-column-gap-default\">\n\t\t\t\t\t<div class=\"elementor-column elementor-col-100 elementor-top-column elementor-element elementor-element-58788b4\" data-id=\"58788b4\" data-element_type=\"column\">\n\t\t\t<div class=\"elementor-widget-wrap elementor-element-populated\">\n\t\t\t\t\t\t<div class=\"elementor-element elementor-element-41e24c0 elementor-widget elementor-widget-text-editor\" data-id=\"41e24c0\" data-element_type=\"widget\" data-widget_type=\"text-editor.default\">\n\t\t\t\t<div class=\"elementor-widget-container\">\n\t\t\t\t\t\t\t\t\t<h2><span class=\"ez-toc-section\" id=\"Oeffnungszeiten_Eintrittskarten_und_beste_Besuchszeiten_fuer_die_Cuevas_del_Drach\"><\/span>\u00d6ffnungszeiten, Eintrittskarten und beste Besuchszeiten f\u00fcr die Cuevas del Drach<span class=\"ez-toc-section-end\"><\/span><\/h2><p>Die <strong>Cuevas del Drach<\/strong> sind ganzj\u00e4hrig ge\u00f6ffnet, au\u00dfer am <strong>25. Dezember und am 1. Januar<\/strong>, da sind sie geschlossen. Die \u00d6ffnungszeiten sind in verschiedene Tageszeiten unterteilt und h\u00e4ngen von der Saison ab:<\/p><ul><li><strong>Vom 1. November bis zum 16. M\u00e4rz<\/strong>: 10:30 Uhr, 12:00 Uhr, 14:00 Uhr und 15:30 Uhr.<\/li><li><strong>Vom 17. M\u00e4rz bis zum 31. Oktober<\/strong>: 10:00 Uhr, 11:00 Uhr, 12:00 Uhr, 14:00 Uhr, 15:00 Uhr, 16:00 Uhr und 17:00 Uhr.<\/li><\/ul><p>Die <strong>Dauer des Besuchs betr\u00e4gt etwa eine Stunde<\/strong>, einschlie\u00dflich des Konzerts am Martelsee und der M\u00f6glichkeit, mit dem Boot \u00fcberzusetzen.<\/p><h3><span class=\"ez-toc-section\" id=\"Preise_und_Eintrittskarten\"><\/span>Preise und Eintrittskarten<span class=\"ez-toc-section-end\"><\/span><\/h3><p>Der Kauf von Eintrittskarten <strong>online ist g\u00fcnstiger<\/strong> als an der Kasse und erm\u00f6glicht es Ihnen au\u00dferdem, <strong>den genauen Tag und die Uhrzeit zu reservieren<\/strong>, wodurch Wartezeiten und Probleme mit der Verf\u00fcgbarkeit vermieden werden.<\/p><ul><li><strong>Erwachsene (ab 13 Jahren)<\/strong>: 17,50 \u20ac online | 18,50 \u20ac an der Kasse<\/li><li><strong>Kinder (3 bis 12 Jahre)<\/strong>: 10,50 \u20ac online | 11,50 \u20ac an der Kasse<\/li><li><strong>Kleinkinder (0 bis 2 Jahre)<\/strong>: kostenlos, kein Ticket erforderlich<\/li><\/ul><p>Alle Eintrittskarten beinhalten:<\/p><ul><li><strong>Live-Konzert am Martel-See<\/strong>.<\/li><li><strong>Optionale Bootsfahrt<\/strong> auf dem See ohne zus\u00e4tzliche Kosten.<\/li><\/ul><h3><span class=\"ez-toc-section\" id=\"Wichtige_praktische_Informationen\"><\/span>Wichtige praktische Informationen<span class=\"ez-toc-section-end\"><\/span><\/h3><ul><li>Die Besichtigungen finden <strong>in Gruppen, jedoch ohne F\u00fchrung<\/strong> statt.<\/li><li>Die Innentemperatur bleibt das ganze Jahr \u00fcber stabil zwischen <strong>17 \u00baC und 21 \u00baC<\/strong>.<\/li><li>Der <strong>Regen hat keinen Einfluss<\/strong> auf den Besuch.<\/li><li>Es ist nicht m\u00f6glich, Eintrittskarten telefonisch zu reservieren.<\/li><li>Online-Tickets k\u00f6nnen <strong>auf dem Handy mitgenommen werden<\/strong>, ohne dass sie ausgedruckt werden m\u00fcssen.<\/li><li>Der Zugang erfolgt direkt am Eingang der H\u00f6hle zur reservierten Uhrzeit, ohne Umweg \u00fcber die Kasse.<\/li><li>Das <strong>Ticket gibt die genaue Eintrittszeit an<\/strong>. Es wird empfohlen, <strong>15 Minuten vorher<\/strong> anzureisen, da der Eingang etwa 200 Meter vom Parkplatz entfernt ist.<\/li><li>Die Eintrittskarten k\u00f6nnen bis zu <strong>30 Tage im Voraus<\/strong> erworben werden.<\/li><\/ul>\t\t\t\t\t\t\t\t<\/div>\n\t\t\t\t<\/div>\n\t\t\t\t<div class=\"elementor-element elementor-element-ee2d613 elementor-widget elementor-widget-html\" data-id=\"ee2d613\" data-element_type=\"widget\" data-widget_type=\"html.default\">\n\t\t\t\t<div class=\"elementor-widget-container\">\n\t\t\t\t\t<section class=\"mj-tabla\" aria-label=\u201eTabelle mit \u00d6ffnungszeiten und Preisen der Cuevas del Drach\u201c>\n<style>\n.mj-tabla{--bg:#f7f9fb;--line:#e5edf4;--txt:#1f2a37;--accent:#2f6fbe;border:1px solid var(--line);border-radius:14px;background:var(--bg);padding:20px}\n.mj-table{width:100%;border-collapse:separate;border-spacing:0;overflow:hidden;border-radius:10px}\n.mj-table th{Hintergrund:#fff;Schriftst\u00e4rke:700;Farbe:var(--txt);Unterer Rand:2px durchgehend var(--line);Abstand:12px 14px;Textausrichtung:links}\n.mj-table td{padding:12px 14px;border-bottom:1px solid var(--line);background:#fff}\n.mj-table tr:nth-child(odd) td{background:#fcfdff}\n<\/style>\n<table class=\"mj-table\">\n<thead>\n<tr>\n<th>Saison<\/th>\n<th>\u00d6ffnungszeiten<\/th>\n<th>Preis f\u00fcr Erwachsene (online\/Kasse)<\/th>\n<th>Preis f\u00fcr Kinder von 3 bis 12 Jahren (online\/Kasse)<\/th>\n<\/tr>\n<\/thead>\n<tbody>\n<tr>\n<td>1. November \u2013 16. M\u00e4rz<\/td>\n<td>10:30, 12:00, 14:00 und 15:30 Uhr<\/td>\n<td>17,50 \u20ac \/ 18,50 \u20ac<\/td>\n<td>10,50 \u20ac \/ 11,50 \u20ac<\/td>\n<\/tr>\n<tr>\n<td>17. M\u00e4rz \u2013 31. Oktober<\/td>\n<td>10:00, 11:00, 12:00, 14:00, 15:00, 16:00 und 17:00 Uhr<\/td>\n<td>17,50 \u20ac \/ 18,50 \u20ac<\/td>\n<td>10,50 \u20ac \/ 11,50 \u20ac<\/td>\n<\/tr>\n<tr>\n<td>25. Dez. und 1. Jan. <\/td>\n<td colspan=\"3\">Geschlossen<\/td>\n<\/tr>\n<\/tbody>\n<\/table>\n<p style=\"margin-top:12px; font-size:15px; color:#333;\">\nBabys von 0 bis 2 Jahren haben freien Eintritt (ohne Ticket). Der Besuch dauert 1 Stunde und beinhaltet ein Konzert am Martel-See und eine optionale Bootsfahrt.\n<strong>Kaufen Sie online, um sich einen Platz zu sichern und den besten Preis zu erhalten. <\/strong>\n<\/p>\n\t\t\t\t<\/div>\n\t\t\t\t<\/div>\n\t\t\t\t<div class=\"elementor-element elementor-element-4020d96 elementor-widget elementor-widget-text-editor\" data-id=\"4020d96\" data-element_type=\"widget\" data-widget_type=\"text-editor.default\">\n\t\t\t\t<div class=\"elementor-widget-container\">\n\t\t\t\t\t\t\t\t\t<h2><span class=\"ez-toc-section\" id=\"Praktische_Tipps_fuer_den_Besuch_der_Cuevas_del_Drach\"><\/span>Praktische Tipps f\u00fcr den Besuch der Cuevas del Drach<span class=\"ez-toc-section-end\"><\/span><\/h2><p>Der Besuch der <strong>Cuevas del Drach<\/strong> ist ein Erlebnis, das f\u00fcr alle Reisenden zug\u00e4nglich und geeignet ist, wobei jedoch einige praktische Aspekte zu beachten sind:<\/p><ul><li><strong>Familien mit Kindern<\/strong>: Die Tour ist dank der Beleuchtung und der Bootsfahrt auch f\u00fcr die Kleinsten attraktiv. Es empfiehlt sich, Wasser mitzunehmen und im Sommer die fr\u00fchen Morgenstunden zu nutzen, um lange Wartezeiten zu vermeiden.<\/li><li><strong>Barrierefreiheit<\/strong>: Der Rundgang umfasst Stege und Treppen und ist daher nicht vollst\u00e4ndig f\u00fcr Rollstuhlfahrer oder Menschen mit eingeschr\u00e4nkter Mobilit\u00e4t geeignet. Vor dem Besuch sollten Sie sich direkt bei der Organisation erkundigen.<\/li><li><strong>Fotografie<\/strong>: Das Fotografieren ohne Blitz ist erlaubt. Es wird empfohlen, die Kamera oder das Mobiltelefon auf Nachtmodus oder hohe ISO-Werte einzustellen, um die Formationen ohne Verwacklungen aufzunehmen. Die Verwendung von Stativen oder Selfie-Sticks ist nicht gestattet.<\/li><li><strong>Dauer und Tempo<\/strong>: Der gesamte Besuch dauert etwa <strong>eine Stunde<\/strong> und ist bequem zu bew\u00e4ltigen, obwohl es in der Hochsaison etwas voller sein kann. Geschlossenes Schuhwerk verhindert Ausrutschen in feuchten Bereichen.<\/li><li><strong>Innenklima<\/strong>: Die Temperatur im Inneren der H\u00f6hle liegt das ganze Jahr \u00fcber bei etwa <strong>20 \u00b0C<\/strong>, sodass man im Sommer den Kontrast zur Hitze drau\u00dfen zu sch\u00e4tzen wei\u00df.<\/li><\/ul>\t\t\t\t\t\t\t\t<\/div>\n\t\t\t\t<\/div>\n\t\t\t\t<div class=\"elementor-element elementor-element-a87e5e2 elementor-widget elementor-widget-html\" data-id=\"a87e5e2\" data-element_type=\"widget\" data-widget_type=\"html.default\">\n\t\t\t\t<div class=\"elementor-widget-container\">\n\t\t\t\t\t<section class=\"mj-tips\" aria-label=\u201eTipps f\u00fcr den Besuch der Cuevas del Drach\u201c>\n<style>\n.mj-tips{display:grid;gap:12px;background:#ffffff;border:1px solid #e5edf4;border-radius:14px;padding:18px}\n.mj-tip{display:flex;align-items:flex-start;gap:10px}\n.mj-ico{width:10px;height:10px;background:#2f6fbe;border-radius:50%;margin-top:6px;flex:0 0 10px;box-shadow:0 0 0 6px rgba(47,111,190,.08)}\n.mj-txt{margin:0;color:#374151}\n<\/style>\n<div class=\"mj-tip\"><span class=\"mj-ico\"><\/span><p class=\"mj-txt\"><strong>Kommen Sie fr\u00fchzeitig<\/strong>, um Warteschlangen zu vermeiden und problemlos zu parken. <\/p><\/div>\n<div class=\"mj-tip\"><span class=\"mj-ico\"><\/span><p class=\"mj-txt\"><strong>Kaufen Sie online<\/strong> <a href=\"https:\/\/www.cuevasdeldrach.com\/venta-entradas.php\" target=\"_blank\" rel=\"noopener\">Ihre Eintrittskarten<\/a>, um sich in der Hochsaison die Verf\u00fcgbarkeit zu sichern. <\/p><\/div>\n<div class=\"mj-tip\"><span class=\"mj-ico\"><\/span><p class=\"mj-txt\"><strong>Tragen Sie bequemes Schuhwerk<\/strong>: Der Boden kann in einigen Bereichen feucht sein. <\/p><\/div>\n<div class=\"mj-tip\"><span class=\"mj-ico\"><\/span><p class=\"mj-txt\"><strong>Fotos ohne Blitz<\/strong> sind erlaubt, Stative und Selfie-Sticks jedoch nicht.\n<div class=\"mj-tip\"><span class=\"mj-ico\"><\/span><p class=\"mj-txt\"><strong>Nutzen Sie das ganzj\u00e4hrig konstante Raumklima von 20 \u00b0C als Erholung von der Hitze drau\u00dfen. <\/p><\/div>\n<\/section>\n\t\t\t\t<\/div>\n\t\t\t\t<\/div>\n\t\t\t\t<div class=\"elementor-element elementor-element-d2faefa elementor-widget elementor-widget-image\" data-id=\"d2faefa\" data-element_type=\"widget\" data-widget_type=\"image.default\">\n\t\t\t\t<div class=\"elementor-widget-container\">\n\t\t\t\t\t\t\t\t\t\t\t\t\t\t\t<img decoding=\"async\" width=\"1920\" height=\"1282\" src=\"https:\/\/treurer.com\/wp-content\/uploads\/Cuevas-Drach-Mallorca.jpg\" class=\"attachment-large size-large wp-image-42344\" alt=\"Cuevas del Drach, mallorca\" srcset=\"https:\/\/treurer.com\/wp-content\/uploads\/Cuevas-Drach-Mallorca.jpg 1920w, https:\/\/treurer.com\/wp-content\/uploads\/Cuevas-Drach-Mallorca-768x513.jpg 768w, https:\/\/treurer.com\/wp-content\/uploads\/Cuevas-Drach-Mallorca-200x134.jpg 200w, https:\/\/treurer.com\/wp-content\/uploads\/Cuevas-Drach-Mallorca-1536x1026.jpg 1536w, https:\/\/treurer.com\/wp-content\/uploads\/Cuevas-Drach-Mallorca-300x200.jpg 300w, https:\/\/treurer.com\/wp-content\/uploads\/Cuevas-Drach-Mallorca-600x401.jpg 600w, https:\/\/treurer.com\/wp-content\/uploads\/Cuevas-Drach-Mallorca-64x43.jpg 64w\" sizes=\"(max-width: 1920px) 100vw, 1920px\" title=\"\">\t\t\t\t\t\t\t\t\t\t\t\t\t\t\t<\/div>\n\t\t\t\t<\/div>\n\t\t\t\t<div class=\"elementor-element elementor-element-1207821 elementor-widget elementor-widget-text-editor\" data-id=\"1207821\" data-element_type=\"widget\" data-widget_type=\"text-editor.default\">\n\t\t\t\t<div class=\"elementor-widget-container\">\n\t\t\t\t\t\t\t\t\t<h2><span class=\"ez-toc-section\" id=\"Sehenswuerdigkeiten_in_der_Naehe_Porto_Cristo_und_die_Buchten_von_Levante\"><\/span>Sehensw\u00fcrdigkeiten in der N\u00e4he: Porto Cristo und die Buchten von Levante<span class=\"ez-toc-section-end\"><\/span><\/h2><p>Der Besuch der <strong>Cuevas del Drach<\/strong> l\u00e4sst sich gut mit anderen Sehensw\u00fcrdigkeiten in der Umgebung von <strong>Porto Cristo<\/strong> und an der Levante-K\u00fcste Mallorcas verbinden.<\/p><ul><li><strong>Porto Cristo<\/strong>: ehemaliger Fischerhafen, der zu einem ruhigen Reiseziel umgebaut wurde. Sein <strong>Stadtstrand mit feinem Sand<\/strong> ist ideal, um nach dem Besuch ein Bad zu nehmen. An der Strandpromenade gibt es Restaurants, die auf frischen Fisch und Meeresfr\u00fcchte spezialisiert sind. Auch der Yachthafen und die Stra\u00dfen der Altstadt sind einen Besuch wert.<\/li><li><strong>Cuevas dels Hams<\/strong>: Nur wenige Autominuten entfernt bieten diese H\u00f6hlen einen k\u00fcrzeren Rundgang mit einem anderen Schwerpunkt. Sie sind ber\u00fchmt f\u00fcr ihre k\u00fcnstlerische Beleuchtung in Form von \u201eHaken\u201c, die dem Ort seinen Namen geben.<\/li><li><strong>Nahegelegene Buchten<\/strong>: Entlang der K\u00fcste finden Sie Str\u00e4nde, die weniger \u00fcberlaufen sind als Porto Cristo. Einige empfehlenswerte sind <strong>Cala Rom\u00e0ntica, Cala Anguila und Cala Varques<\/strong> (letztere ist wilder und nur zu Fu\u00df erreichbar).<\/li><li><strong>Torre del Serral dels Falcons<\/strong>: Wehrturm aus dem 16. Jahrhundert mit Panoramablick \u00fcber die K\u00fcste. Ein idealer Aussichtspunkt f\u00fcr Fotografen und Geschichtsliebhaber.<\/li><li><strong>Manacor<\/strong>: Die Hauptstadt der Gemeinde ist bekannt f\u00fcr ihre Tradition in der Herstellung von M\u00f6beln und Kunstperlen. Das Zentrum von Rafa Nadal mit Museum und Tennisakademie ist eine weitere Attraktion f\u00fcr alle, die etwas Besonderes suchen.<\/li><\/ul><p>Mit diesen Vorschl\u00e4gen l\u00e4sst sich der Ausflug zu den Cuevas del Drach zu einem ganzen Tag voller Natur, Kultur und Meer gestalten.<\/p>\t\t\t\t\t\t\t\t<\/div>\n\t\t\t\t<\/div>\n\t\t\t\t\t<\/div>\n\t\t<\/div>\n\t\t\t\t\t<\/div>\n\t\t<\/section>\n\t\t\t\t<\/div>\n\t\t","protected":false},"excerpt":{"rendered":"<p>Entdecken Sie die Cuevas del Drach auf Mallorca: eine unterirdische Welt mit spektakul\u00e4ren Formationen, dem beleuchteten Lago Martel und einem unvergesslichen Live-Konzert unter der Erde.<\/p>\n","protected":false},"author":4,"featured_media":42348,"comment_status":"closed","ping_status":"closed","sticky":false,"template":"","format":"standard","meta":{"_acf_changed":false,"content-type":"","_joinchat":[],"footnotes":""},"categories":[159,231],"tags":[],"class_list":["post-42808","post","type-post","status-publish","format-standard","has-post-thumbnail","hentry","category-olivenoelkultur","category-turismo-de"],"acf":[],"_links":{"self":[{"href":"https:\/\/treurer.com\/de\/wp-json\/wp\/v2\/posts\/42808","targetHints":{"allow":["GET"]}}],"collection":[{"href":"https:\/\/treurer.com\/de\/wp-json\/wp\/v2\/posts"}],"about":[{"href":"https:\/\/treurer.com\/de\/wp-json\/wp\/v2\/types\/post"}],"author":[{"embeddable":true,"href":"https:\/\/treurer.com\/de\/wp-json\/wp\/v2\/users\/4"}],"replies":[{"embeddable":true,"href":"https:\/\/treurer.com\/de\/wp-json\/wp\/v2\/comments?post=42808"}],"version-history":[{"count":10,"href":"https:\/\/treurer.com\/de\/wp-json\/wp\/v2\/posts\/42808\/revisions"}],"predecessor-version":[{"id":42984,"href":"https:\/\/treurer.com\/de\/wp-json\/wp\/v2\/posts\/42808\/revisions\/42984"}],"wp:featuredmedia":[{"embeddable":true,"href":"https:\/\/treurer.com\/de\/wp-json\/wp\/v2\/media\/42348"}],"wp:attachment":[{"href":"https:\/\/treurer.com\/de\/wp-json\/wp\/v2\/media?parent=42808"}],"wp:term":[{"taxonomy":"category","embeddable":true,"href":"https:\/\/treurer.com\/de\/wp-json\/wp\/v2\/categories?post=42808"},{"taxonomy":"post_tag","embeddable":true,"href":"https:\/\/treurer.com\/de\/wp-json\/wp\/v2\/tags?post=42808"}],"curies":[{"name":"wp","href":"https:\/\/api.w.org\/{rel}","templated":true}]}}