{"id":37294,"date":"2021-06-17T08:00:59","date_gmt":"2021-06-17T06:00:59","guid":{"rendered":"https:\/\/treurer.com\/?p=37294"},"modified":"2024-09-16T15:30:13","modified_gmt":"2024-09-16T13:30:13","slug":"veranstaltung-auf-mallorca","status":"publish","type":"post","link":"https:\/\/treurer.com\/de\/veranstaltung-auf-mallorca\/","title":{"rendered":"Tipps f\u00fcr die Organisation einer Veranstaltung auf Mallorca"},"content":{"rendered":"\t\t<div data-elementor-type=\"wp-post\" data-elementor-id=\"37294\" class=\"elementor elementor-37294 elementor-9815\" data-elementor-post-type=\"post\">\n\t\t\t\t\t\t<section class=\"elementor-section elementor-top-section elementor-element elementor-element-1a6bf5c elementor-section-boxed elementor-section-height-default elementor-section-height-default\" data-id=\"1a6bf5c\" data-element_type=\"section\">\n\t\t\t\t\t\t<div class=\"elementor-container elementor-column-gap-default\">\n\t\t\t\t\t<div class=\"elementor-column elementor-col-100 elementor-top-column elementor-element elementor-element-2a354a4\" data-id=\"2a354a4\" data-element_type=\"column\">\n\t\t\t<div class=\"elementor-widget-wrap elementor-element-populated\">\n\t\t\t\t\t\t<div class=\"elementor-element elementor-element-b3f0970 elementor-widget elementor-widget-text-editor\" data-id=\"b3f0970\" data-element_type=\"widget\" data-widget_type=\"text-editor.default\">\n\t\t\t\t<div class=\"elementor-widget-container\">\n\t\t\t\t\t\t\t\t\t<p>Si bien en el \u00faltimo a\u00f1o hemos visto un auge de eventos virtuales, especialmente debido a la pandemia, lo cierto es que el cara a cara sigue siendo el m\u00e9todo predilecto de reuni\u00f3n para la mayor\u00eda. Especialmente ahora que con las medidas sanitarias se pueden proporcionar entornos seguros, es el momento de retomar los eventos corporativos presenciales, ya que son la mejor forma de cerrar acuerdos comerciales, socializar en el \u00e1mbito laboral, realizar formaciones y generar contenidos de valor, pero tambi\u00e9n, de disfrutar experiencias inolvidables.<\/p><p>Y sin lugar a dudas, para organizar un evento de estas caracter\u00edsticas, Mallorca es un lugar ideal. Y es que no s\u00f3lo <a href=\"https:\/\/treurer.com\/blog-cultura-oleica\/organizar-boda-en-mallorca\/\" target=\"_blank\" rel=\"noopener\">las parejas nos visitan cada a\u00f1o para llevar a cabo su id\u00edlica boda<\/a>, sino que <strong>muchos empresarios, ya sean de grandes o peque\u00f1as corporaciones, recurren a nuestra isla para planificar su evento empresarial m\u00e1s relevante<\/strong>. No obstante, sin importar su envergadura, un evento no siempre resulta una tarea f\u00e1cil. Por ello, para que planifiques uno con \u00e9xito, logres tus objetivos y seas capaz de adecuarte a un presupuesto, hemos listado los pasos m\u00e1s importantes que debes seguir:<\/p><div id=\"ez-toc-container\" class=\"ez-toc-v2_0_82_2 counter-hierarchy ez-toc-counter ez-toc-custom ez-toc-container-direction\">\n<div class=\"ez-toc-title-container\">\n<p class=\"ez-toc-title\" style=\"cursor:inherit\">Contenidos \/ Contents<\/p>\n<span class=\"ez-toc-title-toggle\"><\/span><\/div>\n<nav><ul class='ez-toc-list ez-toc-list-level-1 ' ><li class='ez-toc-page-1 ez-toc-heading-level-2'><a class=\"ez-toc-link ez-toc-heading-1\" href=\"https:\/\/treurer.com\/de\/veranstaltung-auf-mallorca\/#Los_5_tips_mas_importantes_para_organizar_tu_evento_corporativo_en_Mallorca\" >Los 5 tips m\u00e1s importantes para organizar tu evento corporativo en Mallorca<\/a><ul class='ez-toc-list-level-3' ><li class='ez-toc-heading-level-3'><a class=\"ez-toc-link ez-toc-heading-2\" href=\"https:\/\/treurer.com\/de\/veranstaltung-auf-mallorca\/#1_Para_empezar_define_los_objetivos_de_tu_evento_corporativo\" >1. Para empezar, define los objetivos de tu evento corporativo.<\/a><\/li><li class='ez-toc-page-1 ez-toc-heading-level-3'><a class=\"ez-toc-link ez-toc-heading-3\" href=\"https:\/\/treurer.com\/de\/veranstaltung-auf-mallorca\/#2_Piensa_en_los_asistentes_para_organizar_un_evento_original\" >2. Piensa en los asistentes para organizar un evento original.<\/a><\/li><li class='ez-toc-page-1 ez-toc-heading-level-3'><a class=\"ez-toc-link ez-toc-heading-4\" href=\"https:\/\/treurer.com\/de\/veranstaltung-auf-mallorca\/#3_Elige_el_lugar_y_el_equipo_de_apoyo_adecuado_para_tu_evento\" >3. Elige el lugar y el equipo de apoyo adecuado para tu evento.<\/a><\/li><li class='ez-toc-page-1 ez-toc-heading-level-3'><a class=\"ez-toc-link ez-toc-heading-5\" href=\"https:\/\/treurer.com\/de\/veranstaltung-auf-mallorca\/#4_Crea_un_plan_de_comunicacion_adaptado_a_los_asistentes\" >4. Crea un plan de comunicaci\u00f3n adaptado a los asistentes.<\/a><\/li><li class='ez-toc-page-1 ez-toc-heading-level-3'><a class=\"ez-toc-link ez-toc-heading-6\" href=\"https:\/\/treurer.com\/de\/veranstaltung-auf-mallorca\/#5_Y_finalmente_asegurate_de_conseguir_su_feedback\" >5. Y finalmente, aseg\u00farate de conseguir su feedback.<\/a><\/li><\/ul><\/li><\/ul><\/nav><\/div>\n<h2><span class=\"ez-toc-section\" id=\"Los_5_tips_mas_importantes_para_organizar_tu_evento_corporativo_en_Mallorca\"><\/span>Los 5 tips m\u00e1s importantes para organizar tu evento corporativo en Mallorca<span class=\"ez-toc-section-end\"><\/span><\/h2><ol><li>Para empezar, define los objetivos de tu evento corporativo.<\/li><li>Piensa en los asistentes para organizar un evento original.<\/li><li>Elige el lugar y el equipo de apoyo adecuado para tu evento.<\/li><li>Crea un plan de comunicaci\u00f3n adaptado a los asistentes.<\/li><li>Y finalmente, aseg\u00farate de conseguir su <i>feedback<\/i>.<\/li><\/ol><h3><span class=\"ez-toc-section\" id=\"1_Para_empezar_define_los_objetivos_de_tu_evento_corporativo\"><\/span>1. Para empezar, define los objetivos de tu evento corporativo.<span class=\"ez-toc-section-end\"><\/span><\/h3><p>Especialmente, los corporativos son eventos con una gran capacidad de comunicar un mensaje muy concreto, ya sea entre trabajadores, socios, clientes y potenciales clientes, o bien, entre negocios de un mismo sector. Por esta raz\u00f3n, el motivo, la raz\u00f3n por la cual se realiza un evento corporativo es la base fundamental a la hora de definir los objetivos, de planificarlo y organizarlo.<\/p><p>Desde tan simples como reuniones o cenas de empresa, siguiendo con meetings y conferencias, congresos y simposios, hasta actividades para consolidar las relaciones entre empleados, <strong>los eventos corporativos deben tener objetivos claros y concretos para que su organizaci\u00f3n y desarrollo sea fluidos<\/strong> y se acabe transmitiendo un mensaje claro entre los asistentes. \u00bfPero c\u00f3mo definir los objetivos de forma adecuada?<\/p><ul><li>Como los objetivos empresariales, los de un evento tambi\u00e9n tienen que ser cuantificables y medibles. Es posible que pienses que un evento para mejorar el ambiente laboral no lo debe ser, pero hoy en d\u00eda existen varios modelos de encuestas que pueden determinar c\u00f3mo es la relaci\u00f3n que existe entre trabajadores y si \u00e9sta necesita trabajarse para generar un entorno laboral \u00f3ptimo.<\/li><li>Del mismo modo, los objetivos de tu evento deben considerarse dentro de los objetivos globales de negocio. Ya sea el de generar m\u00e1s ventas, dar formaci\u00f3n necesaria para empleados o para fomentar una idea, consolidar las relaciones laborales, promocionar productos o servicios, etc. el objetivo de un evento debe definirse teniendo en cuenta los objetivos de la empresa que lo organiza.<\/li><\/ul><figure id=\"attachment_9817\" aria-describedby=\"caption-attachment-9817\" style=\"width: 1920px\" class=\"wp-caption alignnone\"><img fetchpriority=\"high\" decoding=\"async\" class=\"size-full wp-image-9817\" src=\"https:\/\/treurer.com\/wp-content\/uploads\/Consejos-para-organizar-un-evento-en-Mallorca.jpeg\" alt=\"Consejos para organizar un evento en Mallorca\" width=\"1920\" height=\"1280\" title=\"\" srcset=\"https:\/\/treurer.com\/wp-content\/uploads\/Consejos-para-organizar-un-evento-en-Mallorca.jpeg 1920w, https:\/\/treurer.com\/wp-content\/uploads\/Consejos-para-organizar-un-evento-en-Mallorca-768x512.jpeg 768w, https:\/\/treurer.com\/wp-content\/uploads\/Consejos-para-organizar-un-evento-en-Mallorca-1536x1024.jpeg 1536w, https:\/\/treurer.com\/wp-content\/uploads\/Consejos-para-organizar-un-evento-en-Mallorca-300x200.jpeg 300w, https:\/\/treurer.com\/wp-content\/uploads\/Consejos-para-organizar-un-evento-en-Mallorca-600x400.jpeg 600w\" sizes=\"(max-width: 1920px) 100vw, 1920px\" \/><figcaption id=\"caption-attachment-9817\" class=\"wp-caption-text\">Organizar un evento en Mallorca<\/figcaption><\/figure><p>Una vez definidos los objetivos principales y secundarios de este evento, el \u00e9xito del mismo depender\u00e1 de cu\u00e1n detallista se sea durante su organizaci\u00f3n. De esta forma el resultado final podr\u00e1 ser la m\u00e1xima satisfacci\u00f3n de los asistentes que, como no, son una de las piezas clave a tener en cuenta durante la planificaci\u00f3n del evento, como hablaremos a continuaci\u00f3n:<\/p><h3><span class=\"ez-toc-section\" id=\"2_Piensa_en_los_asistentes_para_organizar_un_evento_original\"><\/span>2. Piensa en los asistentes para organizar un evento original.<span class=\"ez-toc-section-end\"><\/span><\/h3><p>Si hay algo que tenemos claro en <a href=\"https:\/\/treurer.com\/finca-eventos-mallorca\/\" target=\"_blank\" rel=\"noopener\">Treurer<\/a> es que la satisfacci\u00f3n de nuestros clientes es sumamente importante. Por ello, siempre que hemos organizado un evento, nuestra m\u00e1xima ha sido la de garantizar que los asistentes tuvieran una gran experiencia y que el evento superara sus expectativas. Para ello, la originalidad del mismo es fundamental. Pero como es l\u00f3gico, no se puede ser original sin saber cu\u00e1les son las preferencias de las personas que asistir\u00e1n al evento.<\/p><p>Por esta raz\u00f3n, <strong>uno de los aspectos fundamentales a la hora de organizar un evento corporativo es el de conocer a los asistentes<\/strong>. Este esfuerzo ayudar\u00e1 a planificar y garantizar que la experiencia sea \u00f3ptima y que no s\u00f3lo se cumplen sus expectativas, sino que tambi\u00e9n se alcanzan los objetivos de la empresa. As\u00ed pues, es importante dejar huella en la memoria de los asistentes durante la celebraci\u00f3n del evento, haciendo que este sea original y diferenciador.<\/p><p>Para ello, en funci\u00f3n de los objetivos, hay que analizar las formas de aportar valor a\u00f1adido a los participantes, evitando ideas estandarizadas. En este sentido, no s\u00f3lo es importante conectar con el p\u00fablico desde las primeras comunicaciones del evento, sino tambi\u00e9n definir una tem\u00e1tica y elegir la decoraci\u00f3n, m\u00fasica y catering que vayan en consonancia. Como es l\u00f3gico, en todo esto influir\u00e1 el espacio o escenario de elecci\u00f3n para el evento:<\/p>\t\t\t\t\t\t\t\t<\/div>\n\t\t\t\t<\/div>\n\t\t\t\t<div class=\"elementor-element elementor-element-f676fa5 elementor-cta--layout-image-right elementor-cta--mobile-layout-image-above elementor-cta--skin-classic elementor-animated-content elementor-bg-transform elementor-bg-transform-zoom-in elementor-widget elementor-widget-call-to-action\" data-id=\"f676fa5\" data-element_type=\"widget\" data-widget_type=\"call-to-action.default\">\n\t\t\t\t<div class=\"elementor-widget-container\">\n\t\t\t\t\t\t\t<a class=\"elementor-cta\" href=\"https:\/\/treurer.com\/hotel-treurer\/\">\n\t\t\t\t\t<div class=\"elementor-cta__bg-wrapper\">\n\t\t\t\t<div class=\"elementor-cta__bg elementor-bg\" style=\"background-image: url(https:\/\/treurer.com\/wp-content\/uploads\/Agroturismo-Algaida-Mallorca-768x432.jpeg);\" role=\"img\" aria-label=\"Agroturismo en Algaida, Mallorca - Vista cenital\"><\/div>\n\t\t\t\t<div class=\"elementor-cta__bg-overlay\"><\/div>\n\t\t\t<\/div>\n\t\t\t\t\t\t\t<div class=\"elementor-cta__content\">\n\t\t\t\t\n\t\t\t\t\t\t\t\t\t<span class=\"elementor-cta__title elementor-cta__content-item elementor-content-item\">\n\t\t\t\t\t\tESC\u00c1PATE. \t\t\t\t\t<\/span>\n\t\t\t\t\n\t\t\t\t\t\t\t\t\t<div class=\"elementor-cta__description elementor-cta__content-item elementor-content-item\">\n\t\t\t\t\t\tUna visita inolvidable a Mallorca<br><br>\nDisfruta de la tranquilidad de nuestro agroturismo ubicado en el coraz\u00f3n de Mallorca y gestionado por nuestra familia,  donde los campos de olivos y las vistas impresionantes crean un refugio de paz. \n<br><br>A pocos minutos de la capital y las playas, nuestro agroturismo es el lugar perfecto para desconectar y disfrutar de la aut\u00e9ntica esencia isle\u00f1a. \n<br><br>\t\t\t\t\t<\/div>\n\t\t\t\t\n\t\t\t\t\t\t\t\t\t<div class=\"elementor-cta__button-wrapper elementor-cta__content-item elementor-content-item \">\n\t\t\t\t\t<span class=\"elementor-cta__button elementor-button elementor-size-\">\n\t\t\t\t\t\tRESERVA HOY MISMO\t\t\t\t\t<\/span>\n\t\t\t\t\t<\/div>\n\t\t\t\t\t\t\t<\/div>\n\t\t\t\t\t\t<\/a>\n\t\t\t\t\t\t<\/div>\n\t\t\t\t<\/div>\n\t\t\t\t<div class=\"elementor-element elementor-element-16a0c3b elementor-widget elementor-widget-text-editor\" data-id=\"16a0c3b\" data-element_type=\"widget\" data-widget_type=\"text-editor.default\">\n\t\t\t\t<div class=\"elementor-widget-container\">\n\t\t\t\t\t\t\t\t\t<h3><span class=\"ez-toc-section\" id=\"3_Elige_el_lugar_y_el_equipo_de_apoyo_adecuado_para_tu_evento\"><\/span>3. Elige el lugar y el equipo de apoyo adecuado para tu evento.<span class=\"ez-toc-section-end\"><\/span><\/h3><p>Los eventos corporativos tienden a poner el foco de atenci\u00f3n en la empresa organizadora y, sin importar la envergadura del mismo, suelen ser relevantes a la hora de destacar sobre la competencia, especialmente si tienes en cuenta factores como la creatividad, la innovaci\u00f3n y la sostenibilidad.<\/p><p>Por esta raz\u00f3n, elegir el espacio adecuado para llevarlo a cabo es un paso fundamental. Y como seguramente ya sabes, <a href=\"https:\/\/treurer.com\/blog-cultura-oleica\/lugares-originales-para-eventos-privados-en-mallorca\/\" target=\"_blank\" rel=\"noopener\"><strong>en Mallorca existe una gran cantidad de espacios originales entre los que escoger<\/strong><\/a>. Obviamente, a la hora de elegir el lugar deber\u00e1n tenerse en cuenta los objetivos iniciales y los asistentes.<\/p><figure id=\"attachment_9299\" aria-describedby=\"caption-attachment-9299\" style=\"width: 1920px\" class=\"wp-caption alignnone\"><img decoding=\"async\" class=\"size-full wp-image-9299\" src=\"https:\/\/treurer.com\/wp-content\/uploads\/lugares-originales-donde-celebrar-eventos-privados-en-mallorca.jpeg\" alt=\"lugares originales donde celebrar eventos privados en mallorca\" width=\"1920\" height=\"1280\" title=\"\" srcset=\"https:\/\/treurer.com\/wp-content\/uploads\/lugares-originales-donde-celebrar-eventos-privados-en-mallorca.jpeg 1920w, https:\/\/treurer.com\/wp-content\/uploads\/lugares-originales-donde-celebrar-eventos-privados-en-mallorca-768x512.jpeg 768w, https:\/\/treurer.com\/wp-content\/uploads\/lugares-originales-donde-celebrar-eventos-privados-en-mallorca-1536x1024.jpeg 1536w, https:\/\/treurer.com\/wp-content\/uploads\/lugares-originales-donde-celebrar-eventos-privados-en-mallorca-300x200.jpeg 300w, https:\/\/treurer.com\/wp-content\/uploads\/lugares-originales-donde-celebrar-eventos-privados-en-mallorca-600x400.jpeg 600w\" sizes=\"(max-width: 1920px) 100vw, 1920px\" \/><figcaption id=\"caption-attachment-9299\" class=\"wp-caption-text\">Mallorca cuenta con un gran n\u00famero de lugares donde organizar eventos originales.<\/figcaption><\/figure><p>De esta forma no s\u00f3lo se conseguir\u00e1 crear la atm\u00f3sfera adecuada, a\u00f1adiendo valor a trav\u00e9s de la experiencia, sino que tambi\u00e9n se podr\u00e1n tener en cuenta los recursos energ\u00e9ticos y materiales y el transporte necesario para calcular el impacto sobre el medio, de forma que se garantice una mayor sostenibilidad para el evento dejando, as\u00ed, un legado positivo.<\/p><p>En este sentido, el equipo de apoyo, especialmente aquel que trabaje sobre el terreno, deber\u00e1 ser consciente de cada detalle. La labor de este equipo es trabajar con los recursos necesarios para garantizar que esta sostenibilidad a la vez que se consideran posibles imprevistos, para garantizar siempre la mejor experiencia posible.<\/p><h3><span class=\"ez-toc-section\" id=\"4_Crea_un_plan_de_comunicacion_adaptado_a_los_asistentes\"><\/span>4. Crea un plan de comunicaci\u00f3n adaptado a los asistentes.<span class=\"ez-toc-section-end\"><\/span><\/h3><p>Como hemos comentado previamente, los eventos son grandes instrumentos de comunicaci\u00f3n, eficaces tanto a nivel interno como externo.<strong> El mensaje que se transmite, es decir, el contenido, es tan importante como el escenario donde tiene lugar el evento<\/strong> y, por esta raz\u00f3n, es fundamental generar este contenido y ser capaces de difundirlo de forma eficaz.<\/p><p>En este sentido, <strong>los procesos de comunicaci\u00f3n<\/strong> previos al evento para promocionarlo y publicitarlo, y las comunicaciones posteriores, <strong>son grandes herramientas que convalidan la experiencia que tendr\u00e1n los asistentes<\/strong> y que garantizar\u00e1n el \u00e9xito del evento. As\u00ed pues, ser\u00e1 imprescindible generar previamente este contenido, teni\u00e9ndolo en cuenta dentro de la experiencia global del evento.<\/p><p>Obviamente, hay que pensar que, si el evento es externo, es decir, si se dirige a potenciales clientes y clientes, as\u00ed como a proveedores, el contenido ser\u00e1 distinto de un evento interno, en el que los asistentes est\u00e1n vinculados a la organizaci\u00f3n. No obstante, en ambos casos la comunicaci\u00f3n debe aportar valor, siendo coherente con la imagen (y el mensaje) que est\u00e1 transmitiendo la empresa organizadora.<\/p><h3><span class=\"ez-toc-section\" id=\"5_Y_finalmente_asegurate_de_conseguir_su_feedback\"><\/span>5. Y finalmente, aseg\u00farate de conseguir su <i>feedback<\/i>.<span class=\"ez-toc-section-end\"><\/span><\/h3><p>Pedir la opini\u00f3n de los asistentes demuestra que, como organizador del evento, es importante para ti haber garantizado una experiencia \u00f3ptima y haber satisfecho las expectativas de los asistentes, trabajando para mejorar en el futuro. Por otro lado, gracias a este <i>feedback <\/i>ser\u00e1 posible dar apoyo a los datos cuantificables con los que poder valorar la eficacia del evento y si con \u00e9l se han cumplido, finalmente, los objetivos.<\/p>\t\t\t\t\t\t\t\t<\/div>\n\t\t\t\t<\/div>\n\t\t\t\t\t<\/div>\n\t\t<\/div>\n\t\t\t\t\t<\/div>\n\t\t<\/section>\n\t\t\t\t<section class=\"elementor-section elementor-top-section elementor-element elementor-element-283f465 elementor-section-boxed elementor-section-height-default elementor-section-height-default\" data-id=\"283f465\" data-element_type=\"section\" data-settings=\"{&quot;background_background&quot;:&quot;classic&quot;}\">\n\t\t\t\t\t\t<div class=\"elementor-container elementor-column-gap-default\">\n\t\t\t\t\t<div class=\"elementor-column elementor-col-100 elementor-top-column elementor-element elementor-element-22d213b\" data-id=\"22d213b\" data-element_type=\"column\">\n\t\t\t<div class=\"elementor-widget-wrap elementor-element-populated\">\n\t\t\t\t\t\t<section class=\"elementor-section elementor-inner-section elementor-element elementor-element-c8c5618 elementor-section-boxed elementor-section-height-default elementor-section-height-default\" data-id=\"c8c5618\" data-element_type=\"section\">\n\t\t\t\t\t\t<div class=\"elementor-container elementor-column-gap-default\">\n\t\t\t\t\t<div class=\"elementor-column elementor-col-50 elementor-inner-column elementor-element elementor-element-7ff04f2\" data-id=\"7ff04f2\" data-element_type=\"column\">\n\t\t\t<div class=\"elementor-widget-wrap elementor-element-populated\">\n\t\t\t\t\t\t<div class=\"elementor-element elementor-element-16550f4 elementor-widget elementor-widget-text-editor\" data-id=\"16550f4\" data-element_type=\"widget\" data-widget_type=\"text-editor.default\">\n\t\t\t\t<div class=\"elementor-widget-container\">\n\t\t\t\t\t\t\t\t\t<p>Suscr\u00edbete a nuestra newsletter<\/p>\t\t\t\t\t\t\t\t<\/div>\n\t\t\t\t<\/div>\n\t\t\t\t<div class=\"elementor-element elementor-element-26e4089 elementor-widget elementor-widget-shortcode\" data-id=\"26e4089\" data-element_type=\"widget\" data-widget_type=\"shortcode.default\">\n\t\t\t\t<div class=\"elementor-widget-container\">\n\t\t\t\t\t\t\t<div class=\"elementor-shortcode\">\n\t\t\t\t\t\t<script>\n\t\t\t\t\t\t\twindow.hsFormsOnReady = window.hsFormsOnReady || [];\n\t\t\t\t\t\t\twindow.hsFormsOnReady.push(()=>{\n\t\t\t\t\t\t\t\thbspt.forms.create({\n\t\t\t\t\t\t\t\t\tportalId: 7873078,\n\t\t\t\t\t\t\t\t\tformId: \"298cf7ad-af66-448d-adbd-fd5968fc17ab\",\n\t\t\t\t\t\t\t\t\ttarget: \"#hbspt-form-1777489637000-5120307795\",\n\t\t\t\t\t\t\t\t\tregion: \"na1\",\n\t\t\t\t\t\t\t\t\t\n\t\t\t\t\t\t\t})});\n\t\t\t\t\t\t<\/script>\n\t\t\t\t\t\t<div class=\"hbspt-form\" id=\"hbspt-form-1777489637000-5120307795\"><\/div><\/div>\n\t\t\t\t\t\t<\/div>\n\t\t\t\t<\/div>\n\t\t\t\t\t<\/div>\n\t\t<\/div>\n\t\t\t\t<div class=\"elementor-column elementor-col-50 elementor-inner-column elementor-element elementor-element-f527fb8\" data-id=\"f527fb8\" data-element_type=\"column\" data-settings=\"{&quot;background_background&quot;:&quot;slideshow&quot;,&quot;background_slideshow_gallery&quot;:[{&quot;id&quot;:14193,&quot;url&quot;:&quot;https:\\\/\\\/treurer.com\\\/wp-content\\\/uploads\\\/2C6A7932-1.jpg&quot;},{&quot;id&quot;:14197,&quot;url&quot;:&quot;https:\\\/\\\/treurer.com\\\/wp-content\\\/uploads\\\/2C6A8589-1.jpg&quot;},{&quot;id&quot;:14201,&quot;url&quot;:&quot;https:\\\/\\\/treurer.com\\\/wp-content\\\/uploads\\\/Finca-de-aceite-de-oliva-arbequina-1.jpeg&quot;},{&quot;id&quot;:14205,&quot;url&quot;:&quot;https:\\\/\\\/treurer.com\\\/wp-content\\\/uploads\\\/dieta-mediterra\\u0301nea-1.jpg&quot;},{&quot;id&quot;:14209,&quot;url&quot;:&quot;https:\\\/\\\/treurer.com\\\/wp-content\\\/uploads\\\/Captura-de-pantalla-2021-02-02-a-las-16.23.22-1.png&quot;}],&quot;background_slideshow_loop&quot;:&quot;yes&quot;,&quot;background_slideshow_slide_duration&quot;:5000,&quot;background_slideshow_slide_transition&quot;:&quot;fade&quot;,&quot;background_slideshow_transition_duration&quot;:500}\">\n\t\t\t<div class=\"elementor-widget-wrap\">\n\t\t\t\t\t\t\t<\/div>\n\t\t<\/div>\n\t\t\t\t\t<\/div>\n\t\t<\/section>\n\t\t\t\t\t<\/div>\n\t\t<\/div>\n\t\t\t\t\t<\/div>\n\t\t<\/section>\n\t\t\t\t<\/div>\n\t\t","protected":false},"excerpt":{"rendered":"<p>Mallorca ist ein idealer Ort, um ein Firmenevent zu organisieren. Aber was sind die wichtigsten Schritte, die Sie beachten m\u00fcssen, damit es ein Erfolg wird?<\/p>\n","protected":false},"author":4,"featured_media":9820,"comment_status":"closed","ping_status":"closed","sticky":false,"template":"","format":"standard","meta":{"_acf_changed":false,"content-type":"","_joinchat":[],"footnotes":""},"categories":[159,213],"tags":[],"class_list":["post-37294","post","type-post","status-publish","format-standard","has-post-thumbnail","hentry","category-olivenoelkultur","category-events-de"],"acf":[],"_links":{"self":[{"href":"https:\/\/treurer.com\/de\/wp-json\/wp\/v2\/posts\/37294","targetHints":{"allow":["GET"]}}],"collection":[{"href":"https:\/\/treurer.com\/de\/wp-json\/wp\/v2\/posts"}],"about":[{"href":"https:\/\/treurer.com\/de\/wp-json\/wp\/v2\/types\/post"}],"author":[{"embeddable":true,"href":"https:\/\/treurer.com\/de\/wp-json\/wp\/v2\/users\/4"}],"replies":[{"embeddable":true,"href":"https:\/\/treurer.com\/de\/wp-json\/wp\/v2\/comments?post=37294"}],"version-history":[{"count":2,"href":"https:\/\/treurer.com\/de\/wp-json\/wp\/v2\/posts\/37294\/revisions"}],"predecessor-version":[{"id":37296,"href":"https:\/\/treurer.com\/de\/wp-json\/wp\/v2\/posts\/37294\/revisions\/37296"}],"wp:featuredmedia":[{"embeddable":true,"href":"https:\/\/treurer.com\/de\/wp-json\/wp\/v2\/media\/9820"}],"wp:attachment":[{"href":"https:\/\/treurer.com\/de\/wp-json\/wp\/v2\/media?parent=37294"}],"wp:term":[{"taxonomy":"category","embeddable":true,"href":"https:\/\/treurer.com\/de\/wp-json\/wp\/v2\/categories?post=37294"},{"taxonomy":"post_tag","embeddable":true,"href":"https:\/\/treurer.com\/de\/wp-json\/wp\/v2\/tags?post=37294"}],"curies":[{"name":"wp","href":"https:\/\/api.w.org\/{rel}","templated":true}]}}