{"id":35133,"date":"2024-01-05T17:12:08","date_gmt":"2024-01-05T16:12:08","guid":{"rendered":"https:\/\/treurer.com\/?p=35133"},"modified":"2025-05-20T13:06:47","modified_gmt":"2025-05-20T11:06:47","slug":"santa-eugenia-mallorca","status":"publish","type":"post","link":"https:\/\/treurer.com\/de\/santa-eugenia-mallorca\/","title":{"rendered":"Santa Eugenia, ein verborgenes Juwel Mallorcas"},"content":{"rendered":"\t\t<div data-elementor-type=\"wp-post\" data-elementor-id=\"35133\" class=\"elementor elementor-35133 elementor-32283\" data-elementor-post-type=\"post\">\n\t\t\t\t\t\t<section class=\"elementor-section elementor-top-section elementor-element elementor-element-71a9fc9 elementor-section-boxed elementor-section-height-default elementor-section-height-default\" data-id=\"71a9fc9\" data-element_type=\"section\">\n\t\t\t\t\t\t<div class=\"elementor-container elementor-column-gap-default\">\n\t\t\t\t\t<div class=\"elementor-column elementor-col-100 elementor-top-column elementor-element elementor-element-770accf\" data-id=\"770accf\" data-element_type=\"column\">\n\t\t\t<div class=\"elementor-widget-wrap elementor-element-populated\">\n\t\t\t\t\t\t<div class=\"elementor-element elementor-element-8b5432a elementor-widget elementor-widget-text-editor\" data-id=\"8b5432a\" data-element_type=\"widget\" data-widget_type=\"text-editor.default\">\n\t\t\t\t<div class=\"elementor-widget-container\">\n\t\t\t\t\t\t\t\t\t<p>Im Herzen Mallorcas, fernab vom Trubel der touristischeren Gegenden, liegt <strong>Santa Eugenia, ein kleines und charmantes Dorf<\/strong>, das einen authentischen Einblick in das l\u00e4ndliche Leben auf der Insel bietet. Umgeben von einer Landschaft aus sanften H\u00fcgeln, Weinbergen und Mandelbaumfeldern ist dieses malerische Dorf ein Zufluchtsort der Ruhe und nat\u00fcrlichen Sch\u00f6nheit.<\/p><p>Santa Eugenia, mit seiner entspannten Atmosph\u00e4re und seiner ruhigen Umgebung, ist ein perfektes Reiseziel f\u00fcr diejenigen, <strong>die das wahre Wesen Mallorcas erleben m\u00f6chten<\/strong>. An diesem Ort scheint die Zeit stillzustehen, was den Besuchern erm\u00f6glicht, in einen traditionellen Lebensstil einzutauchen, bei dem Kultur und Traditionen in jeder Ecke lebendig bleiben.<\/p>\t\t\t\t\t\t\t\t<\/div>\n\t\t\t\t<\/div>\n\t\t\t\t<div class=\"elementor-element elementor-element-56bfa1b elementor-widget elementor-widget-google_maps\" data-id=\"56bfa1b\" data-element_type=\"widget\" data-widget_type=\"google_maps.default\">\n\t\t\t\t<div class=\"elementor-widget-container\">\n\t\t\t\t\t\t\t<div class=\"elementor-custom-embed\">\n\t\t\t<iframe loading=\"lazy\"\n\t\t\t\t\tsrc=\"https:\/\/maps.google.com\/maps?q=Santa%20Eugenia%2C%20Mallorca&#038;t=m&#038;z=12&#038;output=embed&#038;iwloc=near\"\n\t\t\t\t\ttitle=\"Santa Eugenia, Mallorca\"\n\t\t\t\t\taria-label=\"Santa Eugenia, Mallorca\"\n\t\t\t><\/iframe>\n\t\t<\/div>\n\t\t\t\t\t\t<\/div>\n\t\t\t\t<\/div>\n\t\t\t\t<div class=\"elementor-element elementor-element-6a16227 elementor-widget elementor-widget-text-editor\" data-id=\"6a16227\" data-element_type=\"widget\" data-widget_type=\"text-editor.default\">\n\t\t\t\t<div class=\"elementor-widget-container\">\n\t\t\t\t\t\t\t\t\t<p>Dieses idyllische Dorf ist nicht nur ein R\u00fcckzugsort f\u00fcr Naturliebhaber und Ruhesuchende, sondern auch ein Paradies f\u00fcr Kultur- und Gastronomiebegeisterte. Mit seiner reichen Geschichte, lebendigen Kulturszene und kulinarischen K\u00f6stlichkeiten bietet Santa Eugenia ein einzigartiges Erlebnis, das den Charme der Vergangenheit perfekt mit den Annehmlichkeiten der Gegenwart verbindet.<\/p><p>Beim Spaziergang durch die gepflasterten Stra\u00dfen von Santa Eugenia k\u00f6nnen die Besucher die traditionelle mallorquinische Architektur bewundern. Die kleinen Caf\u00e9s und Bars am Dorfplatz laden zum Entspannen und Genie\u00dfen des t\u00e4glichen Lebens ein, w\u00e4hrend die \u00f6rtlichen M\u00e4rkte und Gesch\u00e4fte die Gelegenheit bieten, regionale Produkte und Kunsthandwerk zu entdecken.<\/p>\t\t\t\t\t\t\t\t<\/div>\n\t\t\t\t<\/div>\n\t\t\t\t\t<\/div>\n\t\t<\/div>\n\t\t\t\t\t<\/div>\n\t\t<\/section>\n\t\t\t\t<section class=\"elementor-section elementor-top-section elementor-element elementor-element-7d2bc82d elementor-section-boxed elementor-section-height-default elementor-section-height-default\" data-id=\"7d2bc82d\" data-element_type=\"section\">\n\t\t\t\t\t\t<div class=\"elementor-container elementor-column-gap-default\">\n\t\t\t\t\t<div class=\"elementor-column elementor-col-100 elementor-top-column elementor-element elementor-element-439ac884\" data-id=\"439ac884\" data-element_type=\"column\">\n\t\t\t<div class=\"elementor-widget-wrap elementor-element-populated\">\n\t\t\t\t\t\t<div class=\"elementor-element elementor-element-56e833b7 elementor-cta--layout-image-right elementor-cta--mobile-layout-image-above elementor-cta--skin-classic elementor-animated-content elementor-bg-transform elementor-bg-transform-zoom-in elementor-widget elementor-widget-call-to-action\" data-id=\"56e833b7\" data-element_type=\"widget\" data-widget_type=\"call-to-action.default\">\n\t\t\t\t<div class=\"elementor-widget-container\">\n\t\t\t\t\t\t\t<a class=\"elementor-cta\" href=\"https:\/\/treurer.com\/de\/hotel-mallorca-treurer\/\">\n\t\t\t\t\t<div class=\"elementor-cta__bg-wrapper\">\n\t\t\t\t<div class=\"elementor-cta__bg elementor-bg\" style=\"background-image: url(https:\/\/treurer.com\/wp-content\/uploads\/Agroturismo-Algaida-Mallorca-768x432.jpeg);\" role=\"img\" aria-label=\"Agroturismo en Algaida, Mallorca - Vista cenital\"><\/div>\n\t\t\t\t<div class=\"elementor-cta__bg-overlay\"><\/div>\n\t\t\t<\/div>\n\t\t\t\t\t\t\t<div class=\"elementor-cta__content\">\n\t\t\t\t\n\t\t\t\t\t\t\t\t\t<span class=\"elementor-cta__title elementor-cta__content-item elementor-content-item\">\n\t\t\t\t\t\tESCAPE. \t\t\t\t\t<\/span>\n\t\t\t\t\n\t\t\t\t\t\t\t\t\t<div class=\"elementor-cta__description elementor-cta__content-item elementor-content-item\">\n\t\t\t\t\t\t<p>Ein unvergesslicher Besuch auf Mallorca<\/p>\n<p>Genie\u00dfen Sie die Ruhe unseres familiengef\u00fchrten Agritourismus im Herzen Mallorcas, wo Olivenhaine und atemberaubende Ausblicke eine Oase des Friedens schaffen.<\/p>\n<p>Nur wenige Minuten von der Hauptstadt und den Str\u00e4nden entfernt, ist unser Agritourismus der perfekte Ort, um abzuschalten und die authentische Essenz der Insel zu genie\u00dfen.<\/p>\n\t\t\t\t\t<\/div>\n\t\t\t\t\n\t\t\t\t\t\t\t\t\t<div class=\"elementor-cta__button-wrapper elementor-cta__content-item elementor-content-item \">\n\t\t\t\t\t<span class=\"elementor-cta__button elementor-button elementor-size-\">\n\t\t\t\t\t\tHEUTE BUCHEN\t\t\t\t\t<\/span>\n\t\t\t\t\t<\/div>\n\t\t\t\t\t\t\t<\/div>\n\t\t\t\t\t\t<\/a>\n\t\t\t\t\t\t<\/div>\n\t\t\t\t<\/div>\n\t\t\t\t\t<\/div>\n\t\t<\/div>\n\t\t\t\t\t<\/div>\n\t\t<\/section>\n\t\t\t\t<section class=\"elementor-section elementor-top-section elementor-element elementor-element-113ab15 elementor-section-boxed elementor-section-height-default elementor-section-height-default\" data-id=\"113ab15\" data-element_type=\"section\">\n\t\t\t\t\t\t<div class=\"elementor-container elementor-column-gap-default\">\n\t\t\t\t\t<div class=\"elementor-column elementor-col-100 elementor-top-column elementor-element elementor-element-f96f362\" data-id=\"f96f362\" data-element_type=\"column\">\n\t\t\t<div class=\"elementor-widget-wrap elementor-element-populated\">\n\t\t\t\t\t\t<div class=\"elementor-element elementor-element-d6ee4a7 elementor-widget elementor-widget-text-editor\" data-id=\"d6ee4a7\" data-element_type=\"widget\" data-widget_type=\"text-editor.default\">\n\t\t\t\t<div class=\"elementor-widget-container\">\n\t\t\t\t\t\t\t\t\t<div id=\"ez-toc-container\" class=\"ez-toc-v2_0_82_2 counter-hierarchy ez-toc-counter ez-toc-custom ez-toc-container-direction\">\n<div class=\"ez-toc-title-container\">\n<p class=\"ez-toc-title\" style=\"cursor:inherit\">Contenidos \/ Contents<\/p>\n<span class=\"ez-toc-title-toggle\"><\/span><\/div>\n<nav><ul class='ez-toc-list ez-toc-list-level-1 ' ><li class='ez-toc-page-1 ez-toc-heading-level-2'><a class=\"ez-toc-link ez-toc-heading-1\" href=\"https:\/\/treurer.com\/de\/santa-eugenia-mallorca\/#Geschichte_und_Kultur\" >Geschichte und Kultur<\/a><\/li><li class='ez-toc-page-1 ez-toc-heading-level-2'><a class=\"ez-toc-link ez-toc-heading-2\" href=\"https:\/\/treurer.com\/de\/santa-eugenia-mallorca\/#Sehenswuerdigkeiten_von_Santa_Eugenia\" >Sehensw\u00fcrdigkeiten von Santa Eugenia<\/a><ul class='ez-toc-list-level-3' ><li class='ez-toc-heading-level-3'><a class=\"ez-toc-link ez-toc-heading-3\" href=\"https:\/\/treurer.com\/de\/santa-eugenia-mallorca\/#Es_Rafal_Ausgrabungsstaette\" >Es Rafal Ausgrabungsst\u00e4tte<\/a><\/li><li class='ez-toc-page-1 ez-toc-heading-level-3'><a class=\"ez-toc-link ez-toc-heading-4\" href=\"https:\/\/treurer.com\/de\/santa-eugenia-mallorca\/#Hoehle_von_Can_Palou\" >H\u00f6hle von Ca\u2019n Palou<\/a><\/li><li class='ez-toc-page-1 ez-toc-heading-level-3'><a class=\"ez-toc-link ez-toc-heading-5\" href=\"https:\/\/treurer.com\/de\/santa-eugenia-mallorca\/#Weingueter\" >Weing\u00fcter<\/a><\/li><li class='ez-toc-page-1 ez-toc-heading-level-3'><a class=\"ez-toc-link ez-toc-heading-6\" href=\"https:\/\/treurer.com\/de\/santa-eugenia-mallorca\/#Natura_Parc\" >Natura Parc<\/a><\/li><\/ul><\/li><li class='ez-toc-page-1 ez-toc-heading-level-2'><a class=\"ez-toc-link ez-toc-heading-7\" href=\"https:\/\/treurer.com\/de\/santa-eugenia-mallorca\/#Gastronomie\" >Gastronomie<\/a><\/li><li class='ez-toc-page-1 ez-toc-heading-level-2'><a class=\"ez-toc-link ez-toc-heading-8\" href=\"https:\/\/treurer.com\/de\/santa-eugenia-mallorca\/#Wie_man_nach_Santa_Eugenia_kommt\" >Wie man nach Santa Eugenia kommt<\/a><\/li><li class='ez-toc-page-1 ez-toc-heading-level-2'><a class=\"ez-toc-link ez-toc-heading-9\" href=\"https:\/\/treurer.com\/de\/santa-eugenia-mallorca\/#Andere_Artikel_ueber_Doerfer_in_Pla_de_Mallorca\" >Andere Artikel \u00fcber D\u00f6rfer in Pla de Mallorca<\/a><\/li><\/ul><\/nav><\/div>\n<h2><span class=\"ez-toc-section\" id=\"Geschichte_und_Kultur\"><\/span>Geschichte und Kultur<span class=\"ez-toc-section-end\"><\/span><\/h2><p>Santa Eugenia liegt in einer privilegierten zentralen Region der Insel und grenzt an so emblematische Gemeinden wie Palma de Mallorca, Santa Mar\u00eda del Camino, Consell, Sancelles und Algaida. Zusammen mit seinen Ortsteilen &#8211; Oller\u00edas (ses Olleries), Alquer\u00edas (ses Alqueries) und Cuevas (ses Coves) &#8211; ist Santa Eugenia ein integraler Bestandteil der traditionellen Region dem Pla de Mallorca.<\/p><p>Sein Name ist eine Reise f\u00fcr sich, beginnend mit seinen islamischen Urspr\u00fcngen als Benibazari, \u00fcber die Bekanntheit als Alquer\u00eda von Bernat de Santa Eugenia im 13. Jahrhundert bis hin zur Festigung seines heutigen Namens, der sowohl sein mittelalterliches Erbe als auch seine Entwicklung im Laufe der Jahrhunderte ehrt.<\/p><p>Die christliche Eroberung durch Jaime I. von Arag\u00f3n im Jahr 1229 stie\u00df bei dem \u00f6rtlichen Zanata-Stamm auf keinen Widerstand und markierte einen bedeutenden Wendepunkt in der Geschichte der Gemeinde. Das Llibre del Repartiment de Mallorca, ein Dokument von 1232, berichtet von der Zuweisung von Land an Bernardo de Santa Eugenia, was die feudale Umverteilung nach der Reconquista widerspiegelt.<\/p><p>Santa Eugenia war Zeuge wichtiger historischer Ereignisse. Seine Rolle in der German\u00edas-Revolte und die darauf folgende Bestrafung haben unausl\u00f6schliche Spuren im kollektiven Ged\u00e4chtnis hinterlassen.<\/p><p>Das Wachstum von Santa Eugenia im 15. Jahrhundert, gepr\u00e4gt durch den Bau seiner Kirche zwischen 1583 und 1585, spiegelt seine Entwicklung von einer Ansammlung von Gutsh\u00f6fen und kleinen Bauernh\u00e4usern zu einer eigenst\u00e4ndigen Gemeinde wider.<\/p>\t\t\t\t\t\t\t\t<\/div>\n\t\t\t\t<\/div>\n\t\t\t\t\t<\/div>\n\t\t<\/div>\n\t\t\t\t\t<\/div>\n\t\t<\/section>\n\t\t\t\t<section class=\"elementor-section elementor-top-section elementor-element elementor-element-b030637 elementor-section-boxed elementor-section-height-default elementor-section-height-default\" data-id=\"b030637\" data-element_type=\"section\">\n\t\t\t\t\t\t<div class=\"elementor-container elementor-column-gap-default\">\n\t\t\t\t\t<div class=\"elementor-column elementor-col-100 elementor-top-column elementor-element elementor-element-8abd3fd\" data-id=\"8abd3fd\" data-element_type=\"column\">\n\t\t\t<div class=\"elementor-widget-wrap elementor-element-populated\">\n\t\t\t\t\t\t<div class=\"elementor-element elementor-element-8813856 elementor-widget elementor-widget-text-editor\" data-id=\"8813856\" data-element_type=\"widget\" data-widget_type=\"text-editor.default\">\n\t\t\t\t<div class=\"elementor-widget-container\">\n\t\t\t\t\t\t\t\t\t<h2><span class=\"ez-toc-section\" id=\"Sehenswuerdigkeiten_von_Santa_Eugenia\"><\/span>Sehensw\u00fcrdigkeiten von Santa Eugenia<span class=\"ez-toc-section-end\"><\/span><\/h2>\nSanta Eugenia ist ein verborgener Schatz im Herzen von Mallorca, wo Geschichte und Natur verschmelzen und den Besuchern ein einzigartiges Erlebnis bieten.\n<ol>\n \t<li><strong>Es Rafal Ausgrabungsst\u00e4tte:<\/strong> Hier k\u00f6nnen Besucher in die pr\u00e4historische Vergangenheit der Insel eintauchen. Der gro\u00dfe Talayot mit seiner kreisf\u00f6rmigen Struktur ist ein beeindruckendes Beispiel der Talayot-Kultur und gew\u00e4hrt Einblicke in das Leben der fr\u00fchen Bewohner Mallorcas.<\/li>\n \t<li><strong>L\u00e4ndliche Landschaft von Santa Eugenia: <\/strong>Die Gemeinde zeichnet sich durch ihre beeindruckende l\u00e4ndliche Landschaft aus, wo Felder, Mandelb\u00e4ume und Weinberge ein Mosaik aus Gr\u00fcn- und Goldt\u00f6nen bilden, das je nach Jahreszeit wechselt. Diese nat\u00fcrliche Umgebung l\u00e4dt zu Aktivit\u00e4ten wie Wandern, Radfahren oder Reiten ein und bietet eine ruhige und authentisch mallorquinische Erfahrung.<\/li>\n \t<li><strong>Traditionelle Architektur: <\/strong>Die Altstadt von Santa Eugenia bewahrt ihren besonderen Charme mit engen Gassen und traditionellen Steinh\u00e4usern. Ein Spaziergang durch diese Stra\u00dfen ist wie eine Reise in die Vergangenheit, wo kleine Pl\u00e4tze und Ecken Geschichten aus vergangenen Zeiten erz\u00e4hlen.<\/li>\n \t<li><strong>Pfarrkirche von Santa Eugenia: <\/strong>Ein architektonisches und spirituelles Wahrzeichen im Dorf. Die zwischen dem 16. und 17. Jahrhundert erbaute Kirche ist ein Beispiel f\u00fcr sp\u00e4tgotische Architektur und beherbergt wertvolle religi\u00f6se Kunstwerke.<\/li>\n \t<li><strong>Gastronomie und lokale M\u00e4rkte: <\/strong>Santa Eugenia ist auch ein idealer Ort f\u00fcr Feinschmecker. Die lokalen M\u00e4rkte bieten frische saisonale Produkte, w\u00e4hrend die Restaurants und Bars des Dorfes k\u00f6stliche traditionelle mallorquinische Gerichte servieren.<\/li>\n \t<li><strong>Weing\u00fcter: <\/strong>Aufgrund der N\u00e4he zu einigen der besten Weinregionen Mallorcas ist ein Besuch der \u00f6rtlichen Weing\u00fcter ein Muss f\u00fcr Weinliebhaber. Weinverkostungen bieten eine hervorragende Gelegenheit, lokale Weine zu probieren und mehr \u00fcber den Weinbau in der Region zu erfahren.<\/li>\n \t<li><strong>Veranstaltungen und Festivals: <\/strong>Das ganze Jahr \u00fcber feiert Santa Eugenia verschiedene Festivals und kulturelle Veranstaltungen, die die Traditionen und den Geist der Gemeinschaft widerspiegeln. Diese Ereignisse sind eine gro\u00dfartige Gelegenheit, die lokale Kultur in ihrer lebendigsten und authentischsten Form zu erleben.<\/li>\n \t<li><strong>Wandern und Naturrouten:<\/strong> Die Wanderwege rund um Santa Eugenia f\u00fchren Besucher durch wundersch\u00f6ne l\u00e4ndliche Landschaften und bieten spektakul\u00e4re Ausblicke sowie die M\u00f6glichkeit, mit der Natur in Kontakt zu treten.<\/li>\n<\/ol>\t\t\t\t\t\t\t\t<\/div>\n\t\t\t\t<\/div>\n\t\t\t\t\t<\/div>\n\t\t<\/div>\n\t\t\t\t\t<\/div>\n\t\t<\/section>\n\t\t\t\t<section class=\"elementor-section elementor-top-section elementor-element elementor-element-bcfdca7 elementor-section-boxed elementor-section-height-default elementor-section-height-default\" data-id=\"bcfdca7\" data-element_type=\"section\">\n\t\t\t\t\t\t<div class=\"elementor-container elementor-column-gap-default\">\n\t\t\t\t\t<div class=\"elementor-column elementor-col-100 elementor-top-column elementor-element elementor-element-24ee2b4\" data-id=\"24ee2b4\" data-element_type=\"column\">\n\t\t\t<div class=\"elementor-widget-wrap elementor-element-populated\">\n\t\t\t\t\t\t<div class=\"elementor-element elementor-element-b227a32 elementor-widget elementor-widget-image\" data-id=\"b227a32\" data-element_type=\"widget\" data-widget_type=\"image.default\">\n\t\t\t\t<div class=\"elementor-widget-container\">\n\t\t\t\t\t\t\t\t\t\t\t\t\t\t\t<img fetchpriority=\"high\" decoding=\"async\" width=\"2560\" height=\"1707\" src=\"https:\/\/treurer.com\/wp-content\/uploads\/Santa-Eugenia-Mallorca-scaled.jpeg\" class=\"attachment-large size-large wp-image-35343\" alt=\"Santa Eugenia, Mallorca\" srcset=\"https:\/\/treurer.com\/wp-content\/uploads\/Santa-Eugenia-Mallorca-scaled.jpeg 2560w, https:\/\/treurer.com\/wp-content\/uploads\/Santa-Eugenia-Mallorca-768x512.jpeg 768w, https:\/\/treurer.com\/wp-content\/uploads\/Santa-Eugenia-Mallorca-1536x1024.jpeg 1536w, https:\/\/treurer.com\/wp-content\/uploads\/Santa-Eugenia-Mallorca-2048x1365.jpeg 2048w, https:\/\/treurer.com\/wp-content\/uploads\/Santa-Eugenia-Mallorca-300x200.jpeg 300w, https:\/\/treurer.com\/wp-content\/uploads\/Santa-Eugenia-Mallorca-600x400.jpeg 600w, https:\/\/treurer.com\/wp-content\/uploads\/Santa-Eugenia-Mallorca-64x43.jpeg 64w\" sizes=\"(max-width: 2560px) 100vw, 2560px\" title=\"\">\t\t\t\t\t\t\t\t\t\t\t\t\t\t\t<\/div>\n\t\t\t\t<\/div>\n\t\t\t\t\t<\/div>\n\t\t<\/div>\n\t\t\t\t\t<\/div>\n\t\t<\/section>\n\t\t\t\t<section class=\"elementor-section elementor-top-section elementor-element elementor-element-f7233e4 elementor-section-boxed elementor-section-height-default elementor-section-height-default\" data-id=\"f7233e4\" data-element_type=\"section\">\n\t\t\t\t\t\t<div class=\"elementor-container elementor-column-gap-default\">\n\t\t\t\t\t<div class=\"elementor-column elementor-col-100 elementor-top-column elementor-element elementor-element-c9fdbed\" data-id=\"c9fdbed\" data-element_type=\"column\">\n\t\t\t<div class=\"elementor-widget-wrap elementor-element-populated\">\n\t\t\t\t\t\t<div class=\"elementor-element elementor-element-b9eef30 elementor-widget elementor-widget-text-editor\" data-id=\"b9eef30\" data-element_type=\"widget\" data-widget_type=\"text-editor.default\">\n\t\t\t\t<div class=\"elementor-widget-container\">\n\t\t\t\t\t\t\t\t\t<h3><span class=\"ez-toc-section\" id=\"Es_Rafal_Ausgrabungsstaette\"><\/span>Es Rafal Ausgrabungsst\u00e4tte<span class=\"ez-toc-section-end\"><\/span><\/h3>\n<p>Das Es Rafal Grabungsgel\u00e4nde ist ein arch\u00e4ologisches Juwel von unsch\u00e4tzbarem Wert, das uns erm\u00f6glicht, in die talayotische Kultur zu reisen, eine pr\u00e4historische Zivilisation, die zwischen 1300 v. Chr. und der r\u00f6mischen Eroberung auf Mallorca bl\u00fchte.<\/p>\n<p>Dominiert von einem gro\u00dfen talayot mit kreisf\u00f6rmigem Grundriss, ist diese St\u00e4tte ein emblematisches Beispiel f\u00fcr die megalithischen Konstruktionen, die f\u00fcr die talayotische Kultur charakteristisch sind. Diese monumentalen Steinbauten wurden als T\u00fcrme oder Gr\u00e4ber errichtet und erf\u00fcllten Funktionen, die von Wohnzwecken \u00fcber Zeremonien bis hin zu Verteidigungszwecken reichen konnten. Ihre imposante Pr\u00e4senz ruft noch heute das Geschick und die F\u00e4higkeiten der pr\u00e4historischen V\u00f6lker der Balearen in Erinnerung.<\/p>\n<h3><span class=\"ez-toc-section\" id=\"Hoehle_von_Can_Palou\"><\/span>H\u00f6hle von Ca\u2019n Palou<span class=\"ez-toc-section-end\"><\/span><\/h3>\n<p>Die Funde in der H\u00f6hle von Ca\u2019n Palou, wie die griechische Bronzestatue aus der zweiten H\u00e4lfte des 5. Jahrhunderts v. Chr., deuten auf kulturellen und kommerziellen Austausch mit anderen mediterranen Zivilisationen hin und zeigen, dass Mallorca bereits vor der Ankunft der R\u00f6mer in den Dynamiken der Antike eingebunden war.<\/p>\n<h3><span class=\"ez-toc-section\" id=\"Weingueter\"><\/span>Weing\u00fcter<span class=\"ez-toc-section-end\"><\/span><\/h3>\n<p>Ein Besuch der Weing\u00fcter von Santa Eugenia ist ein sinnliches Erlebnis. Besucher werden eingeladen, durch die Weinberge zu spazieren, oft gef\u00fchrt von den Winzern selbst, die leidenschaftlich ihr Wissen \u00fcber autochthone Sorten wie Manto Negro und Callet sowie internationale Rebsorten teilen, die auf mallorquinischem Boden eine neue Heimat gefunden haben.<\/p>\n<p>Weinverkostungen in Santa Eugenia sind ein Ritual, das den Gaumen feiert. In den Verkostungsr\u00e4umen werden Gl\u00e4ser mit Weinen gef\u00fcllt, die Geschichten des Landes erz\u00e4hlen: kr\u00e4ftige Rotweine und aromatische Wei\u00dfweine. Sommeliers erkl\u00e4ren die Verkostungsnoten, w\u00e4hrend die Besucher lernen, die Feinheiten zu unterscheiden, die jeden Wein einzigartig machen.<\/p>\n<p>Die Weing\u00fcter widmen sich nicht nur der Produktion exquisiter Weine, sondern engagieren sich auch f\u00fcr nachhaltige Anbaupraktiken. Der Respekt vor der Erde und der Biodiversit\u00e4t ist in ihrem ganzheitlichen Ansatz sp\u00fcrbar, von der Wassernutzung bis hin zur Anwendung organischer Methoden, die die Gesundheit der Weinberge f\u00fcr zuk\u00fcnftige Generationen gew\u00e4hrleisten.<\/p>\n<p>In einer Zeit, in der Verbraucher zunehmend Authentizit\u00e4t und eine Verbindung zur Quelle dessen suchen, was sie konsumieren, zeichnen sich die Weing\u00fcter von Santa Eugenia als bereichernde Ziele aus. Hier wird die Leidenschaft f\u00fcr Wein in jeder Flasche vermittelt, was Weinliebhaber aus der ganzen Welt einl\u00e4dt, die Magie der Weine von Mallorca zu entdecken.<\/p>\n<p><strong data-start=\"121\" data-end=\"143\">Bodega Son Juliana<\/strong><br data-start=\"143\" data-end=\"146\">Diese Boutique-Weinkellerei wurde 2013 vom deutschen \u00d6nologen G\u00fcnther Zimmer gegr\u00fcndet und legt gro\u00dfen Wert auf \u00f6kologische Landwirtschaft. Die Energieversorgung erfolgt durch Solar- und Windkraft. Besucher k\u00f6nnen Weinverkostungen mit Tapas genie\u00dfen \u2013 mit Ausblick auf das Tramuntana-Gebirge. Die Weine kombinieren autochthone Sorten wie Manto Negro und Prensal Blanc mit internationalen Rebsorten wie Chardonnay und Syrah.<br data-start=\"569\" data-end=\"572\">\ud83d\udccd Carretera Santa Maria \u2013 Sencelles Km 7.2, 07142 Santa Eug\u00e8nia, Mallorca<br data-start=\"646\" data-end=\"649\">\ud83d\udcde +34 689 39 07 23<br data-start=\"668\" data-end=\"671\">\ud83c\udf10 <a href=\"https:\/\/sonjuliana.es\/\" target=\"_new\" rel=\"noopener\" data-start=\"674\" data-end=\"713\">sonjuliana.es<\/a><\/p>\n<p><strong data-start=\"720\" data-end=\"737\">Vinya Taujana<\/strong><br data-start=\"737\" data-end=\"740\">Diese familiengef\u00fchrte Bodega befindet sich in einem traditionellen Steinhaus am Ortsrand von Santa Eug\u00e8nia. Sie verbindet alte Handwerkskunst mit moderner Weinbereitung. Produziert werden Wei\u00df- und Rotweine aus einheimischen Rebsorten. Besucher k\u00f6nnen an F\u00fchrungen und Verkostungen in einer gem\u00fctlichen Umgebung teilnehmen.<br data-start=\"1064\" data-end=\"1067\">\ud83d\udccd Carrer de Sa Torre, s\/n, 07142 Santa Eug\u00e8nia, Mallorca<br data-start=\"1124\" data-end=\"1127\">\ud83d\udcde +34 971 14 44 23<br data-start=\"1146\" data-end=\"1149\">\ud83c\udf10 <a href=\"https:\/\/www.vinyataujana.es\/\" target=\"_new\" rel=\"noopener\" data-start=\"1152\" data-end=\"1199\">vinyataujana.es<\/a><\/p>\n<p><strong data-start=\"1206\" data-end=\"1223\">Bodegas \u00c1ngel<\/strong><br data-start=\"1223\" data-end=\"1226\">Diese Bodega liegt an der Landstra\u00dfe zwischen Santa Maria del Cam\u00ed und Santa Eug\u00e8nia. Sie kombiniert mallorquinische Architektur mit moderner Kellertechnik. Gegr\u00fcndet 2006 von Andr\u00e9s Gelabert, bietet sie Weine aus lokalen Sorten wie Prensal Blanc und Manto Negro sowie internationalen Trauben wie Cabernet Sauvignon und Chardonnay. Gef\u00fchrte Besichtigungen und Verkostungen sind m\u00f6glich.<br data-start=\"1612\" data-end=\"1615\">\ud83d\udccd Carretera Santa Maria \u2013 Sencelles Km 4.8, 07320 Santa Maria del Cam\u00ed, Mallorca<br data-start=\"1696\" data-end=\"1699\">\ud83d\udcde +34 971 18 01 18<br data-start=\"1718\" data-end=\"1721\">\ud83c\udf10 <a class=\"\" href=\"https:\/\/www.bodegasangel.com\/\" target=\"_new\" rel=\"noopener\" data-start=\"1724\" data-end=\"1773\">bodegasangel.com<\/a><\/p>\n<p><strong data-start=\"1780\" data-end=\"1795\">Vidal Serra<\/strong><br data-start=\"1795\" data-end=\"1798\">\nDiese kleine Familienbodega liegt auf dem Gemeindegebiet von Santa Eug\u00e8nia und steht f\u00fcr die urspr\u00fcnglichste Weinkultur der Region. Mit einer limitierten Produktion und einem starken lokalen Bezug entstehen hier handwerklich hergestellte Weine aus traditionellen Rebsorten. Es gibt kein offizielles Besucherprogramm, aber f\u00fcr Weinliebhaber auf der Suche nach Authentizit\u00e4t ist Vidal Serra ein Geheimtipp.<br data-start=\"2202\" data-end=\"2205\">\n\ud83d\udccd Cam\u00ed des Rafal Blanc, s\/n, 07142 Santa Eug\u00e8nia, Mallorca<br data-start=\"2264\" data-end=\"2267\">\n\ud83d\udcde +34 609 63 60 16<br data-start=\"2286\" data-end=\"2289\">\n\ud83c\udf10 Keine offizielle Website verf\u00fcgbar<\/p>\t\t\t\t\t\t\t\t<\/div>\n\t\t\t\t<\/div>\n\t\t\t\t\t<\/div>\n\t\t<\/div>\n\t\t\t\t\t<\/div>\n\t\t<\/section>\n\t\t\t\t<section class=\"elementor-section elementor-top-section elementor-element elementor-element-d7cab82 elementor-section-boxed elementor-section-height-default elementor-section-height-default\" data-id=\"d7cab82\" data-element_type=\"section\">\n\t\t\t\t\t\t<div class=\"elementor-container elementor-column-gap-default\">\n\t\t\t\t\t<div class=\"elementor-column elementor-col-100 elementor-top-column elementor-element elementor-element-ca26a27\" data-id=\"ca26a27\" data-element_type=\"column\">\n\t\t\t<div class=\"elementor-widget-wrap elementor-element-populated\">\n\t\t\t\t\t\t<div class=\"elementor-element elementor-element-13fa941 elementor-widget elementor-widget-image\" data-id=\"13fa941\" data-element_type=\"widget\" data-widget_type=\"image.default\">\n\t\t\t\t<div class=\"elementor-widget-container\">\n\t\t\t\t\t\t\t\t\t\t\t\t<figure class=\"wp-caption\">\n\t\t\t\t\t\t\t\t\t\t<img decoding=\"async\" width=\"1600\" height=\"1200\" src=\"https:\/\/treurer.com\/wp-content\/uploads\/Lemur-natura-parc-zoo-mallorca.jpg\" class=\"attachment-large size-large wp-image-35145\" alt=\"Lemures Natura Parc, Santa eugenia, Mallorca\" srcset=\"https:\/\/treurer.com\/wp-content\/uploads\/Lemur-natura-parc-zoo-mallorca.jpg 1600w, https:\/\/treurer.com\/wp-content\/uploads\/Lemur-natura-parc-zoo-mallorca-768x576.jpg 768w, https:\/\/treurer.com\/wp-content\/uploads\/Lemur-natura-parc-zoo-mallorca-1536x1152.jpg 1536w, https:\/\/treurer.com\/wp-content\/uploads\/Lemur-natura-parc-zoo-mallorca-300x225.jpg 300w, https:\/\/treurer.com\/wp-content\/uploads\/Lemur-natura-parc-zoo-mallorca-600x450.jpg 600w, https:\/\/treurer.com\/wp-content\/uploads\/Lemur-natura-parc-zoo-mallorca-64x48.jpg 64w\" sizes=\"(max-width: 1600px) 100vw, 1600px\" title=\"\">\t\t\t\t\t\t\t\t\t\t\t<figcaption class=\"widget-image-caption wp-caption-text\">Lemures Natura Parc, Santa eugenia, Mallorca<\/figcaption>\n\t\t\t\t\t\t\t\t\t\t<\/figure>\n\t\t\t\t\t\t\t\t\t<\/div>\n\t\t\t\t<\/div>\n\t\t\t\t\t<\/div>\n\t\t<\/div>\n\t\t\t\t\t<\/div>\n\t\t<\/section>\n\t\t\t\t<section class=\"elementor-section elementor-top-section elementor-element elementor-element-e7508d7 elementor-section-boxed elementor-section-height-default elementor-section-height-default\" data-id=\"e7508d7\" data-element_type=\"section\">\n\t\t\t\t\t\t<div class=\"elementor-container elementor-column-gap-default\">\n\t\t\t\t\t<div class=\"elementor-column elementor-col-100 elementor-top-column elementor-element elementor-element-bee0f2e\" data-id=\"bee0f2e\" data-element_type=\"column\">\n\t\t\t<div class=\"elementor-widget-wrap elementor-element-populated\">\n\t\t\t\t\t\t<div class=\"elementor-element elementor-element-5c7f709 elementor-widget elementor-widget-video\" data-id=\"5c7f709\" data-element_type=\"widget\" data-settings=\"{&quot;youtube_url&quot;:&quot;https:\\\/\\\/www.youtube.com\\\/watch?v=7uuu9yY50tU&quot;,&quot;video_type&quot;:&quot;youtube&quot;,&quot;controls&quot;:&quot;yes&quot;}\" data-widget_type=\"video.default\">\n\t\t\t\t<div class=\"elementor-widget-container\">\n\t\t\t\t\t\t\t<div class=\"elementor-wrapper elementor-open-inline\">\n\t\t\t<div class=\"elementor-video\"><\/div>\t\t<\/div>\n\t\t\t\t\t\t<\/div>\n\t\t\t\t<\/div>\n\t\t\t\t\t<\/div>\n\t\t<\/div>\n\t\t\t\t\t<\/div>\n\t\t<\/section>\n\t\t\t\t<section class=\"elementor-section elementor-top-section elementor-element elementor-element-6e21a53 elementor-section-boxed elementor-section-height-default elementor-section-height-default\" data-id=\"6e21a53\" data-element_type=\"section\">\n\t\t\t\t\t\t<div class=\"elementor-container elementor-column-gap-default\">\n\t\t\t\t\t<div class=\"elementor-column elementor-col-100 elementor-top-column elementor-element elementor-element-423962c\" data-id=\"423962c\" data-element_type=\"column\">\n\t\t\t<div class=\"elementor-widget-wrap elementor-element-populated\">\n\t\t\t\t\t\t<div class=\"elementor-element elementor-element-8d363d4 elementor-widget elementor-widget-text-editor\" data-id=\"8d363d4\" data-element_type=\"widget\" data-widget_type=\"text-editor.default\">\n\t\t\t\t<div class=\"elementor-widget-container\">\n\t\t\t\t\t\t\t\t\t<h3><span class=\"ez-toc-section\" id=\"Natura_Parc\"><\/span>Natura Parc<span class=\"ez-toc-section-end\"><\/span><\/h3><p><a href=\"http:\/\/www.naturaparc.net\/\" target=\"_blank\" rel=\"noopener\"><strong>Natura Parc<\/strong><\/a> ist ein Natur- und Wildpark auf Mallorca, der Besucher jeden Alters anzieht und sich in der N\u00e4he des Dorfes Santa Eugenia befindet. Der Park dient als Refugium f\u00fcr die heimische Flora und Fauna der Balearen sowie f\u00fcr Arten aus anderen Teilen der Welt.<\/p><p><strong>Was der Park zu bieten hat:<\/strong><\/p><ul><li><strong>Artenvielfalt: <\/strong>Der Park beheimatet eine breite Palette von Tieren, von bedrohten einheimischen Arten bis hin zu exotischeren, und bietet diesen ein Zuhause, das ihre nat\u00fcrlichen Lebensr\u00e4ume nachbildet.<\/li><li><strong>Umweltbildung: <\/strong>Eine Hauptmission von Natura Parc ist die Umweltbildung. Durch seine Einrichtungen und Programme strebt der Park an, das Bewusstsein f\u00fcr den Schutz der Biodiversit\u00e4t und die Bedeutung des Umweltschutzes zu sch\u00e4rfen.<\/li><li><strong>Beobachtungsbereiche:<\/strong> Der Park ist mit mehreren Beobachtungsbereichen ausgestattet, die es den Besuchern erm\u00f6glichen, die Tiere aus n\u00e4chster N\u00e4he zu beobachten, ohne ihr nat\u00fcrliches Verhalten zu st\u00f6ren. Diese Beobachtungspunkte sind sorgf\u00e4ltig platziert, um au\u00dfergew\u00f6hnliche Aussichten und fotografische M\u00f6glichkeiten zu bieten.<\/li><li><strong>Interaktive Aktivit\u00e4ten:<\/strong> F\u00fcr eine aktivere Erfahrung bietet Natura Parc interaktive Aktivit\u00e4ten und p\u00e4dagogische Programme an, darunter Bildungsvortr\u00e4ge, Workshops und die M\u00f6glichkeit, unter Aufsicht des Parkpersonals bestimmte Tiere zu f\u00fcttern.<\/li><li><strong>Engagement f\u00fcr den Naturschutz: <\/strong>Neben seiner Rolle als touristisches Ziel engagiert sich der Park aktiv im Artenschutz durch Teilnahme an Zuchtprogrammen in Gefangenschaft und Projekten zur Wiederansiedlung in die Natur.<\/li><\/ul><p>\u00a0<\/p><p><strong>Besuch des Natura Parc:<\/strong><\/p><ul><li><strong>\u00d6ffnungszeiten und Eintrittspreise: <\/strong>Der Park ist ganzj\u00e4hrig ge\u00f6ffnet, wobei die \u00d6ffnungszeiten je nach Saison variieren k\u00f6nnen. Die Eintrittspreise sind erschwinglich gestaltet und bieten verschiedene Optionen f\u00fcr Familien, Gruppen und Schulklassen.<\/li><li><strong>Einrichtungen und Dienstleistungen: <\/strong>Natura Parc verf\u00fcgt \u00fcber Einrichtungen, um den Komfort seiner Besucher zu gew\u00e4hrleisten, einschlie\u00dflich Ruhebereichen, Verpflegungsm\u00f6glichkeiten und Souvenirl\u00e4den, in denen Erinnerungsst\u00fccke erworben werden k\u00f6nnen.<\/li><\/ul>\t\t\t\t\t\t\t\t<\/div>\n\t\t\t\t<\/div>\n\t\t\t\t\t<\/div>\n\t\t<\/div>\n\t\t\t\t\t<\/div>\n\t\t<\/section>\n\t\t\t\t<section class=\"elementor-section elementor-top-section elementor-element elementor-element-25e9e45 elementor-section-boxed elementor-section-height-default elementor-section-height-default\" data-id=\"25e9e45\" data-element_type=\"section\">\n\t\t\t\t\t\t<div class=\"elementor-container elementor-column-gap-default\">\n\t\t\t\t\t<div class=\"elementor-column elementor-col-100 elementor-top-column elementor-element elementor-element-ec9f0e1\" data-id=\"ec9f0e1\" data-element_type=\"column\">\n\t\t\t<div class=\"elementor-widget-wrap elementor-element-populated\">\n\t\t\t\t\t\t<div class=\"elementor-element elementor-element-312309a elementor-widget elementor-widget-video\" data-id=\"312309a\" data-element_type=\"widget\" data-settings=\"{&quot;youtube_url&quot;:&quot;https:\\\/\\\/www.youtube.com\\\/watch?v=md2uBeYdjlk&quot;,&quot;video_type&quot;:&quot;youtube&quot;,&quot;controls&quot;:&quot;yes&quot;}\" data-widget_type=\"video.default\">\n\t\t\t\t<div class=\"elementor-widget-container\">\n\t\t\t\t\t\t\t<div class=\"elementor-wrapper elementor-open-inline\">\n\t\t\t<div class=\"elementor-video\"><\/div>\t\t<\/div>\n\t\t\t\t\t\t<\/div>\n\t\t\t\t<\/div>\n\t\t\t\t\t<\/div>\n\t\t<\/div>\n\t\t\t\t\t<\/div>\n\t\t<\/section>\n\t\t\t\t<section class=\"elementor-section elementor-top-section elementor-element elementor-element-d0bda9d elementor-section-boxed elementor-section-height-default elementor-section-height-default\" data-id=\"d0bda9d\" data-element_type=\"section\">\n\t\t\t\t\t\t<div class=\"elementor-container elementor-column-gap-default\">\n\t\t\t\t\t<div class=\"elementor-column elementor-col-100 elementor-top-column elementor-element elementor-element-6feb2c1\" data-id=\"6feb2c1\" data-element_type=\"column\">\n\t\t\t<div class=\"elementor-widget-wrap elementor-element-populated\">\n\t\t\t\t\t\t<div class=\"elementor-element elementor-element-3117e51 elementor-widget elementor-widget-text-editor\" data-id=\"3117e51\" data-element_type=\"widget\" data-widget_type=\"text-editor.default\">\n\t\t\t\t<div class=\"elementor-widget-container\">\n\t\t\t\t\t\t\t\t\t<h2><span class=\"ez-toc-section\" id=\"Gastronomie\"><\/span>Gastronomie<span class=\"ez-toc-section-end\"><\/span><\/h2><p>Das <em>Tumbet<\/em> ist ein klassisches Beispiel der mallorquinischen K\u00fcche und ein Herzst\u00fcck der Gastronomie von Santa Eugenia. Dieses einfache, aber schmackhafte Gericht besteht aus Schichten von Kartoffeln, Auberginen und roten Paprikaschoten, die alle in reichlich Oliven\u00f6l angebraten und dann mit einer k\u00f6stlichen hausgemachten Tomatensauce im Ofen gebacken werden.<\/p><p>Ein weiteres repr\u00e4sentatives Gericht ist der <em>Frito Mallorqu\u00edn<\/em>, eine Mischung aus Fleisch (normalerweise Schwein oder Lamm), Leber, Kartoffeln und saisonalem Gem\u00fcse, verfeinert mit einer Vielzahl aromatischer Kr\u00e4uter wie Fenchel und Lorbeer, was die Vielfalt der Aromen der Insel widerspiegelt. Dieser Eintopf wird am besten in Gesellschaft genossen, im Einklang mit der W\u00e4rme und Geselligkeit, die die Mahlzeiten in Santa Eugenia kennzeichnen.<\/p><p>Die <em>Cocarrois<\/em>, halbmond-f\u00f6rmige Teigtaschen gef\u00fcllt mit Gem\u00fcse und Rosinen, bieten einen k\u00f6stlichen und perfekten Snack f\u00fcr unterwegs und sind ein Zeugnis der rustikalen K\u00fcche der Insel. Auf der anderen Seite sind die Panades, mit Fleisch und Erbsen gef\u00fcllte Teigtaschen, ein h\u00e4ufiger Gast auf den Tischen w\u00e4hrend der Osterwoche und anderer Festlichkeiten.<\/p><p>Auch in puncto Dessert kann Santa Eugenia \u00fcberzeugen. Die <em>Ensaimadas<\/em>, leicht und luftig, aus einem fermentierten Teig hergestellt und in Spiralen geformt, k\u00f6nnen mit s\u00fc\u00dfer K\u00fcrbisf\u00fcllung, Cremes oder einfach mit Puderzucker best\u00e4ubt sein. Sie sind das Aush\u00e4ngeschild der mallorquinischen Backkunst und ein perfektes Mitbringsel nach einem Besuch im Dorf.<\/p><p><strong data-start=\"2152\" data-end=\"2178\">Restaurante L\u2019Escargot<\/strong><br data-start=\"2178\" data-end=\"2181\" \/>Dieses charmante Restaurant kombiniert franz\u00f6sische und mediterrane K\u00fcche mit einem Fokus auf frische, hochwertige Zutaten. Die ruhige Atmosph\u00e4re und der aufmerksame Service machen es zu einer ausgezeichneten Wahl f\u00fcr ein elegantes Abendessen.<br data-start=\"2424\" data-end=\"2427\" \/>\ud83d\udccd Carrer de Sa Torre, 1, 07142 Santa Eug\u00e8nia, Mallorca<br data-start=\"2482\" data-end=\"2485\" \/>\ud83d\udcde +34 971 14 40 11<br data-start=\"2504\" data-end=\"2507\" \/>\ud83c\udf10 <a href=\"http:\/\/www.lescargotmallorca.com\/\" target=\"_new\" rel=\"noopener\" data-start=\"2510\" data-end=\"2568\">lescargotmallorca.com<\/a><\/p><p><strong data-start=\"1203\" data-end=\"1219\">Bar Can Prim<\/strong><br data-start=\"1219\" data-end=\"1222\" \/>Im Herzen des Dorfes gelegen, ist dieser traditionelle Bar ein beliebter Treffpunkt f\u00fcr Einheimische und Besucher. Hier gibt es eine gro\u00dfe Auswahl an Tapas, hausgemachten Gerichten und belegten Broten. Die Au\u00dfenterrasse l\u00e4dt dazu ein, das Dorfleben zu beobachten und mallorquinische Spezialit\u00e4ten in entspannter Atmosph\u00e4re zu genie\u00dfen.<br data-start=\"1557\" data-end=\"1560\" \/>\ud83d\udccd Pla\u00e7a Bernat de Santa Eug\u00e8nia, 4, 07142 Santa Eug\u00e8nia, Mallorca<br data-start=\"1626\" data-end=\"1629\" \/>\ud83d\udcde +34 971 14 42 24<br data-start=\"1648\" data-end=\"1651\" \/>\ud83c\udf10 <a href=\"http:\/\/www.barcanprim.com\/\" target=\"_new\" rel=\"noopener\" data-start=\"1654\" data-end=\"1698\">barcanprim.com<\/a><\/p><p><strong data-start=\"100\" data-end=\"129\">Sa Torre de Santa Eug\u00e8nia<\/strong><br data-start=\"129\" data-end=\"132\" \/>Dieses Restaurant befindet sich in einem ehemaligen Weinkeller aus dem 16. Jahrhundert und bietet kreative mallorquinische K\u00fcche in einem eleganten, historischen Ambiente. Das w\u00f6chentlich wechselnde Degustationsmen\u00fc hebt lokale und saisonale Produkte hervor. Die intime Atmosph\u00e4re und der aufmerksame Service machen Sa Torre zu einer ausgezeichneten Wahl f\u00fcr ein besonderes Abendessen.<br data-start=\"517\" data-end=\"520\" \/>\ud83d\udccd Carretera Santa Maria-Sencelles, Km 7, 07142 Santa Eug\u00e8nia, Mallorca<br data-start=\"591\" data-end=\"594\" \/>\ud83d\udcde +34 971 14 40 11<br data-start=\"613\" data-end=\"616\" \/>\ud83c\udf10 <a class=\"cursor-pointer\" target=\"_new\" rel=\"noopener\" data-start=\"619\" data-end=\"675\">sa-torre.com<\/a><\/p>\t\t\t\t\t\t\t\t<\/div>\n\t\t\t\t<\/div>\n\t\t\t\t\t<\/div>\n\t\t<\/div>\n\t\t\t\t\t<\/div>\n\t\t<\/section>\n\t\t\t\t<section class=\"elementor-section elementor-top-section elementor-element elementor-element-1d6030a elementor-section-boxed elementor-section-height-default elementor-section-height-default\" data-id=\"1d6030a\" data-element_type=\"section\">\n\t\t\t\t\t\t<div class=\"elementor-container elementor-column-gap-default\">\n\t\t\t\t\t<div class=\"elementor-column elementor-col-100 elementor-top-column elementor-element elementor-element-c887ea9\" data-id=\"c887ea9\" data-element_type=\"column\">\n\t\t\t<div class=\"elementor-widget-wrap elementor-element-populated\">\n\t\t\t\t\t\t<div class=\"elementor-element elementor-element-77e6f53 elementor-widget elementor-widget-image\" data-id=\"77e6f53\" data-element_type=\"widget\" data-widget_type=\"image.default\">\n\t\t\t\t<div class=\"elementor-widget-container\">\n\t\t\t\t\t\t\t\t\t\t\t\t<figure class=\"wp-caption\">\n\t\t\t\t\t\t\t\t\t\t<img decoding=\"async\" width=\"1920\" height=\"1279\" src=\"https:\/\/treurer.com\/wp-content\/uploads\/Santa-Eugenia-Mallorca.jpg\" class=\"attachment-large size-large wp-image-32296\" alt=\"Santa Eugenia, Mallorca\" srcset=\"https:\/\/treurer.com\/wp-content\/uploads\/Santa-Eugenia-Mallorca.jpg 1920w, https:\/\/treurer.com\/wp-content\/uploads\/Santa-Eugenia-Mallorca-768x512.jpg 768w, https:\/\/treurer.com\/wp-content\/uploads\/Santa-Eugenia-Mallorca-1536x1023.jpg 1536w, https:\/\/treurer.com\/wp-content\/uploads\/Santa-Eugenia-Mallorca-300x200.jpg 300w, https:\/\/treurer.com\/wp-content\/uploads\/Santa-Eugenia-Mallorca-600x400.jpg 600w, https:\/\/treurer.com\/wp-content\/uploads\/Santa-Eugenia-Mallorca-64x43.jpg 64w\" sizes=\"(max-width: 1920px) 100vw, 1920px\" title=\"\">\t\t\t\t\t\t\t\t\t\t\t<figcaption class=\"widget-image-caption wp-caption-text\">Santa Eugenia, Mallorca<\/figcaption>\n\t\t\t\t\t\t\t\t\t\t<\/figure>\n\t\t\t\t\t\t\t\t\t<\/div>\n\t\t\t\t<\/div>\n\t\t\t\t\t<\/div>\n\t\t<\/div>\n\t\t\t\t\t<\/div>\n\t\t<\/section>\n\t\t\t\t<section class=\"elementor-section elementor-top-section elementor-element elementor-element-bcd166d elementor-section-boxed elementor-section-height-default elementor-section-height-default\" data-id=\"bcd166d\" data-element_type=\"section\">\n\t\t\t\t\t\t<div class=\"elementor-container elementor-column-gap-default\">\n\t\t\t\t\t<div class=\"elementor-column elementor-col-100 elementor-top-column elementor-element elementor-element-07f308b\" data-id=\"07f308b\" data-element_type=\"column\">\n\t\t\t<div class=\"elementor-widget-wrap elementor-element-populated\">\n\t\t\t\t\t\t<div class=\"elementor-element elementor-element-c1c2c6f elementor-widget elementor-widget-text-editor\" data-id=\"c1c2c6f\" data-element_type=\"widget\" data-widget_type=\"text-editor.default\">\n\t\t\t\t<div class=\"elementor-widget-container\">\n\t\t\t\t\t\t\t\t\t<h2><span class=\"ez-toc-section\" id=\"Wie_man_nach_Santa_Eugenia_kommt\"><\/span>Wie man nach Santa Eugenia kommt<span class=\"ez-toc-section-end\"><\/span><\/h2><p>Um nach Santa Eugenia zu gelangen, die im Herzen von Mallorca liegt, haben Besucher mehrere Optionen, abh\u00e4ngig von ihrem Startpunkt und ihren Reisevorlieben.<\/p><p><strong>Vom Flughafen Palma de Mallorca: <\/strong>Der internationale Flughafen Palma de Mallorca (Son Sant Joan) ist am n\u00e4chsten an Santa Eugenia gelegen. Vom Flughafen aus stehen folgende M\u00f6glichkeiten zur Verf\u00fcgung:<\/p><ul><li><strong>Mietwagen: <\/strong>Zahlreiche Autovermietungen betreiben am Flughafen und bieten die Freiheit, die Insel in Ihrem eigenen Tempo zu erkunden. Nehmen Sie die Ma-19 und dann die Ma-15 Richtung Manacor, gefolgt von der Ma-3100, um innerhalb von weniger als 30 Minuten direkt nach Santa Eugenia zu gelangen.<\/li><li><strong>Taxi oder privater Transferservice:<\/strong> F\u00fcr mehr Komfort k\u00f6nnen Sie ein Taxi nehmen oder einen privaten Transferservice buchen. Diese Option ist ideal f\u00fcr diejenigen, die eine direkte und unkomplizierte Reise bevorzugen.<\/li><\/ul><p><strong>Von Palma de Mallorca: <\/strong>F\u00fcr G\u00e4ste, die in Palma \u00fcbernachten und Santa Eugenia f\u00fcr einen Tagesausflug oder w\u00e4hrend ihres Aufenthalts besuchen m\u00f6chten, gibt es verschiedene Optionen:<\/p><ul><li><strong>Bus:<\/strong> Es gibt Busverbindungen zwischen Palma und Santa Eugenia, die eine kosteng\u00fcnstige und effiziente M\u00f6glichkeit bieten, das Dorf zu erreichen. Die Fahrpl\u00e4ne k\u00f6nnen variieren, daher ist es ratsam, die H\u00e4ufigkeit und die Reisezeit im Voraus zu pr\u00fcfen.<\/li><li><strong>Auto:<\/strong> Die Fahrt von Palma aus bietet eine malerische Route durch die mallorquinische Landschaft. Sie k\u00f6nnen Santa Eugenia leicht erreichen, indem Sie die Ma-13 nehmen und dann direkt in das Dorf \u00fcber die Ma-3100 abbiegen.<\/li><\/ul><p><strong>F\u00fcr Radfahrer und Wanderer:<\/strong> Santa Eugenia, mit seiner l\u00e4ndlichen Landschaft und seinen serpentinenartigen Wegen, ist auch f\u00fcr Radfahrer und Wanderer zug\u00e4nglich. Es gibt ausgeschilderte Routen, die eine charmante und aktive M\u00f6glichkeit bieten, das Dorf zu erreichen und dabei die Natur zu genie\u00dfen.<\/p>\t\t\t\t\t\t\t\t<\/div>\n\t\t\t\t<\/div>\n\t\t\t\t\t<\/div>\n\t\t<\/div>\n\t\t\t\t\t<\/div>\n\t\t<\/section>\n\t\t\t\t<section class=\"elementor-section elementor-top-section elementor-element elementor-element-cd058b9 elementor-section-boxed elementor-section-height-default elementor-section-height-default\" data-id=\"cd058b9\" data-element_type=\"section\">\n\t\t\t\t\t\t<div class=\"elementor-container elementor-column-gap-default\">\n\t\t\t\t\t<div class=\"elementor-column elementor-col-100 elementor-top-column elementor-element elementor-element-8dacc12\" data-id=\"8dacc12\" data-element_type=\"column\">\n\t\t\t<div class=\"elementor-widget-wrap elementor-element-populated\">\n\t\t\t\t\t\t<div class=\"elementor-element elementor-element-93ebde1 elementor-widget elementor-widget-text-editor\" data-id=\"93ebde1\" data-element_type=\"widget\" data-widget_type=\"text-editor.default\">\n\t\t\t\t<div class=\"elementor-widget-container\">\n\t\t\t\t\t\t\t\t\t<h2><span class=\"ez-toc-section\" id=\"Andere_Artikel_ueber_Doerfer_in_Pla_de_Mallorca\"><\/span>Andere Artikel \u00fcber D\u00f6rfer in Pla de Mallorca<span class=\"ez-toc-section-end\"><\/span><\/h2><p><a href=\"https:\/\/treurer.com\/de\/olivenoelkultur\/algaida-ortschaft-mallorca\/\">Algaida, die traditionsreiche Ortschaft auf Mallorca<\/a><\/p><p><a href=\"https:\/\/treurer.com\/de\/olivenoelkultur\/montuiri-das-ruhige-mallorca\/\">Montuiri, das ruhige Mallorca<\/a><\/p><p><a href=\"https:\/\/treurer.com\/de\/olivenoelkultur\/sineu\/\">Sineu: Ein mittelalterliches Juwel auf Mallorca<\/a><\/p><p><a href=\"https:\/\/treurer.com\/de\/olivenoelkultur\/pina-auf-den-spuren-von-santa-catalina-thomas\/\">Pina, auf den Spuren von Santa Catalina Thom\u00e1s<\/a><\/p>\t\t\t\t\t\t\t\t<\/div>\n\t\t\t\t<\/div>\n\t\t\t\t\t<\/div>\n\t\t<\/div>\n\t\t\t\t\t<\/div>\n\t\t<\/section>\n\t\t\t\t<\/div>\n\t\t","protected":false},"excerpt":{"rendered":"<p>Entdecke Santa Eug\u00e8nia: Weing\u00fcter mit Charakter, l\u00e4ndliche Idylle und Aromen, die das authentische Mallorca widerspiegeln.<\/p>\n","protected":false},"author":4,"featured_media":35343,"comment_status":"closed","ping_status":"closed","sticky":false,"template":"","format":"standard","meta":{"_acf_changed":false,"content-type":"","_joinchat":[],"footnotes":""},"categories":[231,159],"tags":[647,645,646,644],"class_list":["post-35133","post","type-post","status-publish","format-standard","has-post-thumbnail","hentry","category-turismo-de","category-olivenoelkultur","tag-ausflug-mit-dem-auto","tag-gastronomie","tag-tradition","tag-wein"],"acf":[],"_links":{"self":[{"href":"https:\/\/treurer.com\/de\/wp-json\/wp\/v2\/posts\/35133","targetHints":{"allow":["GET"]}}],"collection":[{"href":"https:\/\/treurer.com\/de\/wp-json\/wp\/v2\/posts"}],"about":[{"href":"https:\/\/treurer.com\/de\/wp-json\/wp\/v2\/types\/post"}],"author":[{"embeddable":true,"href":"https:\/\/treurer.com\/de\/wp-json\/wp\/v2\/users\/4"}],"replies":[{"embeddable":true,"href":"https:\/\/treurer.com\/de\/wp-json\/wp\/v2\/comments?post=35133"}],"version-history":[{"count":37,"href":"https:\/\/treurer.com\/de\/wp-json\/wp\/v2\/posts\/35133\/revisions"}],"predecessor-version":[{"id":40123,"href":"https:\/\/treurer.com\/de\/wp-json\/wp\/v2\/posts\/35133\/revisions\/40123"}],"wp:featuredmedia":[{"embeddable":true,"href":"https:\/\/treurer.com\/de\/wp-json\/wp\/v2\/media\/35343"}],"wp:attachment":[{"href":"https:\/\/treurer.com\/de\/wp-json\/wp\/v2\/media?parent=35133"}],"wp:term":[{"taxonomy":"category","embeddable":true,"href":"https:\/\/treurer.com\/de\/wp-json\/wp\/v2\/categories?post=35133"},{"taxonomy":"post_tag","embeddable":true,"href":"https:\/\/treurer.com\/de\/wp-json\/wp\/v2\/tags?post=35133"}],"curies":[{"name":"wp","href":"https:\/\/api.w.org\/{rel}","templated":true}]}}