{"id":34297,"date":"2024-03-12T10:22:24","date_gmt":"2024-03-12T09:22:24","guid":{"rendered":"https:\/\/treurer.com\/?p=34297"},"modified":"2024-06-02T11:09:35","modified_gmt":"2024-06-02T09:09:35","slug":"biskuit-mit-olivenoel","status":"publish","type":"post","link":"https:\/\/treurer.com\/de\/biskuit-mit-olivenoel\/","title":{"rendered":"Rezept f\u00fcr Biskuit mit Oliven\u00f6l"},"content":{"rendered":"\t\t<div data-elementor-type=\"wp-post\" data-elementor-id=\"34297\" class=\"elementor elementor-34297 elementor-33273\" data-elementor-post-type=\"post\">\n\t\t\t\t\t\t<section class=\"elementor-section elementor-top-section elementor-element elementor-element-a166511 elementor-section-boxed elementor-section-height-default elementor-section-height-default\" data-id=\"a166511\" data-element_type=\"section\">\n\t\t\t\t\t\t<div class=\"elementor-container elementor-column-gap-default\">\n\t\t\t\t\t<div class=\"elementor-column elementor-col-100 elementor-top-column elementor-element elementor-element-7e2e5fe\" data-id=\"7e2e5fe\" data-element_type=\"column\">\n\t\t\t<div class=\"elementor-widget-wrap elementor-element-populated\">\n\t\t\t\t\t\t<div class=\"elementor-element elementor-element-a5d850f elementor-widget elementor-widget-text-editor\" data-id=\"a5d850f\" data-element_type=\"widget\" data-widget_type=\"text-editor.default\">\n\t\t\t\t<div class=\"elementor-widget-container\">\n\t\t\t\t\t\t\t\t\t<p>Entdecken Sie, wie man einen k\u00f6stlichen <strong>Zitronenbiskuit mit einem Hauch von nativem Oliven\u00f6l extra<\/strong> zubereitet, eine Kombination, die Ihren Gaumen mit ihrem frischen und aromatischen Geschmack erfreuen wird. Befolgen Sie dieses einfache Rezept und \u00fcberraschen Sie Ihre Liebsten mit einem hausgemachten Dessert voller Geschmack und Textur.<\/p><p><strong>Wussten Sie, dass natives Oliven\u00f6l extra von Arbequina der Favorit der Konditoren ist? <\/strong> Natives Oliven\u00f6l extra von Arbequina wird von vielen Konditoren aus mehreren Gr\u00fcnden bevorzugt.<\/p><p>Zum einen ist es dank seines delikaten Geschmacks mit fruchtigen Noten und einer leicht s\u00fc\u00dfen Note ideal, um anderen Zutaten in delikaten Rezepten wie Kuchen, Keksen und Desserts Geschmack zu verleihen, ohne sie zu \u00fcberdecken.<\/p><p>Au\u00dferdem erg\u00e4nzt sein frisches und fruchtiges Aroma perfekt den Geschmack von Desserts wie Zitronenbiskuit, Obstkuchen und Eiscreme. Dank seines geringen S\u00e4uregehalts und seiner geschmeidigen Textur l\u00e4sst er sich leicht mit anderen Zutaten vermischen, so dass ein glatter und homogener Geb\u00e4ckteig entsteht.<\/p><p>Sein milder Geschmack, sein frisches Aroma, seine weiche Textur und seine Vielseitigkeit in der K\u00fcche machen ihn zu einer beliebten Wahl, um einer Vielzahl von s\u00fc\u00dfen Rezepten eine besondere Note zu verleihen.<\/p>\t\t\t\t\t\t\t\t<\/div>\n\t\t\t\t<\/div>\n\t\t\t\t<div class=\"elementor-element elementor-element-cee6570 elementor-widget elementor-widget-image\" data-id=\"cee6570\" data-element_type=\"widget\" data-widget_type=\"image.default\">\n\t\t\t\t<div class=\"elementor-widget-container\">\n\t\t\t\t\t\t\t\t\t\t\t\t\t\t\t<img fetchpriority=\"high\" decoding=\"async\" width=\"1920\" height=\"1282\" src=\"https:\/\/treurer.com\/wp-content\/uploads\/Bizcocho-limon-aceite-oliva.jpg\" class=\"attachment-large size-large wp-image-33281\" alt=\"Biskuit mit Oliven\u00f6l\" srcset=\"https:\/\/treurer.com\/wp-content\/uploads\/Bizcocho-limon-aceite-oliva.jpg 1920w, https:\/\/treurer.com\/wp-content\/uploads\/Bizcocho-limon-aceite-oliva-768x513.jpg 768w, https:\/\/treurer.com\/wp-content\/uploads\/Bizcocho-limon-aceite-oliva-1536x1026.jpg 1536w, https:\/\/treurer.com\/wp-content\/uploads\/Bizcocho-limon-aceite-oliva-300x200.jpg 300w, https:\/\/treurer.com\/wp-content\/uploads\/Bizcocho-limon-aceite-oliva-600x401.jpg 600w, https:\/\/treurer.com\/wp-content\/uploads\/Bizcocho-limon-aceite-oliva-64x43.jpg 64w\" sizes=\"(max-width: 1920px) 100vw, 1920px\" title=\"\">\t\t\t\t\t\t\t\t\t\t\t\t\t\t\t<\/div>\n\t\t\t\t<\/div>\n\t\t\t\t\t<\/div>\n\t\t<\/div>\n\t\t\t\t\t<\/div>\n\t\t<\/section>\n\t\t\t\t<section class=\"elementor-section elementor-top-section elementor-element elementor-element-7c068d2 elementor-section-boxed elementor-section-height-default elementor-section-height-default\" data-id=\"7c068d2\" data-element_type=\"section\">\n\t\t\t\t\t\t<div class=\"elementor-container elementor-column-gap-default\">\n\t\t\t\t\t<div class=\"elementor-column elementor-col-100 elementor-top-column elementor-element elementor-element-f2b4678\" data-id=\"f2b4678\" data-element_type=\"column\">\n\t\t\t<div class=\"elementor-widget-wrap elementor-element-populated\">\n\t\t\t\t\t\t<div class=\"elementor-element elementor-element-bbcc886 elementor-widget elementor-widget-text-editor\" data-id=\"bbcc886\" data-element_type=\"widget\" data-widget_type=\"text-editor.default\">\n\t\t\t\t<div class=\"elementor-widget-container\">\n\t\t\t\t\t\t\t\t\t<div id=\"ez-toc-container\" class=\"ez-toc-v2_0_82_2 counter-hierarchy ez-toc-counter ez-toc-custom ez-toc-container-direction\">\n<div class=\"ez-toc-title-container\">\n<p class=\"ez-toc-title\" style=\"cursor:inherit\">Contenidos \/ Contents<\/p>\n<span class=\"ez-toc-title-toggle\"><\/span><\/div>\n<nav><ul class='ez-toc-list ez-toc-list-level-1 ' ><li class='ez-toc-page-1 ez-toc-heading-level-2'><a class=\"ez-toc-link ez-toc-heading-1\" href=\"https:\/\/treurer.com\/de\/biskuit-mit-olivenoel\/#Zutaten\" >Zutaten<\/a><\/li><li class='ez-toc-page-1 ez-toc-heading-level-2'><a class=\"ez-toc-link ez-toc-heading-2\" href=\"https:\/\/treurer.com\/de\/biskuit-mit-olivenoel\/#Werkzeuge\" >Werkzeuge<\/a><\/li><li class='ez-toc-page-1 ez-toc-heading-level-2'><a class=\"ez-toc-link ez-toc-heading-3\" href=\"https:\/\/treurer.com\/de\/biskuit-mit-olivenoel\/#Zubereitung\" >Zubereitung<\/a><\/li><li class='ez-toc-page-1 ez-toc-heading-level-2'><a class=\"ez-toc-link ez-toc-heading-4\" href=\"https:\/\/treurer.com\/de\/biskuit-mit-olivenoel\/#Servieren\" >Servieren<\/a><\/li><\/ul><\/nav><\/div>\n<h2><span class=\"ez-toc-section\" id=\"Zutaten\"><\/span>Zutaten<span class=\"ez-toc-section-end\"><\/span><\/h2><ul><li>3 Eier<\/li><li>200 g Zucker<\/li><li>250 ml natives Oliven\u00f6l extra<\/li><li>250 g Weizenmehl<\/li><li>1 P\u00e4ckchen Backpulver (16 g)<\/li><li>Schale von 2 Zitronen<\/li><li>Saft von 1 Zitrone<\/li><li>eine Prise Salz<\/li><\/ul><h2><span class=\"ez-toc-section\" id=\"Werkzeuge\"><\/span>Werkzeuge<span class=\"ez-toc-section-end\"><\/span><\/h2><ul><li>Gro\u00dfe R\u00fchrsch\u00fcssel<\/li><li>Elektro- oder Handr\u00fchrger\u00e4t<\/li><li>Kuchenform<\/li><li>Backpapier oder \u00d6l zum Einfetten der Form<\/li><li>Zitronenzester<\/li><li>Zitronenzester<\/li><li>Zitronenpresse<\/li><li>Sieb oder Sieb (optional, um das Mehl zu sieben)<\/li><\/ul><h2><span class=\"ez-toc-section\" id=\"Zubereitung\"><\/span>Zubereitung<span class=\"ez-toc-section-end\"><\/span><\/h2><ol><li>Den Ofen auf 180\u00b0C vorheizen und die Kuchenform mit etwas Oliven\u00f6l einfetten.<\/li><li>In einer gro\u00dfen Sch\u00fcssel die Eier mit dem Zucker schaumig schlagen, bis sich das Volumen verdoppelt hat.<\/li><li>Unter st\u00e4ndigem Schlagen das Oliven\u00f6l nach und nach hinzuf\u00fcgen, bis es gut eingearbeitet ist.<\/li><li>Die Zitronenschale und den Zitronensaft zu der Mischung geben und gut verr\u00fchren.<\/li><li>In einer anderen Sch\u00fcssel das Mehl mit dem Backpulver und der Prise Salz sieben.<\/li><li>Die trockenen Zutaten nach und nach zu der Eier- und \u00d6lmischung geben und mit kreisenden Bewegungen vorsichtig verr\u00fchren, bis ein homogener Teig entsteht.<\/li><li>Den Teig in die vorbereitete Form geben und gleichm\u00e4\u00dfig verteilen.<\/li><li>Den Teig in die vorbereitete Form geben und gleichm\u00e4\u00dfig verteilen.<\/li><li>Zirka 30-40 Minuten backen, oder bis ein in die Mitte gesteckter Zahnstocher sauber herauskommt.<\/li><li>Nachdem der Kuchen fertig ist, aus dem Ofen nehmen und einige Minuten in der Form abk\u00fchlen lassen, bevor man ihn aus der Form l\u00f6st und auf einem Gitterrost vollst\u00e4ndig abk\u00fchlen l\u00e4sst.<\/li><\/ol><h2><span class=\"ez-toc-section\" id=\"Servieren\"><\/span>Servieren<span class=\"ez-toc-section-end\"><\/span><\/h2><p>Sobald der Kuchen vollst\u00e4ndig abgek\u00fchlt ist, k\u00f6nnen Sie ihn in einzelnen Scheiben auf einer Platte oder einem Servierbrett servieren. Sie k\u00f6nnen ihn mit ein paar d\u00fcnnen Zitronenscheiben dekorieren oder mit Puderzucker bestreuen, um ihm den letzten Schliff zu geben. Servieren Sie dazu eine Tasse Tee oder Kaffee &#8211; guten Appetit!<\/p>\t\t\t\t\t\t\t\t<\/div>\n\t\t\t\t<\/div>\n\t\t\t\t\t<\/div>\n\t\t<\/div>\n\t\t\t\t\t<\/div>\n\t\t<\/section>\n\t\t\t\t<\/div>\n\t\t","protected":false},"excerpt":{"rendered":"<p>Entdecken Sie, wie man einen k\u00f6stlichen Zitronenbiskuit mit einem Hauch von nativem Oliven\u00f6l extra zubereitet, eine Kombination, die Ihren Gaumen mit ihrem frischen und aromatischen Geschmack erfreuen wird.<\/p>\n","protected":false},"author":4,"featured_media":33281,"comment_status":"closed","ping_status":"closed","sticky":false,"template":"","format":"standard","meta":{"_acf_changed":false,"content-type":"","_joinchat":[],"footnotes":""},"categories":[163],"tags":[],"class_list":["post-34297","post","type-post","status-publish","format-standard","has-post-thumbnail","hentry","category-kuchenrezepte"],"acf":[],"_links":{"self":[{"href":"https:\/\/treurer.com\/de\/wp-json\/wp\/v2\/posts\/34297","targetHints":{"allow":["GET"]}}],"collection":[{"href":"https:\/\/treurer.com\/de\/wp-json\/wp\/v2\/posts"}],"about":[{"href":"https:\/\/treurer.com\/de\/wp-json\/wp\/v2\/types\/post"}],"author":[{"embeddable":true,"href":"https:\/\/treurer.com\/de\/wp-json\/wp\/v2\/users\/4"}],"replies":[{"embeddable":true,"href":"https:\/\/treurer.com\/de\/wp-json\/wp\/v2\/comments?post=34297"}],"version-history":[{"count":11,"href":"https:\/\/treurer.com\/de\/wp-json\/wp\/v2\/posts\/34297\/revisions"}],"predecessor-version":[{"id":34309,"href":"https:\/\/treurer.com\/de\/wp-json\/wp\/v2\/posts\/34297\/revisions\/34309"}],"wp:featuredmedia":[{"embeddable":true,"href":"https:\/\/treurer.com\/de\/wp-json\/wp\/v2\/media\/33281"}],"wp:attachment":[{"href":"https:\/\/treurer.com\/de\/wp-json\/wp\/v2\/media?parent=34297"}],"wp:term":[{"taxonomy":"category","embeddable":true,"href":"https:\/\/treurer.com\/de\/wp-json\/wp\/v2\/categories?post=34297"},{"taxonomy":"post_tag","embeddable":true,"href":"https:\/\/treurer.com\/de\/wp-json\/wp\/v2\/tags?post=34297"}],"curies":[{"name":"wp","href":"https:\/\/api.w.org\/{rel}","templated":true}]}}