{"id":32248,"date":"2023-09-27T16:53:17","date_gmt":"2023-09-27T14:53:17","guid":{"rendered":"https:\/\/treurer.com\/?p=32248"},"modified":"2025-09-19T18:14:10","modified_gmt":"2025-09-19T16:14:10","slug":"deia-mallorca","status":"publish","type":"post","link":"https:\/\/treurer.com\/de\/deia-mallorca\/","title":{"rendered":"Dei\u00e0: Kunst, Gastronomie und bedeutende Pers\u00f6nlichkeiten"},"content":{"rendered":"\t\t<div data-elementor-type=\"wp-post\" data-elementor-id=\"32248\" class=\"elementor elementor-32248 elementor-29461\" data-elementor-post-type=\"post\">\n\t\t\t\t\t\t<section class=\"elementor-section elementor-top-section elementor-element elementor-element-71cae1f elementor-section-boxed elementor-section-height-default elementor-section-height-default\" data-id=\"71cae1f\" data-element_type=\"section\">\n\t\t\t\t\t\t<div class=\"elementor-container elementor-column-gap-default\">\n\t\t\t\t\t<div class=\"elementor-column elementor-col-100 elementor-top-column elementor-element elementor-element-a75852d\" data-id=\"a75852d\" data-element_type=\"column\">\n\t\t\t<div class=\"elementor-widget-wrap elementor-element-populated\">\n\t\t\t\t\t\t<div class=\"elementor-element elementor-element-46df19c elementor-widget elementor-widget-text-editor\" data-id=\"46df19c\" data-element_type=\"widget\" data-widget_type=\"text-editor.default\">\n\t\t\t\t<div class=\"elementor-widget-container\">\n\t\t\t\t\t\t\t\t\t<p data-start=\"453\" data-end=\"815\"><strong data-start=\"453\" data-end=\"470\">Dei\u00e0 Mallorca<\/strong> ist eines der malerischsten D\u00f6rfer an der Nordwestk\u00fcste der Insel. Eingebettet in die <strong data-start=\"557\" data-end=\"598\">UNESCO-gesch\u00fctzte Serra de Tramuntana<\/strong> verbindet der Ort mediterrane Natur mit einem einzigartigen k\u00fcnstlerischen Erbe. Seit Jahrzehnten gilt Dei\u00e0 als R\u00fcckzugsort f\u00fcr Schriftsteller, Maler und Musiker, die hier Inspiration in der Ruhe des Dorfes fanden.<\/p><p data-start=\"817\" data-end=\"1046\">Ob Sie die Spuren der <strong data-start=\"839\" data-end=\"864\">maurischen Geschichte<\/strong>, die Aussicht zwischen <strong data-start=\"888\" data-end=\"907\">Meer und Bergen<\/strong> oder die lebendige <strong data-start=\"927\" data-end=\"958\">Kunst- und Gastronomieszene<\/strong> entdecken m\u00f6chten \u2013 in Dei\u00e0 erleben Besucher die Essenz Mallorcas auf kleinstem Raum.<\/p><p data-start=\"1048\" data-end=\"1374\">In diesem Guide finden Sie alles, was Sie f\u00fcr Ihren Besuch wissen sollten: von der Geschichte \u00fcber Sehensw\u00fcrdigkeiten und Festivals bis hin zu typischen Gerichten, ber\u00fchmten Pers\u00f6nlichkeiten und praktischen Reisetipps. So k\u00f6nnen Sie selbst sp\u00fcren, warum Dei\u00e0 seit Generationen Reisende und K\u00fcnstler gleicherma\u00dfen fasziniert.<\/p>\t\t\t\t\t\t\t\t<\/div>\n\t\t\t\t<\/div>\n\t\t\t\t\t<\/div>\n\t\t<\/div>\n\t\t\t\t\t<\/div>\n\t\t<\/section>\n\t\t\t\t<section class=\"elementor-section elementor-top-section elementor-element elementor-element-1154470 elementor-section-boxed elementor-section-height-default elementor-section-height-default\" data-id=\"1154470\" data-element_type=\"section\">\n\t\t\t\t\t\t<div class=\"elementor-container elementor-column-gap-default\">\n\t\t\t\t\t<div class=\"elementor-column elementor-col-100 elementor-top-column elementor-element elementor-element-9319533\" data-id=\"9319533\" data-element_type=\"column\">\n\t\t\t<div class=\"elementor-widget-wrap elementor-element-populated\">\n\t\t\t\t\t\t<div class=\"elementor-element elementor-element-231d4b4 elementor-widget elementor-widget-text-editor\" data-id=\"231d4b4\" data-element_type=\"widget\" data-widget_type=\"text-editor.default\">\n\t\t\t\t<div class=\"elementor-widget-container\">\n\t\t\t\t\t\t\t\t\t<div id=\"ez-toc-container\" class=\"ez-toc-v2_0_82_2 counter-hierarchy ez-toc-counter ez-toc-custom ez-toc-container-direction\">\n<div class=\"ez-toc-title-container\">\n<p class=\"ez-toc-title\" style=\"cursor:inherit\">Contenidos \/ Contents<\/p>\n<span class=\"ez-toc-title-toggle\"><\/span><\/div>\n<nav><ul class='ez-toc-list ez-toc-list-level-1 ' ><li class='ez-toc-page-1 ez-toc-heading-level-2'><a class=\"ez-toc-link ez-toc-heading-1\" href=\"https:\/\/treurer.com\/de\/deia-mallorca\/#Geschichte_von_Deia_in_Kuerze\" >Geschichte von Dei\u00e0 in K\u00fcrze<\/a><\/li><li class='ez-toc-page-1 ez-toc-heading-level-2'><a class=\"ez-toc-link ez-toc-heading-2\" href=\"https:\/\/treurer.com\/de\/deia-mallorca\/#Sehenswuerdigkeiten_in_Deia_Mallorca_Was_Sie_nicht_verpassen_sollten\" >Sehensw\u00fcrdigkeiten in Dei\u00e0 Mallorca: Was Sie nicht verpassen sollten<\/a><ul class='ez-toc-list-level-3' ><li class='ez-toc-heading-level-3'><a class=\"ez-toc-link ez-toc-heading-3\" href=\"https:\/\/treurer.com\/de\/deia-mallorca\/#Cala_Deia\" >Cala Dei\u00e0<\/a><\/li><li class='ez-toc-page-1 ez-toc-heading-level-3'><a class=\"ez-toc-link ez-toc-heading-4\" href=\"https:\/\/treurer.com\/de\/deia-mallorca\/#Son_Marroig_Mirador_Sa_Foradada\" >Son Marroig &amp; Mirador Sa Foradada<\/a><\/li><li class='ez-toc-page-1 ez-toc-heading-level-3'><a class=\"ez-toc-link ez-toc-heading-5\" href=\"https:\/\/treurer.com\/de\/deia-mallorca\/#Robert-Graves-Haus_Museum_Ca_nAlluny\" >Robert-Graves-Haus \/ Museum (Ca n\u2019Alluny)<\/a><\/li><li class='ez-toc-page-1 ez-toc-heading-level-3'><a class=\"ez-toc-link ez-toc-heading-6\" href=\"https:\/\/treurer.com\/de\/deia-mallorca\/#Kirche_Sant_Joan_Bautista_Friedhof\" >Kirche Sant Joan Bautista &amp; Friedhof<\/a><\/li><li class='ez-toc-page-1 ez-toc-heading-level-3'><a class=\"ez-toc-link ez-toc-heading-7\" href=\"https:\/\/treurer.com\/de\/deia-mallorca\/#Archaeologisches_Museum_Deia\" >Arch\u00e4ologisches Museum Dei\u00e0<\/a><\/li><li class='ez-toc-page-1 ez-toc-heading-level-3'><a class=\"ez-toc-link ez-toc-heading-8\" href=\"https:\/\/treurer.com\/de\/deia-mallorca\/#Aussichtspunkte_in_und_um_Deia\" >Aussichtspunkte in und um Dei\u00e0<\/a><\/li><li class='ez-toc-page-1 ez-toc-heading-level-3'><a class=\"ez-toc-link ez-toc-heading-9\" href=\"https:\/\/treurer.com\/de\/deia-mallorca\/#Wanderwege_Naturerlebnisse\" >Wanderwege &amp; Naturerlebnisse<\/a><\/li><\/ul><\/li><li class='ez-toc-page-1 ez-toc-heading-level-2'><a class=\"ez-toc-link ez-toc-heading-10\" href=\"https:\/\/treurer.com\/de\/deia-mallorca\/#Das_kulturelle_Leben_in_Deia\" >Das kulturelle Leben in Dei\u00e0<\/a><ul class='ez-toc-list-level-3' ><li class='ez-toc-heading-level-3'><a class=\"ez-toc-link ez-toc-heading-11\" href=\"https:\/\/treurer.com\/de\/deia-mallorca\/#Festivals_und_Veranstaltungen\" >Festivals und Veranstaltungen<\/a><\/li><li class='ez-toc-page-1 ez-toc-heading-level-3'><a class=\"ez-toc-link ez-toc-heading-12\" href=\"https:\/\/treurer.com\/de\/deia-mallorca\/#Galerien_und_Kuenstlerateliers\" >Galerien und K\u00fcnstlerateliers<\/a><\/li><li class='ez-toc-page-1 ez-toc-heading-level-3'><a class=\"ez-toc-link ez-toc-heading-13\" href=\"https:\/\/treurer.com\/de\/deia-mallorca\/#Musik_und_Unterhaltung\" >Musik und Unterhaltung<\/a><\/li><\/ul><\/li><li class='ez-toc-page-1 ez-toc-heading-level-2'><a class=\"ez-toc-link ez-toc-heading-14\" href=\"https:\/\/treurer.com\/de\/deia-mallorca\/#Persoenlichkeiten_in_Deia\" >Pers\u00f6nlichkeiten in Dei\u00e0<\/a><ul class='ez-toc-list-level-3' ><li class='ez-toc-heading-level-3'><a class=\"ez-toc-link ez-toc-heading-15\" href=\"https:\/\/treurer.com\/de\/deia-mallorca\/#Robert_Graves\" >Robert Graves<\/a><\/li><li class='ez-toc-page-1 ez-toc-heading-level-3'><a class=\"ez-toc-link ez-toc-heading-16\" href=\"https:\/\/treurer.com\/de\/deia-mallorca\/#Weitere_bekannte_Bewohner_und_Besucher\" >Weitere bekannte Bewohner und Besucher<\/a><\/li><\/ul><\/li><li class='ez-toc-page-1 ez-toc-heading-level-2'><a class=\"ez-toc-link ez-toc-heading-17\" href=\"https:\/\/treurer.com\/de\/deia-mallorca\/#Gastronomie_in_Deia\" >Gastronomie in Dei\u00e0<\/a><ul class='ez-toc-list-level-3' ><li class='ez-toc-heading-level-3'><a class=\"ez-toc-link ez-toc-heading-18\" href=\"https:\/\/treurer.com\/de\/deia-mallorca\/#Typische_Gerichte_aus_Mallorca\" >Typische Gerichte aus Mallorca<\/a><\/li><li class='ez-toc-page-1 ez-toc-heading-level-3'><a class=\"ez-toc-link ez-toc-heading-19\" href=\"https:\/\/treurer.com\/de\/deia-mallorca\/#Restaurants_und_Cafes_in_Deia\" >Restaurants und Caf\u00e9s in Dei\u00e0<\/a><ul class='ez-toc-list-level-4' ><li class='ez-toc-heading-level-4'><a class=\"ez-toc-link ez-toc-heading-20\" href=\"https:\/\/treurer.com\/de\/deia-mallorca\/#Restaurant_Sebastian\" >Restaurant Sebasti\u00e1n<\/a><\/li><li class='ez-toc-page-1 ez-toc-heading-level-4'><a class=\"ez-toc-link ez-toc-heading-21\" href=\"https:\/\/treurer.com\/de\/deia-mallorca\/#Cas_Patro_March\" >Ca\u2019s Patro March<\/a><\/li><li class='ez-toc-page-1 ez-toc-heading-level-4'><a class=\"ez-toc-link ez-toc-heading-22\" href=\"https:\/\/treurer.com\/de\/deia-mallorca\/#Cafe_Med\" >Caf\u00e9 Med<\/a><\/li><\/ul><\/li><\/ul><\/li><li class='ez-toc-page-1 ez-toc-heading-level-2'><a class=\"ez-toc-link ez-toc-heading-23\" href=\"https:\/\/treurer.com\/de\/deia-mallorca\/#Wie_man_nach_Deia_kommt\" >Wie man nach Dei\u00e0 kommt<\/a><ul class='ez-toc-list-level-3' ><li class='ez-toc-heading-level-3'><a class=\"ez-toc-link ez-toc-heading-24\" href=\"https:\/\/treurer.com\/de\/deia-mallorca\/#Mit_oeffentlichen_Verkehrsmitteln\" >Mit \u00f6ffentlichen Verkehrsmitteln<\/a><\/li><li class='ez-toc-page-1 ez-toc-heading-level-3'><a class=\"ez-toc-link ez-toc-heading-25\" href=\"https:\/\/treurer.com\/de\/deia-mallorca\/#Mit_dem_Auto\" >Mit dem Auto<\/a><\/li><li class='ez-toc-page-1 ez-toc-heading-level-3'><a class=\"ez-toc-link ez-toc-heading-26\" href=\"https:\/\/treurer.com\/de\/deia-mallorca\/#Parken_in_Deia\" >Parken in Dei\u00e0<\/a><\/li><\/ul><\/li><li class='ez-toc-page-1 ez-toc-heading-level-2'><a class=\"ez-toc-link ez-toc-heading-27\" href=\"https:\/\/treurer.com\/de\/deia-mallorca\/#Deia_Mallorca_erleben\" >Dei\u00e0 Mallorca erleben<\/a><\/li><\/ul><\/nav><\/div>\n<h2 data-start=\"184\" data-end=\"217\"><span class=\"ez-toc-section\" id=\"Geschichte_von_Deia_in_Kuerze\"><\/span>Geschichte von Dei\u00e0 in K\u00fcrze<span class=\"ez-toc-section-end\"><\/span><\/h2><p data-start=\"219\" data-end=\"631\">Der Name <strong data-start=\"228\" data-end=\"245\">Dei\u00e0 Mallorca<\/strong> geht wahrscheinlich auf das arabische Wort <em data-start=\"289\" data-end=\"300\">\u201cAd-Daya\u201d<\/em> zur\u00fcck, was \u201ekleines Dorf\u201c bedeutet. Die ersten Siedlungsspuren stammen aus der Bronzezeit, doch besonders w\u00e4hrend der maurischen Herrschaft im 10. Jahrhundert gewann der Ort an Bedeutung. Damals wurden fortschrittliche <strong data-start=\"521\" data-end=\"544\">Bew\u00e4sserungssysteme<\/strong> eingef\u00fchrt, die bis heute das Landschaftsbild mit Olivenhainen und Terrassen pr\u00e4gen.<\/p><p data-start=\"633\" data-end=\"952\">Nach der Eroberung Mallorcas durch das K\u00f6nigreich Arag\u00f3n im Jahr 1229 entwickelte sich Dei\u00e0 zu einem kleinen Fischer- und Bauerndorf. Im 20. Jahrhundert zog das Dorf zahlreiche K\u00fcnstler und Schriftsteller an, allen voran <strong data-start=\"854\" data-end=\"871\">Robert Graves<\/strong>, der hier sein Zuhause fand und den Ruf Dei\u00e0s als <strong data-start=\"922\" data-end=\"938\">K\u00fcnstlerdorf<\/strong> begr\u00fcndete.<\/p><p data-start=\"954\" data-end=\"1129\">Heute verbindet Dei\u00e0 seine historische Vergangenheit mit einer lebendigen Kulturszene und bleibt ein einzigartiger Ort, an dem Geschichte, Natur und Kunst ineinandergreifen.<\/p>\t\t\t\t\t\t\t\t<\/div>\n\t\t\t\t<\/div>\n\t\t\t\t\t<\/div>\n\t\t<\/div>\n\t\t\t\t\t<\/div>\n\t\t<\/section>\n\t\t\t\t<section class=\"elementor-section elementor-top-section elementor-element elementor-element-36b24998 elementor-section-boxed elementor-section-height-default elementor-section-height-default\" data-id=\"36b24998\" data-element_type=\"section\">\n\t\t\t\t\t\t<div class=\"elementor-container elementor-column-gap-default\">\n\t\t\t\t\t<div class=\"elementor-column elementor-col-100 elementor-top-column elementor-element elementor-element-563d7679\" data-id=\"563d7679\" data-element_type=\"column\">\n\t\t\t<div class=\"elementor-widget-wrap elementor-element-populated\">\n\t\t\t\t\t\t<div class=\"elementor-element elementor-element-25b75055 elementor-cta--layout-image-right elementor-cta--mobile-layout-image-above elementor-cta--skin-classic elementor-animated-content elementor-bg-transform elementor-bg-transform-zoom-in elementor-widget elementor-widget-call-to-action\" data-id=\"25b75055\" data-element_type=\"widget\" data-widget_type=\"call-to-action.default\">\n\t\t\t\t<div class=\"elementor-widget-container\">\n\t\t\t\t\t\t\t<a class=\"elementor-cta\" href=\"https:\/\/treurer.com\/tienda\">\n\t\t\t\t\t<div class=\"elementor-cta__bg-wrapper\">\n\t\t\t\t<div class=\"elementor-cta__bg elementor-bg\" style=\"background-image: url(https:\/\/treurer.com\/wp-content\/uploads\/Bodego.jpg);\" role=\"img\" aria-label=\"Stillleben von \u00d6l und Brot\"><\/div>\n\t\t\t\t<div class=\"elementor-cta__bg-overlay\"><\/div>\n\t\t\t<\/div>\n\t\t\t\t\t\t\t<div class=\"elementor-cta__content\">\n\t\t\t\t\n\t\t\t\t\t\t\t\t\t<span class=\"elementor-cta__title elementor-cta__content-item elementor-content-item\">\n\t\t\t\t\t\tCU\u00cdDATE. \t\t\t\t\t<\/span>\n\t\t\t\t\n\t\t\t\t\t\t\t\t\t<div class=\"elementor-cta__description elementor-cta__content-item elementor-content-item\">\n\t\t\t\t\t\tEl aceite de oliva virgen extra es la pieza m\u00e1s importante de la dieta mediterr\u00e1nea.\n<br>\n<br>\nAceite de oliva rigen extra Treurer es un aceite equilibrado, producido con esmero en una peque\u00f1a finca en Mallorca. Extra\u00eddo en fr\u00edo y envasado seg\u00fan demanda para que conserve todas las cualidades intactas al llegar a tu casa.\n<br>\n<br>\t\t\t\t\t<\/div>\n\t\t\t\t\n\t\t\t\t\t\t\t\t\t<div class=\"elementor-cta__button-wrapper elementor-cta__content-item elementor-content-item \">\n\t\t\t\t\t<span class=\"elementor-cta__button elementor-button elementor-size-\">\n\t\t\t\t\t\tEMPIEZA HOY MISMO\t\t\t\t\t<\/span>\n\t\t\t\t\t<\/div>\n\t\t\t\t\t\t\t<\/div>\n\t\t\t\t\t\t<\/a>\n\t\t\t\t\t\t<\/div>\n\t\t\t\t<\/div>\n\t\t\t\t\t<\/div>\n\t\t<\/div>\n\t\t\t\t\t<\/div>\n\t\t<\/section>\n\t\t\t\t<section class=\"elementor-section elementor-top-section elementor-element elementor-element-7c3edd9 elementor-section-boxed elementor-section-height-default elementor-section-height-default\" data-id=\"7c3edd9\" data-element_type=\"section\">\n\t\t\t\t\t\t<div class=\"elementor-container elementor-column-gap-default\">\n\t\t\t\t\t<div class=\"elementor-column elementor-col-100 elementor-top-column elementor-element elementor-element-0761708\" data-id=\"0761708\" data-element_type=\"column\">\n\t\t\t<div class=\"elementor-widget-wrap elementor-element-populated\">\n\t\t\t\t\t\t<div class=\"elementor-element elementor-element-22c215e elementor-widget elementor-widget-image\" data-id=\"22c215e\" data-element_type=\"widget\" data-widget_type=\"image.default\">\n\t\t\t\t<div class=\"elementor-widget-container\">\n\t\t\t\t\t\t\t\t\t\t\t\t\t\t\t<img fetchpriority=\"high\" decoding=\"async\" width=\"1920\" height=\"1217\" src=\"https:\/\/treurer.com\/wp-content\/uploads\/Deia-Mallorca.jpg\" class=\"attachment-large size-large wp-image-41723\" alt=\"Dei\u00e0, Mallorca\" srcset=\"https:\/\/treurer.com\/wp-content\/uploads\/Deia-Mallorca.jpg 1920w, https:\/\/treurer.com\/wp-content\/uploads\/Deia-Mallorca-768x487.jpg 768w, https:\/\/treurer.com\/wp-content\/uploads\/Deia-Mallorca-1536x974.jpg 1536w, https:\/\/treurer.com\/wp-content\/uploads\/Deia-Mallorca-300x190.jpg 300w, https:\/\/treurer.com\/wp-content\/uploads\/Deia-Mallorca-600x380.jpg 600w, https:\/\/treurer.com\/wp-content\/uploads\/Deia-Mallorca-64x41.jpg 64w\" sizes=\"(max-width: 1920px) 100vw, 1920px\" title=\"\">\t\t\t\t\t\t\t\t\t\t\t\t\t\t\t<\/div>\n\t\t\t\t<\/div>\n\t\t\t\t\t<\/div>\n\t\t<\/div>\n\t\t\t\t\t<\/div>\n\t\t<\/section>\n\t\t\t\t<section class=\"elementor-section elementor-top-section elementor-element elementor-element-d33ed4a elementor-section-boxed elementor-section-height-default elementor-section-height-default\" data-id=\"d33ed4a\" data-element_type=\"section\">\n\t\t\t\t\t\t<div class=\"elementor-container elementor-column-gap-default\">\n\t\t\t\t\t<div class=\"elementor-column elementor-col-100 elementor-top-column elementor-element elementor-element-856547f\" data-id=\"856547f\" data-element_type=\"column\">\n\t\t\t<div class=\"elementor-widget-wrap elementor-element-populated\">\n\t\t\t\t\t\t<div class=\"elementor-element elementor-element-db5cc11 elementor-widget elementor-widget-image\" data-id=\"db5cc11\" data-element_type=\"widget\" data-widget_type=\"image.default\">\n\t\t\t\t<div class=\"elementor-widget-container\">\n\t\t\t\t\t\t\t\t\t\t\t\t\t\t\t<img decoding=\"async\" width=\"1920\" height=\"660\" src=\"https:\/\/treurer.com\/wp-content\/uploads\/Mallorca-Deia-cala-deia.jpeg\" class=\"attachment-large size-large wp-image-29480\" alt=\"Cala Dei\u00e0, Dei\u00e0, Mallorca\" srcset=\"https:\/\/treurer.com\/wp-content\/uploads\/Mallorca-Deia-cala-deia.jpeg 1920w, https:\/\/treurer.com\/wp-content\/uploads\/Mallorca-Deia-cala-deia-768x264.jpeg 768w, https:\/\/treurer.com\/wp-content\/uploads\/Mallorca-Deia-cala-deia-1536x528.jpeg 1536w, https:\/\/treurer.com\/wp-content\/uploads\/Mallorca-Deia-cala-deia-300x103.jpeg 300w, https:\/\/treurer.com\/wp-content\/uploads\/Mallorca-Deia-cala-deia-600x206.jpeg 600w, https:\/\/treurer.com\/wp-content\/uploads\/Mallorca-Deia-cala-deia-64x22.jpeg 64w\" sizes=\"(max-width: 1920px) 100vw, 1920px\" title=\"\">\t\t\t\t\t\t\t\t\t\t\t\t\t\t\t<\/div>\n\t\t\t\t<\/div>\n\t\t\t\t\t<\/div>\n\t\t<\/div>\n\t\t\t\t\t<\/div>\n\t\t<\/section>\n\t\t\t\t<section class=\"elementor-section elementor-top-section elementor-element elementor-element-d761fb2 elementor-section-boxed elementor-section-height-default elementor-section-height-default\" data-id=\"d761fb2\" data-element_type=\"section\">\n\t\t\t\t\t\t<div class=\"elementor-container elementor-column-gap-default\">\n\t\t\t\t\t<div class=\"elementor-column elementor-col-100 elementor-top-column elementor-element elementor-element-e897b2d\" data-id=\"e897b2d\" data-element_type=\"column\">\n\t\t\t<div class=\"elementor-widget-wrap elementor-element-populated\">\n\t\t\t\t\t\t<div class=\"elementor-element elementor-element-cf5a675 elementor-widget elementor-widget-text-editor\" data-id=\"cf5a675\" data-element_type=\"widget\" data-widget_type=\"text-editor.default\">\n\t\t\t\t<div class=\"elementor-widget-container\">\n\t\t\t\t\t\t\t\t\t<h2 data-start=\"296\" data-end=\"369\"><span class=\"ez-toc-section\" id=\"Sehenswuerdigkeiten_in_Deia_Mallorca_Was_Sie_nicht_verpassen_sollten\"><\/span>Sehensw\u00fcrdigkeiten in Dei\u00e0 Mallorca: Was Sie nicht verpassen sollten<span class=\"ez-toc-section-end\"><\/span><\/h2><h3 data-start=\"371\" data-end=\"386\"><span class=\"ez-toc-section\" id=\"Cala_Deia\"><\/span>Cala Dei\u00e0<span class=\"ez-toc-section-end\"><\/span><\/h3><p data-start=\"387\" data-end=\"775\">Nur wenige Minuten vom Dorfzentrum entfernt liegt die malerische <strong data-start=\"452\" data-end=\"465\">Cala Dei\u00e0<\/strong>, eine kleine Kiesel- und Felsenbucht mit kristallklarem Wasser. Sie ist umgeben von Kalksteinfelsen und mediterraner Vegetation und bietet eine Atmosph\u00e4re, die sowohl ruhig als auch authentisch ist. Direkt am Wasser laden einfache Restaurants ein, frischen Fisch und Meeresfr\u00fcchte mit Meerblick zu genie\u00dfen.<\/p><ul data-start=\"777\" data-end=\"1080\"><li data-start=\"777\" data-end=\"828\"><p data-start=\"779\" data-end=\"828\"><strong data-start=\"779\" data-end=\"795\">Aktivit\u00e4ten:<\/strong> Schwimmen, Schnorcheln, Kajak.<\/p><\/li><li data-start=\"829\" data-end=\"907\"><p data-start=\"831\" data-end=\"907\"><strong data-start=\"831\" data-end=\"847\">Restaurants:<\/strong> Zwei Lokale direkt am Wasser, bekannt f\u00fcr frischen Fisch.<\/p><\/li><li data-start=\"908\" data-end=\"981\"><p data-start=\"910\" data-end=\"981\"><strong data-start=\"910\" data-end=\"925\">Beste Zeit:<\/strong> Fr\u00fch am Vormittag oder ab 17 Uhr \u2013 mittags sehr voll.<\/p><\/li><li data-start=\"982\" data-end=\"1080\"><p data-start=\"984\" data-end=\"1080\"><strong data-start=\"984\" data-end=\"993\">Tipp:<\/strong> Parkplatz begrenzt, in der Hochsaison besser zu Fu\u00df vom Dorf hinunter (ca. 30 Min.).<\/p><\/li><\/ul><h3 data-start=\"1087\" data-end=\"1126\"><span class=\"ez-toc-section\" id=\"Son_Marroig_Mirador_Sa_Foradada\"><\/span>Son Marroig &amp; Mirador Sa Foradada<span class=\"ez-toc-section-end\"><\/span><\/h3><p data-start=\"1127\" data-end=\"1433\">Das ehemalige Anwesen des Erzherzogs Ludwig Salvator, <strong data-start=\"1181\" data-end=\"1196\">Son Marroig<\/strong>, ist einer der magischsten Orte der Insel. Von hier aus \u00f6ffnet sich der Blick auf den markanten Felsen <strong data-start=\"1300\" data-end=\"1315\">Sa Foradada<\/strong>, ein Wahrzeichen der Nordwestk\u00fcste. Besonders bei Sonnenuntergang wird der Ort zu einer B\u00fchne aus Farben und Licht.<\/p><ul data-start=\"1435\" data-end=\"1699\"><li data-start=\"1435\" data-end=\"1490\"><p data-start=\"1437\" data-end=\"1490\"><strong data-start=\"1437\" data-end=\"1456\">\u00d6ffnungszeiten:<\/strong> Montag\u2013Samstag, 9.30\u201318.00 Uhr.<\/p><\/li><li data-start=\"1491\" data-end=\"1519\"><p data-start=\"1493\" data-end=\"1519\"><strong data-start=\"1493\" data-end=\"1506\">Eintritt:<\/strong> ca. 4\u20135 \u20ac.<\/p><\/li><li data-start=\"1520\" data-end=\"1598\"><p data-start=\"1522\" data-end=\"1598\"><strong data-start=\"1522\" data-end=\"1537\">Beste Zeit:<\/strong> Sonnenuntergang \u2013 spektakul\u00e4re Farben \u00fcber dem Mittelmeer.<\/p><\/li><li data-start=\"1599\" data-end=\"1699\"><p data-start=\"1601\" data-end=\"1699\"><strong data-start=\"1601\" data-end=\"1610\">Tipp:<\/strong> Kombinieren Sie den Besuch mit einer kleinen Wanderung zum Aussichtspunkt Sa Foradada.<\/p><\/li><\/ul><h3 data-start=\"1706\" data-end=\"1755\"><span class=\"ez-toc-section\" id=\"Robert-Graves-Haus_Museum_Ca_nAlluny\"><\/span>Robert-Graves-Haus \/ Museum (<em data-start=\"1739\" data-end=\"1752\">Ca n\u2019Alluny<\/em>)<span class=\"ez-toc-section-end\"><\/span><\/h3><p data-start=\"1756\" data-end=\"2093\">Der britische Dichter und Autor <strong data-start=\"1788\" data-end=\"1805\">Robert Graves<\/strong> fand in Dei\u00e0 seine Inspirationsquelle und lebte hier jahrzehntelang. Sein Wohnhaus <em data-start=\"1889\" data-end=\"1902\">Ca n\u2019Alluny<\/em> ist heute ein Museum, in dem Besucher seine Bibliothek, das Arbeitszimmer und den Garten entdecken k\u00f6nnen. Es vermittelt die besondere Atmosph\u00e4re, die das Dorf als K\u00fcnstlerrefugium pr\u00e4gte.<\/p><ul data-start=\"2095\" data-end=\"2390\"><li data-start=\"2095\" data-end=\"2176\"><p data-start=\"2097\" data-end=\"2176\"><strong data-start=\"2097\" data-end=\"2116\">\u00d6ffnungszeiten:<\/strong> Dienstag\u2013Samstag, 10.00\u201317.00 Uhr (Sommer bis 18.00 Uhr).<\/p><\/li><li data-start=\"2177\" data-end=\"2203\"><p data-start=\"2179\" data-end=\"2203\"><strong data-start=\"2179\" data-end=\"2192\">Eintritt:<\/strong> ca. 7 \u20ac.<\/p><\/li><li data-start=\"2204\" data-end=\"2282\"><p data-start=\"2206\" data-end=\"2282\"><strong data-start=\"2206\" data-end=\"2225\">Besonderheiten:<\/strong> Originalbibliothek, Arbeitszimmer und Garten erhalten.<\/p><\/li><li data-start=\"2283\" data-end=\"2390\"><p data-start=\"2285\" data-end=\"2390\"><strong data-start=\"2285\" data-end=\"2294\">Tipp:<\/strong> Eintrittskarten online vorab kaufen, da nur begrenzte Besucherzahl pro Stunde zugelassen ist.<\/p><\/li><\/ul><h3 data-start=\"2397\" data-end=\"2439\"><span class=\"ez-toc-section\" id=\"Kirche_Sant_Joan_Bautista_Friedhof\"><\/span>Kirche Sant Joan Bautista &amp; Friedhof<span class=\"ez-toc-section-end\"><\/span><\/h3><p data-start=\"2440\" data-end=\"2778\">Die im 16. Jahrhundert erbaute <strong data-start=\"2471\" data-end=\"2500\">Kirche Sant Joan Bautista<\/strong> thront \u00fcber dem Dorf und ist eines seiner Wahrzeichen. Der angrenzende Friedhof beeindruckt nicht nur durch seine ruhige Atmosph\u00e4re, sondern auch durch den atemberaubenden Panoramablick auf Meer und Berge. Hier ruhen zudem K\u00fcnstler und Intellektuelle, die Dei\u00e0 gepr\u00e4gt haben.<\/p><ul data-start=\"2780\" data-end=\"3023\"><li data-start=\"2780\" data-end=\"2847\"><p data-start=\"2782\" data-end=\"2847\"><strong data-start=\"2782\" data-end=\"2801\">\u00d6ffnungszeiten:<\/strong> Meist vormittags und zu den Gottesdiensten.<\/p><\/li><li data-start=\"2848\" data-end=\"2933\"><p data-start=\"2850\" data-end=\"2933\"><strong data-start=\"2850\" data-end=\"2867\">Besonderheit:<\/strong> Friedhof mit Gr\u00e4bern bekannter K\u00fcnstler, z. B. William Waldren.<\/p><\/li><li data-start=\"2934\" data-end=\"3023\"><p data-start=\"2936\" data-end=\"3023\"><strong data-start=\"2936\" data-end=\"2951\">Beste Zeit:<\/strong> Sp\u00e4ter Nachmittag \u2013 sch\u00f6ner Blick auf Dorf und Meer bei warmem Licht.<\/p><\/li><\/ul><h3 data-start=\"3030\" data-end=\"3063\"><span class=\"ez-toc-section\" id=\"Archaeologisches_Museum_Deia\"><\/span>Arch\u00e4ologisches Museum Dei\u00e0<span class=\"ez-toc-section-end\"><\/span><\/h3><p data-start=\"3064\" data-end=\"3333\">Ein kleiner Geheimtipp ist das <strong data-start=\"3095\" data-end=\"3129\">Arch\u00e4ologische Museum von Dei\u00e0<\/strong>, das Funde aus pr\u00e4historischer und r\u00f6mischer Zeit zeigt. In einem traditionellen Steinhaus untergebracht, vermittelt es einen Eindruck vom Alltag fr\u00fcherer Bewohner und der langen Geschichte der Region.<\/p><ul data-start=\"3335\" data-end=\"3586\"><li data-start=\"3335\" data-end=\"3400\"><p data-start=\"3337\" data-end=\"3400\"><strong data-start=\"3337\" data-end=\"3356\">\u00d6ffnungszeiten:<\/strong> Unregelm\u00e4\u00dfig, meist nachmittags ge\u00f6ffnet.<\/p><\/li><li data-start=\"3401\" data-end=\"3438\"><p data-start=\"3403\" data-end=\"3438\"><strong data-start=\"3403\" data-end=\"3416\">Eintritt:<\/strong> Spende (ca. 2\u20133 \u20ac).<\/p><\/li><li data-start=\"3439\" data-end=\"3518\"><p data-start=\"3441\" data-end=\"3518\"><strong data-start=\"3441\" data-end=\"3458\">Besonderheit:<\/strong> Sammlung von Fossilien, Keramik und lokalen Ausgrabungen.<\/p><\/li><li data-start=\"3519\" data-end=\"3586\"><p data-start=\"3521\" data-end=\"3586\"><strong data-start=\"3521\" data-end=\"3530\">Tipp:<\/strong> Vorab \u00d6ffnungszeiten pr\u00fcfen, da keine feste Regelung.<\/p><\/li><\/ul><h3 data-start=\"3593\" data-end=\"3629\"><span class=\"ez-toc-section\" id=\"Aussichtspunkte_in_und_um_Deia\"><\/span>Aussichtspunkte in und um Dei\u00e0<span class=\"ez-toc-section-end\"><\/span><\/h3><p data-start=\"3630\" data-end=\"3899\">Dei\u00e0 ist ber\u00fchmt f\u00fcr seine <strong data-start=\"3657\" data-end=\"3675\">Panoramablicke<\/strong> \u00fcber die Tramuntana und das Mittelmeer. Vom Kirchh\u00fcgel, von Son Marroig oder vom legend\u00e4ren <strong data-start=\"3768\" data-end=\"3794\">Mirador de Sa Foradada<\/strong> er\u00f6ffnet sich ein Spiel aus Licht und Landschaft, das besonders bei Sonnenuntergang unvergesslich ist.<\/p><ul data-start=\"3901\" data-end=\"4062\"><li data-start=\"3901\" data-end=\"3987\"><p data-start=\"3903\" data-end=\"3987\"><strong data-start=\"3903\" data-end=\"3923\">Bekannte Punkte:<\/strong> Mirador de Sa Foradada, Kirchh\u00fcgel, Aussicht von Son Marroig.<\/p><\/li><li data-start=\"3988\" data-end=\"4062\"><p data-start=\"3990\" data-end=\"4062\"><strong data-start=\"3990\" data-end=\"3999\">Tipp:<\/strong> Kamera mitnehmen \u2013 besonders fotogen in der goldenen Stunde.<\/p><\/li><\/ul><h3 data-start=\"4069\" data-end=\"4103\"><span class=\"ez-toc-section\" id=\"Wanderwege_Naturerlebnisse\"><\/span>Wanderwege &amp; Naturerlebnisse<span class=\"ez-toc-section-end\"><\/span><\/h3><p data-start=\"4104\" data-end=\"4420\">Dei\u00e0 liegt mitten in der Serra de Tramuntana und ist Ausgangspunkt f\u00fcr zahlreiche <strong data-start=\"4186\" data-end=\"4201\">Wanderungen<\/strong>. Der ber\u00fchmte GR-221 (<em data-start=\"4224\" data-end=\"4243\">Trockenmauerroute<\/em>) f\u00fchrt direkt durch den Ort und verbindet ihn mit S\u00f3ller und <a href=\"https:\/\/treurer.com\/de\/ausflug-nach-valldemossa\/\"><b>Valldemossa<\/b><\/a>. Mediterrane W\u00e4lder, Terrassenfelder und spektakul\u00e4re Ausblicke machen jede Etappe zu einem Erlebnis.<\/p><ul data-start=\"4422\" data-end=\"4684\"><li data-start=\"4422\" data-end=\"4502\"><p data-start=\"4424\" data-end=\"4502\"><strong data-start=\"4424\" data-end=\"4436\">Beliebt:<\/strong> Etappen nach Valldemossa (ca. 3 Std.) oder S\u00f3ller (ca. 4 Std.).<\/p><\/li><li data-start=\"4503\" data-end=\"4558\"><p data-start=\"4505\" data-end=\"4558\"><strong data-start=\"4505\" data-end=\"4520\">Ausr\u00fcstung:<\/strong> Feste Schuhe, Wasser, Sonnenschutz.<\/p><\/li><li data-start=\"4559\" data-end=\"4605\"><p data-start=\"4561\" data-end=\"4605\"><strong data-start=\"4561\" data-end=\"4582\">Beste Jahreszeit:<\/strong> Fr\u00fchling und Herbst.<\/p><\/li><li data-start=\"4606\" data-end=\"4684\"><p data-start=\"4608\" data-end=\"4684\"><strong data-start=\"4608\" data-end=\"4617\">Tipp:<\/strong> Im Sommer fr\u00fch starten, da wenig Schatten und hohe Temperaturen.<\/p><\/li><\/ul>\t\t\t\t\t\t\t\t<\/div>\n\t\t\t\t<\/div>\n\t\t\t\t\t<\/div>\n\t\t<\/div>\n\t\t\t\t\t<\/div>\n\t\t<\/section>\n\t\t\t\t<section class=\"elementor-section elementor-top-section elementor-element elementor-element-1b6a25e elementor-section-boxed elementor-section-height-default elementor-section-height-default\" data-id=\"1b6a25e\" data-element_type=\"section\">\n\t\t\t\t\t\t<div class=\"elementor-container elementor-column-gap-default\">\n\t\t\t\t\t<div class=\"elementor-column elementor-col-100 elementor-top-column elementor-element elementor-element-b927637\" data-id=\"b927637\" data-element_type=\"column\">\n\t\t\t<div class=\"elementor-widget-wrap elementor-element-populated\">\n\t\t\t\t\t\t<div class=\"elementor-element elementor-element-f764fd3 elementor-widget elementor-widget-image\" data-id=\"f764fd3\" data-element_type=\"widget\" data-widget_type=\"image.default\">\n\t\t\t\t<div class=\"elementor-widget-container\">\n\t\t\t\t\t\t\t\t\t\t\t\t\t\t\t<img decoding=\"async\" width=\"2560\" height=\"1920\" src=\"https:\/\/treurer.com\/wp-content\/uploads\/Mallorca-Deia-en-fiestas-scaled-e1694530900672.jpeg\" class=\"attachment-large size-large wp-image-29472\" alt=\"Fiestas en Dei\u00e0, Mallorca\" title=\"\">\t\t\t\t\t\t\t\t\t\t\t\t\t\t\t<\/div>\n\t\t\t\t<\/div>\n\t\t\t\t\t<\/div>\n\t\t<\/div>\n\t\t\t\t\t<\/div>\n\t\t<\/section>\n\t\t\t\t<section class=\"elementor-section elementor-top-section elementor-element elementor-element-3a8530e elementor-section-boxed elementor-section-height-default elementor-section-height-default\" data-id=\"3a8530e\" data-element_type=\"section\">\n\t\t\t\t\t\t<div class=\"elementor-container elementor-column-gap-default\">\n\t\t\t\t\t<div class=\"elementor-column elementor-col-100 elementor-top-column elementor-element elementor-element-a128a0a\" data-id=\"a128a0a\" data-element_type=\"column\">\n\t\t\t<div class=\"elementor-widget-wrap elementor-element-populated\">\n\t\t\t\t\t\t<div class=\"elementor-element elementor-element-079f473 elementor-widget elementor-widget-text-editor\" data-id=\"079f473\" data-element_type=\"widget\" data-widget_type=\"text-editor.default\">\n\t\t\t\t<div class=\"elementor-widget-container\">\n\t\t\t\t\t\t\t\t\t<h2 data-start=\"209\" data-end=\"242\"><span class=\"ez-toc-section\" id=\"Das_kulturelle_Leben_in_Deia\"><\/span>Das kulturelle Leben in Dei\u00e0<span class=\"ez-toc-section-end\"><\/span><\/h2><h3 data-start=\"244\" data-end=\"279\"><span class=\"ez-toc-section\" id=\"Festivals_und_Veranstaltungen\"><\/span>Festivals und Veranstaltungen<span class=\"ez-toc-section-end\"><\/span><\/h3><p data-start=\"280\" data-end=\"764\">Dei\u00e0 ist weit \u00fcber Mallorca hinaus f\u00fcr seine <strong data-start=\"325\" data-end=\"346\">kulturellen Feste<\/strong> bekannt. Im Sommer verwandelt sich das Dorf in eine B\u00fchne f\u00fcr Musik, Tanz und bildende Kunst. Das <strong data-start=\"445\" data-end=\"479\">Festival Internacional de Dei\u00e0<\/strong> zieht seit Jahrzehnten K\u00fcnstler und Publikum aus aller Welt an und bringt klassische Konzerte in die besondere Kulisse der Tramuntana. Auch die Patronatsfeste zu Ehren des Heiligen Johannes sowie die Kunsthandwerksmesse verleihen dem Dorf eine authentische und lebendige Atmosph\u00e4re.<\/p><ul data-start=\"766\" data-end=\"1087\"><li data-start=\"766\" data-end=\"846\"><p data-start=\"768\" data-end=\"846\"><strong data-start=\"768\" data-end=\"803\">Festival Internacional de Dei\u00e0:<\/strong> Juni\u2013September, Konzerte im Son Marroig.<\/p><\/li><li data-start=\"847\" data-end=\"923\"><p data-start=\"849\" data-end=\"923\"><strong data-start=\"849\" data-end=\"878\">Patronatsfeste Sant Joan:<\/strong> Ende Juni, Prozessionen und Musik im Dorf.<\/p><\/li><li data-start=\"924\" data-end=\"1010\"><p data-start=\"926\" data-end=\"1010\"><strong data-start=\"926\" data-end=\"950\">Kunsthandwerksmesse:<\/strong> meist im Sommer, mit lokalen Produkten und Kunsthandwerk.<\/p><\/li><li data-start=\"1011\" data-end=\"1087\"><p data-start=\"1013\" data-end=\"1087\"><strong data-start=\"1013\" data-end=\"1022\">Tipp:<\/strong> Konzertkarten fr\u00fchzeitig reservieren, da Pl\u00e4tze begrenzt sind.<\/p><\/li><\/ul><h3 data-start=\"1094\" data-end=\"1129\"><span class=\"ez-toc-section\" id=\"Galerien_und_Kuenstlerateliers\"><\/span>Galerien und K\u00fcnstlerateliers<span class=\"ez-toc-section-end\"><\/span><\/h3><p data-start=\"1130\" data-end=\"1465\">Seit Robert Graves machte Dei\u00e0 seinen Namen als <strong data-start=\"1178\" data-end=\"1194\">K\u00fcnstlerdorf<\/strong>. Bis heute finden sich in den engen Gassen kleine <strong data-start=\"1245\" data-end=\"1270\">Galerien und Ateliers<\/strong>, in denen Maler, Bildhauer und Fotografen ihre Werke pr\u00e4sentieren. Besucher k\u00f6nnen nicht nur Ausstellungen sehen, sondern auch direkt mit K\u00fcnstlern ins Gespr\u00e4ch kommen und Kunstwerke erwerben.<\/p><ul data-start=\"1467\" data-end=\"1725\"><li data-start=\"1467\" data-end=\"1545\"><p data-start=\"1469\" data-end=\"1545\"><strong data-start=\"1469\" data-end=\"1488\">Stilrichtungen:<\/strong> Von traditioneller Malerei bis zeitgen\u00f6ssischer Kunst.<\/p><\/li><li data-start=\"1546\" data-end=\"1620\"><p data-start=\"1548\" data-end=\"1620\"><strong data-start=\"1548\" data-end=\"1567\">\u00d6ffnungszeiten:<\/strong> Variieren, meist nachmittags oder abends ge\u00f6ffnet.<\/p><\/li><li data-start=\"1621\" data-end=\"1725\"><p data-start=\"1623\" data-end=\"1725\"><strong data-start=\"1623\" data-end=\"1632\">Tipp:<\/strong> Ein Spaziergang durch das Zentrum von Dei\u00e0 lohnt sich, um spontane Entdeckungen zu machen.<\/p><\/li><\/ul><h3 data-start=\"1732\" data-end=\"1760\"><span class=\"ez-toc-section\" id=\"Musik_und_Unterhaltung\"><\/span>Musik und Unterhaltung<span class=\"ez-toc-section-end\"><\/span><\/h3><p data-start=\"1761\" data-end=\"2160\">Das musikalische Leben ist fester Bestandteil der Kultur in Dei\u00e0. Viele Bars und Restaurants bieten in den Sommermonaten <strong data-start=\"1882\" data-end=\"1896\">Live-Musik<\/strong> \u2013 von Jazz bis zu akustischen Gitarrenkl\u00e4ngen. Internationale Musiker, die im Dorf wohnen oder es besuchen, bereichern das Programm mit kosmopolitischen Einfl\u00fcssen. Dadurch entsteht eine entspannte, kreative Atmosph\u00e4re, die den Charakter von Dei\u00e0 widerspiegelt.<\/p><ul data-start=\"2162\" data-end=\"2376\"><li data-start=\"2162\" data-end=\"2230\"><p data-start=\"2164\" data-end=\"2230\"><strong data-start=\"2164\" data-end=\"2179\">Beste Zeit:<\/strong> Sommerabende, wenn Lokale ihre Terrassen \u00f6ffnen.<\/p><\/li><li data-start=\"2231\" data-end=\"2289\"><p data-start=\"2233\" data-end=\"2289\"><strong data-start=\"2233\" data-end=\"2244\">Genres:<\/strong> Jazz, klassische Musik, Singer-Songwriter.<\/p><\/li><li data-start=\"2290\" data-end=\"2376\"><p data-start=\"2292\" data-end=\"2376\"><strong data-start=\"2292\" data-end=\"2301\">Tipp:<\/strong> Am Wochenende reservieren, da Lokale mit Live-Musik schnell voll werden.<\/p><\/li><\/ul>\t\t\t\t\t\t\t\t<\/div>\n\t\t\t\t<\/div>\n\t\t\t\t\t<\/div>\n\t\t<\/div>\n\t\t\t\t\t<\/div>\n\t\t<\/section>\n\t\t\t\t<section class=\"elementor-section elementor-top-section elementor-element elementor-element-3638098 elementor-section-boxed elementor-section-height-default elementor-section-height-default\" data-id=\"3638098\" data-element_type=\"section\">\n\t\t\t\t\t\t<div class=\"elementor-container elementor-column-gap-default\">\n\t\t\t\t\t<div class=\"elementor-column elementor-col-100 elementor-top-column elementor-element elementor-element-7c56c77\" data-id=\"7c56c77\" data-element_type=\"column\">\n\t\t\t<div class=\"elementor-widget-wrap elementor-element-populated\">\n\t\t\t\t\t\t<div class=\"elementor-element elementor-element-7d595c6 elementor-widget elementor-widget-text-editor\" data-id=\"7d595c6\" data-element_type=\"widget\" data-widget_type=\"text-editor.default\">\n\t\t\t\t<div class=\"elementor-widget-container\">\n\t\t\t\t\t\t\t\t\t<h2 data-start=\"179\" data-end=\"208\"><span class=\"ez-toc-section\" id=\"Persoenlichkeiten_in_Deia\"><\/span>Pers\u00f6nlichkeiten in Dei\u00e0<span class=\"ez-toc-section-end\"><\/span><\/h2><h3 data-start=\"210\" data-end=\"229\"><span class=\"ez-toc-section\" id=\"Robert_Graves\"><\/span>Robert Graves<span class=\"ez-toc-section-end\"><\/span><\/h3><p data-start=\"230\" data-end=\"660\">Der britische Schriftsteller und Dichter <strong data-start=\"271\" data-end=\"288\">Robert Graves<\/strong> (1895\u20131985) zog 1932 nach Dei\u00e0 und machte das Dorf zu einem Treffpunkt f\u00fcr Intellektuelle und K\u00fcnstler. In seinem Haus <em data-start=\"408\" data-end=\"421\">Ca n\u2019Alluny<\/em> schrieb er einige seiner wichtigsten Werke und fand in der Landschaft der Tramuntana eine unersch\u00f6pfliche Inspirationsquelle. Heute ist das Geb\u00e4ude ein Museum, das Einblicke in sein Leben, seine Bibliothek und sein Arbeitszimmer bietet.<\/p><ul data-start=\"662\" data-end=\"948\"><li data-start=\"662\" data-end=\"735\"><p data-start=\"664\" data-end=\"735\"><strong data-start=\"664\" data-end=\"672\">Ort:<\/strong> Robert-Graves-Haus (<em data-start=\"693\" data-end=\"706\">Ca n\u2019Alluny<\/em>), am Dorfeingang von Dei\u00e0.<\/p><\/li><li data-start=\"736\" data-end=\"817\"><p data-start=\"738\" data-end=\"817\"><strong data-start=\"738\" data-end=\"757\">\u00d6ffnungszeiten:<\/strong> Dienstag\u2013Samstag, 10.00\u201317.00 Uhr (Sommer bis 18.00 Uhr).<\/p><\/li><li data-start=\"818\" data-end=\"844\"><p data-start=\"820\" data-end=\"844\"><strong data-start=\"820\" data-end=\"833\">Eintritt:<\/strong> ca. 7 \u20ac.<\/p><\/li><li data-start=\"845\" data-end=\"948\"><p data-start=\"847\" data-end=\"948\"><strong data-start=\"847\" data-end=\"856\">Tipp:<\/strong> Besuch mit einem Spaziergang durch das Dorf kombinieren; Karten besser vorab reservieren.<\/p><\/li><\/ul><h3 data-start=\"955\" data-end=\"999\"><span class=\"ez-toc-section\" id=\"Weitere_bekannte_Bewohner_und_Besucher\"><\/span>Weitere bekannte Bewohner und Besucher<span class=\"ez-toc-section-end\"><\/span><\/h3><p data-start=\"191\" data-end=\"440\">Neben Graves zog es zahlreiche <strong data-start=\"222\" data-end=\"280\">K\u00fcnstler, Schriftsteller, Musiker und Pers\u00f6nlichkeiten<\/strong> nach <strong data-start=\"286\" data-end=\"294\">Dei\u00e0<\/strong>. Viele suchten hier <strong data-start=\"315\" data-end=\"336\">Ruhe, Inspiration<\/strong> und die <strong data-start=\"345\" data-end=\"374\">Landschaft der Tramuntana<\/strong> \u2013 Gr\u00fcnde, die das Dorf bis heute als <strong data-start=\"412\" data-end=\"432\">K\u00fcnstlerrefugium<\/strong> pr\u00e4gen.<\/p><ul data-start=\"442\" data-end=\"1148\"><li data-start=\"442\" data-end=\"575\"><p data-start=\"444\" data-end=\"575\"><strong data-start=\"444\" data-end=\"467\">K\u00fcnstler &amp; Autoren:<\/strong> <strong data-start=\"468\" data-end=\"481\">Ana\u00efs Nin<\/strong>, <strong data-start=\"483\" data-end=\"504\">Jorge Luis Borges<\/strong>, <strong data-start=\"506\" data-end=\"524\">Julio Cort\u00e1zar<\/strong>, <strong data-start=\"526\" data-end=\"552\">Gabriel Garc\u00eda M\u00e1rquez<\/strong>, <strong data-start=\"554\" data-end=\"572\">Gertrude Stein<\/strong>.<\/p><\/li><li data-start=\"576\" data-end=\"685\"><p data-start=\"578\" data-end=\"685\"><strong data-start=\"578\" data-end=\"602\">Maler &amp; Komponisten:<\/strong> <strong data-start=\"603\" data-end=\"618\">Joaqu\u00edn Mir<\/strong>, <strong data-start=\"620\" data-end=\"640\">Santiago Rusi\u00f1ol<\/strong>, <strong data-start=\"642\" data-end=\"661\">Manuel de Falla<\/strong>, <strong data-start=\"663\" data-end=\"682\">David Templeton<\/strong>.<\/p><\/li><li data-start=\"686\" data-end=\"813\"><p data-start=\"688\" data-end=\"813\"><strong data-start=\"688\" data-end=\"700\">Musiker:<\/strong> <strong data-start=\"701\" data-end=\"719\">Keith Richards<\/strong> und <strong data-start=\"724\" data-end=\"741\">Charlie Watts<\/strong> (<strong data-start=\"743\" data-end=\"765\">The Rolling Stones<\/strong>), <strong data-start=\"768\" data-end=\"785\">Mike Oldfield<\/strong>, <strong data-start=\"787\" data-end=\"810\">Andrew Lloyd Webber<\/strong>.<\/p><\/li><li data-start=\"814\" data-end=\"1021\"><p data-start=\"816\" data-end=\"1021\"><strong data-start=\"816\" data-end=\"846\">Schauspieler &amp; Prominente:<\/strong> <strong data-start=\"847\" data-end=\"862\">Ava Gardner<\/strong>, <strong data-start=\"864\" data-end=\"882\">Jack Nicholson<\/strong>, <strong data-start=\"884\" data-end=\"902\">Susan Sarandon<\/strong>, <strong data-start=\"904\" data-end=\"919\">Tim Robbins<\/strong>, <strong data-start=\"921\" data-end=\"934\">Kate Moss<\/strong>, <strong data-start=\"936\" data-end=\"949\">Tom Hanks<\/strong>, <strong data-start=\"951\" data-end=\"970\" data-is-only-node=\"\">Michael Douglas<\/strong> und <strong data-start=\"975\" data-end=\"999\">Catherine Zeta-Jones<\/strong>, <strong data-start=\"1001\" data-end=\"1018\">Angharad Rees<\/strong>.<\/p><\/li><li data-start=\"1022\" data-end=\"1148\"><p data-start=\"1024\" data-end=\"1148\"><strong data-start=\"1024\" data-end=\"1048\">Wissenschaft &amp; Adel:<\/strong> <strong data-start=\"1049\" data-end=\"1068\">Stephen Hawking<\/strong>, <strong data-start=\"1070\" data-end=\"1112\">Erzherzog Ludwig Salvator von Habsburg<\/strong> und <strong data-start=\"1117\" data-end=\"1147\">Kaiserin Elisabeth (Sissi)<\/strong>.<\/p><\/li><\/ul><p data-start=\"1150\" data-end=\"1176\"><strong data-start=\"1150\" data-end=\"1174\">Praktische Hinweise:<\/strong><\/p><ul data-start=\"1177\" data-end=\"1562\"><li data-start=\"1177\" data-end=\"1372\"><p data-start=\"1179\" data-end=\"1372\"><strong data-start=\"1179\" data-end=\"1215\">Orte f\u00fcr einen stillen Rundgang:<\/strong> <strong data-start=\"1216\" data-end=\"1228\">Friedhof<\/strong> neben der <strong data-start=\"1239\" data-end=\"1268\">Kirche Sant Joan Bautista<\/strong>, <strong data-start=\"1270\" data-end=\"1306\">Robert-Graves-Haus (Ca n\u2019Alluny)<\/strong>, <strong data-start=\"1308\" data-end=\"1323\">Son Marroig<\/strong> (Residenz des <strong data-start=\"1338\" data-end=\"1368\">Erzherzogs Ludwig Salvator<\/strong>).<\/p><\/li><li data-start=\"1373\" data-end=\"1455\"><p data-start=\"1375\" data-end=\"1455\"><strong data-start=\"1375\" data-end=\"1390\">Beste Zeit:<\/strong> <strong data-start=\"1391\" data-end=\"1412\">Sp\u00e4ter Nachmittag<\/strong> f\u00fcr weiches Licht und ruhige Atmosph\u00e4re.<\/p><\/li><\/ul>\t\t\t\t\t\t\t\t<\/div>\n\t\t\t\t<\/div>\n\t\t\t\t\t<\/div>\n\t\t<\/div>\n\t\t\t\t\t<\/div>\n\t\t<\/section>\n\t\t\t\t<section class=\"elementor-section elementor-top-section elementor-element elementor-element-08ac64d elementor-section-boxed elementor-section-height-default elementor-section-height-default\" data-id=\"08ac64d\" data-element_type=\"section\">\n\t\t\t\t\t\t<div class=\"elementor-container elementor-column-gap-default\">\n\t\t\t\t\t<div class=\"elementor-column elementor-col-100 elementor-top-column elementor-element elementor-element-61e04d3\" data-id=\"61e04d3\" data-element_type=\"column\">\n\t\t\t<div class=\"elementor-widget-wrap elementor-element-populated\">\n\t\t\t\t\t\t<div class=\"elementor-element elementor-element-f38476a elementor-widget elementor-widget-image\" data-id=\"f38476a\" data-element_type=\"widget\" data-widget_type=\"image.default\">\n\t\t\t\t<div class=\"elementor-widget-container\">\n\t\t\t\t\t\t\t\t\t\t\t\t\t\t\t<img loading=\"lazy\" decoding=\"async\" width=\"2560\" height=\"1439\" src=\"https:\/\/treurer.com\/wp-content\/uploads\/Mallorca-Deia-cafe-scaled-e1694530827910.jpeg\" class=\"attachment-large size-large wp-image-29476\" alt=\"Caf\u00e9 en Dei\u00e0, Mallorca\" title=\"\">\t\t\t\t\t\t\t\t\t\t\t\t\t\t\t<\/div>\n\t\t\t\t<\/div>\n\t\t\t\t\t<\/div>\n\t\t<\/div>\n\t\t\t\t\t<\/div>\n\t\t<\/section>\n\t\t\t\t<section class=\"elementor-section elementor-top-section elementor-element elementor-element-3ea4bc7 elementor-section-boxed elementor-section-height-default elementor-section-height-default\" data-id=\"3ea4bc7\" data-element_type=\"section\">\n\t\t\t\t\t\t<div class=\"elementor-container elementor-column-gap-default\">\n\t\t\t\t\t<div class=\"elementor-column elementor-col-100 elementor-top-column elementor-element elementor-element-9c0380b\" data-id=\"9c0380b\" data-element_type=\"column\">\n\t\t\t<div class=\"elementor-widget-wrap elementor-element-populated\">\n\t\t\t\t\t\t<div class=\"elementor-element elementor-element-b01bac5 elementor-widget elementor-widget-text-editor\" data-id=\"b01bac5\" data-element_type=\"widget\" data-widget_type=\"text-editor.default\">\n\t\t\t\t<div class=\"elementor-widget-container\">\n\t\t\t\t\t\t\t\t\t<h2 data-start=\"166\" data-end=\"190\"><span class=\"ez-toc-section\" id=\"Gastronomie_in_Deia\"><\/span>Gastronomie in Dei\u00e0<span class=\"ez-toc-section-end\"><\/span><\/h2><h3 data-start=\"192\" data-end=\"228\"><span class=\"ez-toc-section\" id=\"Typische_Gerichte_aus_Mallorca\"><\/span>Typische Gerichte aus Mallorca<span class=\"ez-toc-section-end\"><\/span><\/h3><p data-start=\"229\" data-end=\"838\">Die Gastronomie von <strong data-start=\"249\" data-end=\"266\">Dei\u00e0 Mallorca<\/strong> spiegelt die Vielfalt der Insel wider: mediterrane Zutaten, frisches Gem\u00fcse und Fisch aus dem Mittelmeer pr\u00e4gen die K\u00fcche. Besonders beliebt ist der <strong data-start=\"416\" data-end=\"434\">Frit mallorqu\u00ed<\/strong>, ein kr\u00e4ftiges Gericht aus Innereien, Kartoffeln und Paprika, das tief mit der b\u00e4uerlichen Tradition verbunden ist. Ebenfalls typisch ist das <strong data-start=\"577\" data-end=\"587\">Tumbet<\/strong>, eine Art vegetarische Lasagne aus Auberginen, Kartoffeln und Paprika in Tomatenso\u00dfe. Durch die N\u00e4he zum Meer geh\u00f6ren auch Fischgerichte wie <strong data-start=\"729\" data-end=\"757\">Merluza a la mallorquina<\/strong> oder die festliche <strong data-start=\"777\" data-end=\"802\">Caldereta de Langosta<\/strong> zu den kulinarischen H\u00f6hepunkten.<\/p><ul data-start=\"840\" data-end=\"1080\"><li data-start=\"840\" data-end=\"960\"><p data-start=\"842\" data-end=\"960\"><strong data-start=\"842\" data-end=\"857\">Beste Zeit:<\/strong> Fischgerichte vor allem in den Sommermonaten; Tumbet im Fr\u00fchling und Sommer, wenn Gem\u00fcse Saison hat.<\/p><\/li><li data-start=\"961\" data-end=\"1080\"><p data-start=\"963\" data-end=\"1080\"><strong data-start=\"963\" data-end=\"972\">Tipp:<\/strong> Fragen Sie nach dem <em data-start=\"993\" data-end=\"1007\">Men\u00fa del d\u00eda<\/em> \u2013 viele Restaurants bieten traditionelle Rezepte zu einem guten Preis.<\/p><\/li><\/ul><h3 data-start=\"1087\" data-end=\"1122\"><span class=\"ez-toc-section\" id=\"Restaurants_und_Cafes_in_Deia\"><\/span>Restaurants und Caf\u00e9s in Dei\u00e0<span class=\"ez-toc-section-end\"><\/span><\/h3><h4 data-start=\"1124\" data-end=\"1151\"><span class=\"ez-toc-section\" id=\"Restaurant_Sebastian\"><\/span>Restaurant Sebasti\u00e1n<span class=\"ez-toc-section-end\"><\/span><\/h4><p data-start=\"1152\" data-end=\"1372\">In einem historischen Steinhaus aus dem 17. Jahrhundert bietet das <strong data-start=\"1219\" data-end=\"1243\">Restaurant Sebasti\u00e1n<\/strong> gehobene mediterrane K\u00fcche mit moderner Note. Das Ambiente ist gem\u00fctlich und romantisch \u2013 ideal f\u00fcr ein besonderes Abendessen.<\/p><ul data-start=\"1374\" data-end=\"1564\"><li data-start=\"1374\" data-end=\"1448\"><p data-start=\"1376\" data-end=\"1448\"><strong data-start=\"1376\" data-end=\"1386\">K\u00fcche:<\/strong> Mediterran, kreative Interpretation traditioneller Rezepte.<\/p><\/li><li data-start=\"1449\" data-end=\"1489\"><p data-start=\"1451\" data-end=\"1489\"><strong data-start=\"1451\" data-end=\"1467\">Preisklasse:<\/strong> Mittel bis gehoben.<\/p><\/li><li data-start=\"1490\" data-end=\"1564\"><p data-start=\"1492\" data-end=\"1564\"><strong data-start=\"1492\" data-end=\"1501\">Tipp:<\/strong> Rechtzeitig reservieren, da das Restaurant sehr beliebt ist.<\/p><\/li><\/ul><h4 data-start=\"1571\" data-end=\"1594\"><span class=\"ez-toc-section\" id=\"Cas_Patro_March\"><\/span>Ca\u2019s Patro March<span class=\"ez-toc-section-end\"><\/span><\/h4><p data-start=\"1595\" data-end=\"1824\">Direkt in der <strong data-start=\"1609\" data-end=\"1622\">Cala Dei\u00e0<\/strong> gelegen, ist <strong data-start=\"1636\" data-end=\"1656\">Ca\u2019s Patro March<\/strong> f\u00fcr viele Besucher ein Muss. Ber\u00fchmt durch Filmaufnahmen und bekannt f\u00fcr seine frischen Meeresfr\u00fcchte, ist es der perfekte Ort, um nach einem Bad im Meer zu speisen.<\/p><ul data-start=\"1826\" data-end=\"1979\"><li data-start=\"1826\" data-end=\"1875\"><p data-start=\"1828\" data-end=\"1875\"><strong data-start=\"1828\" data-end=\"1838\">K\u00fcche:<\/strong> Meeresfr\u00fcchte, Paella de Mariscos.<\/p><\/li><li data-start=\"1876\" data-end=\"1904\"><p data-start=\"1878\" data-end=\"1904\"><strong data-start=\"1878\" data-end=\"1894\">Preisklasse:<\/strong> Mittel.<\/p><\/li><li data-start=\"1905\" data-end=\"1979\"><p data-start=\"1907\" data-end=\"1979\"><strong data-start=\"1907\" data-end=\"1916\">Tipp:<\/strong> Am besten unter der Woche besuchen; am Wochenende sehr voll.<\/p><\/li><\/ul><h4 data-start=\"1986\" data-end=\"2001\"><span class=\"ez-toc-section\" id=\"Cafe_Med\"><\/span>Caf\u00e9 Med<span class=\"ez-toc-section-end\"><\/span><\/h4><p data-start=\"2002\" data-end=\"2270\">Nur wenige Kilometer entfernt, in Fornalutx, setzt das <strong data-start=\"2057\" data-end=\"2069\">Caf\u00e9 Med<\/strong> auf Nachhaltigkeit und lokale Produkte. Viele Zutaten stammen aus dem eigenen Garten <em data-start=\"2155\" data-end=\"2163\">Es M\u00e1s<\/em>, darunter Gem\u00fcse, Salate und Obst. Die Karte wechselt je nach Saison, was jedes Essen einzigartig macht.<\/p><ul data-start=\"2272\" data-end=\"2418\"><li data-start=\"2272\" data-end=\"2320\"><p data-start=\"2274\" data-end=\"2320\"><strong data-start=\"2274\" data-end=\"2284\">K\u00fcche:<\/strong> Mediterran, saisonal, nachhaltig.<\/p><\/li><li data-start=\"2321\" data-end=\"2349\"><p data-start=\"2323\" data-end=\"2349\"><strong data-start=\"2323\" data-end=\"2339\">Preisklasse:<\/strong> Mittel.<\/p><\/li><li data-start=\"2350\" data-end=\"2418\"><p data-start=\"2352\" data-end=\"2418\"><strong data-start=\"2352\" data-end=\"2361\">Tipp:<\/strong> F\u00fcr Vegetarier und Veganer eine besonders gute Option.<\/p><\/li><\/ul>\t\t\t\t\t\t\t\t<\/div>\n\t\t\t\t<\/div>\n\t\t\t\t\t<\/div>\n\t\t<\/div>\n\t\t\t\t\t<\/div>\n\t\t<\/section>\n\t\t\t\t<section class=\"elementor-section elementor-top-section elementor-element elementor-element-c90614c elementor-section-boxed elementor-section-height-default elementor-section-height-default\" data-id=\"c90614c\" data-element_type=\"section\">\n\t\t\t\t\t\t<div class=\"elementor-container elementor-column-gap-default\">\n\t\t\t\t\t<div class=\"elementor-column elementor-col-100 elementor-top-column elementor-element elementor-element-af225a7\" data-id=\"af225a7\" data-element_type=\"column\">\n\t\t\t<div class=\"elementor-widget-wrap elementor-element-populated\">\n\t\t\t\t\t\t<div class=\"elementor-element elementor-element-ec13f51 elementor-widget elementor-widget-text-editor\" data-id=\"ec13f51\" data-element_type=\"widget\" data-widget_type=\"text-editor.default\">\n\t\t\t\t<div class=\"elementor-widget-container\">\n\t\t\t\t\t\t\t\t\t<h2 data-start=\"175\" data-end=\"203\"><span class=\"ez-toc-section\" id=\"Wie_man_nach_Deia_kommt\"><\/span>Wie man nach Dei\u00e0 kommt<span class=\"ez-toc-section-end\"><\/span><\/h2><p data-start=\"205\" data-end=\"529\">Die Anreise nach <strong data-start=\"222\" data-end=\"239\">Dei\u00e0 Mallorca<\/strong> ist bereits ein Erlebnis f\u00fcr sich. Das Dorf liegt eingebettet in die Serra de Tramuntana, etwa 33 Kilometer von Palma entfernt. Ob mit dem Bus, mit dem Auto oder in Kombination mit der historischen S\u00f3ller-Bahn \u2013 jede Option bietet eine eigene Perspektive auf die spektakul\u00e4re Landschaft.<\/p><h3 data-start=\"531\" data-end=\"569\"><span class=\"ez-toc-section\" id=\"Mit_oeffentlichen_Verkehrsmitteln\"><\/span>Mit \u00f6ffentlichen Verkehrsmitteln<span class=\"ez-toc-section-end\"><\/span><\/h3><p data-start=\"570\" data-end=\"925\">Die einfachste Verbindung besteht \u00fcber die <strong data-start=\"613\" data-end=\"629\">Buslinie 203<\/strong>, die Palma mit Valldemossa, Dei\u00e0 und S\u00f3ller verbindet. Die Fahrt dauert rund eine Stunde und f\u00fchrt durch einige der sch\u00f6nsten Strecken der Insel. Wer mehr Abwechslung sucht, kann mit der historischen <strong data-start=\"830\" data-end=\"845\">S\u00f3ller-Bahn<\/strong> von Palma nach S\u00f3ller fahren und von dort einen lokalen Bus nach Dei\u00e0 nehmen.<\/p><ul data-start=\"927\" data-end=\"1165\"><li data-start=\"927\" data-end=\"966\"><p data-start=\"929\" data-end=\"966\"><strong data-start=\"929\" data-end=\"939\">Dauer:<\/strong> ca. 60 Minuten ab Palma.<\/p><\/li><li data-start=\"967\" data-end=\"1004\"><p data-start=\"969\" data-end=\"1004\"><strong data-start=\"969\" data-end=\"979\">Preis:<\/strong> ca. 3\u20135 \u20ac pro Strecke.<\/p><\/li><li data-start=\"1005\" data-end=\"1087\"><p data-start=\"1007\" data-end=\"1087\"><strong data-start=\"1007\" data-end=\"1022\">Beste Zeit:<\/strong> Fahrpl\u00e4ne in der Hochsaison h\u00e4ufiger, au\u00dferhalb eingeschr\u00e4nkt.<\/p><\/li><li data-start=\"1088\" data-end=\"1165\"><p data-start=\"1090\" data-end=\"1165\"><strong data-start=\"1090\" data-end=\"1099\">Tipp:<\/strong> Fahrpl\u00e4ne vorab online pr\u00fcfen, da sie je nach Saison variieren.<\/p><\/li><\/ul><h3 data-start=\"1167\" data-end=\"1185\"><span class=\"ez-toc-section\" id=\"Mit_dem_Auto\"><\/span>Mit dem Auto<span class=\"ez-toc-section-end\"><\/span><\/h3><p data-start=\"1186\" data-end=\"1506\">Mit dem Auto erreicht man Dei\u00e0 in etwa 45 Minuten von Palma aus. Die Route f\u00fchrt \u00fcber die kurvenreiche <strong data-start=\"1289\" data-end=\"1300\">MA-1110<\/strong>, die atemberaubende Ausblicke auf die K\u00fcste und die Serra de Tramuntana bietet. Gerade in der Hochsaison ist ein Mietwagen ideal, um flexibel auch umliegende Orte wie Valldemossa oder S\u00f3ller zu erkunden.<\/p><ul data-start=\"1508\" data-end=\"1722\"><li data-start=\"1508\" data-end=\"1544\"><p data-start=\"1510\" data-end=\"1544\"><strong data-start=\"1510\" data-end=\"1525\">Entfernung:<\/strong> 33 km von Palma.<\/p><\/li><li data-start=\"1545\" data-end=\"1575\"><p data-start=\"1547\" data-end=\"1575\"><strong data-start=\"1547\" data-end=\"1557\">Dauer:<\/strong> ca. 45 Minuten.<\/p><\/li><li data-start=\"1576\" data-end=\"1640\"><p data-start=\"1578\" data-end=\"1640\"><strong data-start=\"1578\" data-end=\"1589\">Stra\u00dfe:<\/strong> kurvenreich und schmal, erfordert Konzentration.<\/p><\/li><li data-start=\"1641\" data-end=\"1722\"><p data-start=\"1643\" data-end=\"1722\"><strong data-start=\"1643\" data-end=\"1652\">Tipp:<\/strong> Unterwegs Fotostopps einplanen, da die Aussichten einzigartig sind.<\/p><\/li><\/ul><h3 data-start=\"1724\" data-end=\"1744\"><span class=\"ez-toc-section\" id=\"Parken_in_Deia\"><\/span>Parken in Dei\u00e0<span class=\"ez-toc-section-end\"><\/span><\/h3><p data-start=\"1745\" data-end=\"1924\">Parkpl\u00e4tze im Dorf sind begrenzt und in den Sommermonaten schnell belegt. Einige Hotels bieten eigene Stellpl\u00e4tze, ansonsten stehen Besucherparkpl\u00e4tze am Dorfrand zur Verf\u00fcgung.<\/p><ul data-start=\"1926\" data-end=\"2130\"><li data-start=\"1926\" data-end=\"1983\"><p data-start=\"1928\" data-end=\"1983\"><strong data-start=\"1928\" data-end=\"1942\">Kapazit\u00e4t:<\/strong> begrenzt, besonders in der Hochsaison.<\/p><\/li><li data-start=\"1984\" data-end=\"2047\"><p data-start=\"1986\" data-end=\"2047\"><strong data-start=\"1986\" data-end=\"1997\">Kosten:<\/strong> meist geb\u00fchrenpflichtig (ca. 1\u20132 \u20ac pro Stunde).<\/p><\/li><li data-start=\"2048\" data-end=\"2130\"><p data-start=\"2050\" data-end=\"2130\"><strong data-start=\"2050\" data-end=\"2059\">Tipp:<\/strong> Fr\u00fch am Tag anreisen, um Stress bei der Parkplatzsuche zu vermeiden.<\/p><\/li><\/ul>\t\t\t\t\t\t\t\t<\/div>\n\t\t\t\t<\/div>\n\t\t\t\t\t<\/div>\n\t\t<\/div>\n\t\t\t\t\t<\/div>\n\t\t<\/section>\n\t\t\t\t<section class=\"elementor-section elementor-top-section elementor-element elementor-element-f7114cb elementor-section-boxed elementor-section-height-default elementor-section-height-default\" data-id=\"f7114cb\" data-element_type=\"section\">\n\t\t\t\t\t\t<div class=\"elementor-container elementor-column-gap-default\">\n\t\t\t\t\t<div class=\"elementor-column elementor-col-100 elementor-top-column elementor-element elementor-element-19aed95\" data-id=\"19aed95\" data-element_type=\"column\">\n\t\t\t<div class=\"elementor-widget-wrap elementor-element-populated\">\n\t\t\t\t\t\t<div class=\"elementor-element elementor-element-8e4574c elementor-widget elementor-widget-text-editor\" data-id=\"8e4574c\" data-element_type=\"widget\" data-widget_type=\"text-editor.default\">\n\t\t\t\t<div class=\"elementor-widget-container\">\n\t\t\t\t\t\t\t\t\t<h2 data-start=\"146\" data-end=\"172\"><span class=\"ez-toc-section\" id=\"Deia_Mallorca_erleben\"><\/span>Dei\u00e0 Mallorca erleben<span class=\"ez-toc-section-end\"><\/span><\/h2><p data-start=\"174\" data-end=\"512\">Ein Besuch in <strong data-start=\"188\" data-end=\"205\">Dei\u00e0 Mallorca<\/strong> bedeutet, Natur, Kultur und mediterranes Lebensgef\u00fchl in einem einzigen Ort zu vereinen. Zwischen den Gassen des K\u00fcnstlerdorfs, den Blicken \u00fcber die Tramuntana und den Kl\u00e4ngen von Musik und Gespr\u00e4chen in kleinen Restaurants sp\u00fcrt man, warum dieser Ort seit Jahrzehnten Menschen aus aller Welt fasziniert.<\/p><p data-start=\"514\" data-end=\"817\">Wenn Sie Ihren Aufenthalt auf Mallorca noch vertiefen m\u00f6chten, k\u00f6nnen Sie ihn mit einem <span data-start=\"602\" data-end=\"650\"><a href=\"https:\/\/treurer.com\/de\/hotel-mallorca-treurer\/gastronomische-erlebnisse\/\"><b>kulinarischen Erlebnis auf der Finca Treurer<\/b><\/a><\/span> verbinden. Hier lernen Sie den Anbau des Olivenbaums kennen, verkosten ein extra natives Oliven\u00f6l und entdecken, wie sehr dieser Schatz die mediterrane K\u00fcche pr\u00e4gt.<\/p><p>\u00a0<\/p><p data-start=\"819\" data-end=\"979\">So wird Ihr Besuch in Dei\u00e0 nicht nur eine Reise in die Vergangenheit und Gegenwart der Insel, sondern auch eine Begegnung mit ihrem authentischsten Geschmack.<\/p>\t\t\t\t\t\t\t\t<\/div>\n\t\t\t\t<\/div>\n\t\t\t\t\t<\/div>\n\t\t<\/div>\n\t\t\t\t\t<\/div>\n\t\t<\/section>\n\t\t\t\t<\/div>\n\t\t","protected":false},"excerpt":{"rendered":"<p>Dei\u00e0 hat allen Besuchern etwas zu bieten: eine reiche maurische Geschichte, atemberaubende Berg- und Meereslandschaften und eine lebendige Kunst- und Gastronomieszene.<\/p>\n","protected":false},"author":4,"featured_media":29476,"comment_status":"closed","ping_status":"closed","sticky":false,"template":"","format":"standard","meta":{"_acf_changed":false,"content-type":"","_joinchat":[],"footnotes":""},"categories":[159,231],"tags":[],"class_list":["post-32248","post","type-post","status-publish","format-standard","has-post-thumbnail","hentry","category-olivenoelkultur","category-turismo-de"],"acf":[],"_links":{"self":[{"href":"https:\/\/treurer.com\/de\/wp-json\/wp\/v2\/posts\/32248","targetHints":{"allow":["GET"]}}],"collection":[{"href":"https:\/\/treurer.com\/de\/wp-json\/wp\/v2\/posts"}],"about":[{"href":"https:\/\/treurer.com\/de\/wp-json\/wp\/v2\/types\/post"}],"author":[{"embeddable":true,"href":"https:\/\/treurer.com\/de\/wp-json\/wp\/v2\/users\/4"}],"replies":[{"embeddable":true,"href":"https:\/\/treurer.com\/de\/wp-json\/wp\/v2\/comments?post=32248"}],"version-history":[{"count":53,"href":"https:\/\/treurer.com\/de\/wp-json\/wp\/v2\/posts\/32248\/revisions"}],"predecessor-version":[{"id":41729,"href":"https:\/\/treurer.com\/de\/wp-json\/wp\/v2\/posts\/32248\/revisions\/41729"}],"wp:featuredmedia":[{"embeddable":true,"href":"https:\/\/treurer.com\/de\/wp-json\/wp\/v2\/media\/29476"}],"wp:attachment":[{"href":"https:\/\/treurer.com\/de\/wp-json\/wp\/v2\/media?parent=32248"}],"wp:term":[{"taxonomy":"category","embeddable":true,"href":"https:\/\/treurer.com\/de\/wp-json\/wp\/v2\/categories?post=32248"},{"taxonomy":"post_tag","embeddable":true,"href":"https:\/\/treurer.com\/de\/wp-json\/wp\/v2\/tags?post=32248"}],"curies":[{"name":"wp","href":"https:\/\/api.w.org\/{rel}","templated":true}]}}