{"id":10054,"date":"2021-07-29T13:15:51","date_gmt":"2021-07-29T13:15:51","guid":{"rendered":"https:\/\/www.treurer.com\/?p=10054"},"modified":"2022-06-12T18:50:21","modified_gmt":"2022-06-12T16:50:21","slug":"events-auf-mallorca","status":"publish","type":"post","link":"https:\/\/treurer.com\/de\/events-auf-mallorca\/","title":{"rendered":"Originelle Veranstaltungsorte f\u00fcr private Events auf Mallorca"},"content":{"rendered":"\t\t<div data-elementor-type=\"wp-post\" data-elementor-id=\"10054\" class=\"elementor elementor-10054 elementor-9287\" data-elementor-post-type=\"post\">\n\t\t\t\t\t\t<section class=\"elementor-section elementor-top-section elementor-element elementor-element-f4688f0 elementor-section-boxed elementor-section-height-default elementor-section-height-default\" data-id=\"f4688f0\" data-element_type=\"section\">\n\t\t\t\t\t\t<div class=\"elementor-container elementor-column-gap-default\">\n\t\t\t\t\t<div class=\"elementor-column elementor-col-100 elementor-top-column elementor-element elementor-element-7c58412\" data-id=\"7c58412\" data-element_type=\"column\">\n\t\t\t<div class=\"elementor-widget-wrap elementor-element-populated\">\n\t\t\t\t\t\t<div class=\"elementor-element elementor-element-59c52fa elementor-widget elementor-widget-text-editor\" data-id=\"59c52fa\" data-element_type=\"widget\" data-widget_type=\"text-editor.default\">\n\t\t\t\t<div class=\"elementor-widget-container\">\n\t\t\t\t\t\t\t\t\t<p>Mallorca ist seit langem Kulisse f\u00fcr unz\u00e4hlige Veranstaltungen. Kein Wunder, denn unsere Insel bietet das ganze Jahr \u00fcber ideales Wetter sowie eine gro\u00dfe Auswahl an vielseitigen Veranstaltungsorten und kompetenten Fachleuten. Dank dieser Qualit\u00e4ten hat sich Mallorca zu einer der begehrtesten Gegenden der Welt entwickelt, um private Veranstaltungen jeglicher Gr\u00f6\u00dfe und Bed\u00fcrfnisse durchzuf\u00fchren.<\/p><p>In Anbetracht der Ver\u00e4nderungen, die die Covid-19-Pandemie mit sich gebracht hat, sehen wir jedoch voraus, dass diese Veranstaltungen in Zukunft mit anderen Anforderungen wieder aufgegriffen werden. Diese Entwicklung bringt uns dazu, an Veranstaltungen zu denken, die zunehmend ansprechender und gleichzeitig angenehmer sind, an Orten, an denen Meetings stattfinden k\u00f6nnen, die den Teilnehmern eine andere Unterhaltung bieten, f\u00fcr die es sich zu reisen lohnt. Deshalb wollen wir \u00fcber einige Beispiele f\u00fcr originellere Orte f\u00fcr private Veranstaltungen sprechen.<\/p><h2>Wo kann man auf Mallorca eine etwas originellere private Veranstaltung durchf\u00fchren?<\/h2><ol><li>Boutique-Hotels, f\u00fcr intimere und gem\u00fctlichere Veranstaltungen.<\/li><li>Schl\u00f6sser, f\u00fcr Erlebnisse wie im M\u00e4rchen.<\/li><li>Architektonisch pr\u00e4chtige Herrenh\u00e4user oder Landg\u00fcter.<\/li><li>G\u00e4rten, die beste Option, um in Harmonie mit der Umwelt zu sein.<\/li><li>Dachterrassen in Palma, mit spektakul\u00e4rem Blick auf die Altstadt.<\/li><li>Golfpl\u00e4tze, ein echter Klassiker mit vielseitigen Einsatzm\u00f6glichkeiten.<\/li><li>Yachten oder Holzboote f\u00fcr Liebhaber des Meeres und seiner M\u00f6glichkeiten.<\/li><li>Agrotourismus-Komplex, eine der \u00f6kologischsten und nat\u00fcrlichsten Optionen.<\/li><li>Weing\u00fcter, f\u00fcr diejenigen, die den Tropfen der Traube zu sch\u00e4tzen wissen.<\/li><li>Olivenhaine und ihre Olivenb\u00e4ume, f\u00fcr Liebhaber der mediterranen Gastronomie.<\/li><\/ol><h3>1. Boutique-Hotels, f\u00fcr intimere und gem\u00fctlichere Veranstaltungen.<\/h3><p>Viele Hotels und Resorts auf Mallorca arbeiten daran, den MICE-Sektor und Hochzeiten zu beherbergen und zu f\u00f6rdern, aber ihr gr\u00f6\u00dftes Plus in Bezug auf diese Veranstaltungen ist ihre Lage und ihr r\u00e4umliches Angebot. Daher bieten Boutique-Hotels, ohne die gr\u00f6\u00dferen Hotels herabzusetzen, einen einladenderen Rahmen, um gem\u00fctlichere private Veranstaltungen auszurichten.<\/p><p>Per Definition hat ein Boutique-Hotel seine eigene Pers\u00f6nlichkeit und Identit\u00e4t, die in den Ort integriert ist und einen viel pers\u00f6nlicheren Service bieten kann, bei dem Qualit\u00e4t und Exzellenz in der Regel ein wesentlicher Bestandteil sind.<\/p><p>Viele dieser Hotels befinden sich in privilegierten Gegenden Mallorcas, sowohl in der Hauptstadt als auch in den vielen D\u00f6rfern der Insel. Sie f\u00fcgen sich in die Umgebung ein und sind daher der perfekte Rahmen f\u00fcr eine eher traditionelle Veranstaltung, aber unkonventionell genug, um anspruchsvolle und unterhaltsame Aktivit\u00e4ten unter den Teilnehmern zu f\u00f6rdern.<\/p><h3>2. Schl\u00f6sser, f\u00fcr Erlebnisse wie im M\u00e4rchen.<\/h3><p>Viele Menschen w\u00fcnschen sich f\u00fcr ihren besonderen Tag eine m\u00e4rchenhafte Location wie z.B. ein Schloss. Und es stimmt, dass es keinen charmanteren und magischeren Ort f\u00fcr eine Hochzeit gibt, aber Schl\u00f6sser k\u00f6nnen auch den Rahmen f\u00fcr alle m\u00f6glichen Veranstaltungen bilden, bei denen Geschichte und Luxus im Mittelpunkt stehen.<\/p><p>Beispiele sind das Castell Son Claret, ein luxuri\u00f6ses Hotel, das in einer Burg aus dem 15. Jahrhundert untergebracht ist, oder das Castell Son Vida, ein Hotel in einer der exklusivsten Gegenden Palmas mit Blick auf die Bucht, bei dem es sich um eine renovierte Burg aus dem 13. Jahrhundert mit einer typisch mallorquinischen Landhausstruktur handelt, was uns zum n\u00e4chsten Punkt bringt:<\/p><h3>3. Architektonisch pr\u00e4chtige Herrenh\u00e4user oder Landg\u00fcter.<\/h3><p>Viele mallorquinische Fincas, Herrenh\u00e4user und Besitzt\u00fcmer bieten ihre R\u00e4umlichkeiten privaten Veranstaltern an, deren Kunden auf der Suche nach intimen und doch sch\u00f6nen und architektonisch pr\u00e4chtigen Veranstaltungsorten sind, die f\u00fcr sich selbst sprechen. Diese H\u00e4user sind nicht nur geschichtstr\u00e4chtig, sondern bieten auch den idealen Rahmen f\u00fcr Veranstaltungen von gro\u00dfem kulturellen Interesse.<\/p><figure id=\"attachment_9288\" aria-describedby=\"caption-attachment-9288\" style=\"width: 1920px\" class=\"wp-caption alignnone\"><img fetchpriority=\"high\" decoding=\"async\" class=\"wp-image-9288 size-full\" src=\"https:\/\/treurer.com\/wp-content\/uploads\/La-Raixa.jpeg\" alt=\"La Raixa, eines der bezauberndsten Besitzt\u00fcmer auf Mallorca\" width=\"1920\" height=\"1440\" title=\"\" srcset=\"https:\/\/treurer.com\/wp-content\/uploads\/La-Raixa.jpeg 1920w, https:\/\/treurer.com\/wp-content\/uploads\/La-Raixa-768x576.jpeg 768w, https:\/\/treurer.com\/wp-content\/uploads\/La-Raixa-1536x1152.jpeg 1536w, https:\/\/treurer.com\/wp-content\/uploads\/La-Raixa-300x225.jpeg 300w, https:\/\/treurer.com\/wp-content\/uploads\/La-Raixa-600x450.jpeg 600w\" sizes=\"(max-width: 1920px) 100vw, 1920px\" \/><figcaption id=\"caption-attachment-9288\" class=\"wp-caption-text\">La Raixa, eines der bezauberndsten Besitzt\u00fcmer auf Mallorca<\/figcaption><\/figure><p>Am Fu\u00dfe der Gebirgskette Serra de Tramuntana befindet sich zum Beispiel La Raixa, das perfekt zur Veranschaulichung dient, da es sich um ein Anwesen arabischen Ursprungs handelt, in dem man Konferenzen, Tagungen und private Veranstaltungen abhalten kann. Das in der Gemeinde Bunyola gelegene Anwesen verf\u00fcgt \u00fcber eine spektakul\u00e4re Struktur und einen der bedeutendsten G\u00e4rten der Insel, was uns zu unserem n\u00e4chsten originellen Veranstaltungsort f\u00fchrt.<\/p><p>\u00a0<\/p>\t\t\t\t\t\t\t\t<\/div>\n\t\t\t\t<\/div>\n\t\t\t\t\t<\/div>\n\t\t<\/div>\n\t\t\t\t\t<\/div>\n\t\t<\/section>\n\t\t\t\t<section class=\"elementor-section elementor-top-section elementor-element elementor-element-1056cdb elementor-section-boxed elementor-section-height-default elementor-section-height-default\" data-id=\"1056cdb\" data-element_type=\"section\" data-settings=\"{&quot;background_background&quot;:&quot;classic&quot;}\">\n\t\t\t\t\t\t<div class=\"elementor-container elementor-column-gap-default\">\n\t\t\t\t\t<div class=\"elementor-column elementor-col-100 elementor-top-column elementor-element elementor-element-c67381a\" data-id=\"c67381a\" data-element_type=\"column\">\n\t\t\t<div class=\"elementor-widget-wrap elementor-element-populated\">\n\t\t\t\t\t\t<section class=\"elementor-section elementor-inner-section elementor-element elementor-element-62e09f6 elementor-section-boxed elementor-section-height-default elementor-section-height-default\" data-id=\"62e09f6\" data-element_type=\"section\">\n\t\t\t\t\t\t<div class=\"elementor-container elementor-column-gap-default\">\n\t\t\t\t\t<div class=\"elementor-column elementor-col-50 elementor-inner-column elementor-element elementor-element-b8c8b23\" data-id=\"b8c8b23\" data-element_type=\"column\">\n\t\t\t<div class=\"elementor-widget-wrap elementor-element-populated\">\n\t\t\t\t\t\t<div class=\"elementor-element elementor-element-d41c8a1 elementor-widget elementor-widget-text-editor\" data-id=\"d41c8a1\" data-element_type=\"widget\" data-widget_type=\"text-editor.default\">\n\t\t\t\t<div class=\"elementor-widget-container\">\n\t\t\t\t\t\t\t\t\t<p>Melden Sie sich f\u00fcr unseren monatlichen Newsletter<\/p>\t\t\t\t\t\t\t\t<\/div>\n\t\t\t\t<\/div>\n\t\t\t\t<div class=\"elementor-element elementor-element-e657b51 elementor-widget elementor-widget-shortcode\" data-id=\"e657b51\" data-element_type=\"widget\" data-widget_type=\"shortcode.default\">\n\t\t\t\t<div class=\"elementor-widget-container\">\n\t\t\t\t\t\t\t<div class=\"elementor-shortcode\">\n\t\t\t\t\t\t<script>\n\t\t\t\t\t\t\twindow.hsFormsOnReady = window.hsFormsOnReady || [];\n\t\t\t\t\t\t\twindow.hsFormsOnReady.push(()=>{\n\t\t\t\t\t\t\t\thbspt.forms.create({\n\t\t\t\t\t\t\t\t\tportalId: 7873078,\n\t\t\t\t\t\t\t\t\tformId: \"c245c912-e98a-43e5-b8d7-fd3decbe29ab\",\n\t\t\t\t\t\t\t\t\ttarget: \"#hbspt-form-1777658546000-8259831606\",\n\t\t\t\t\t\t\t\t\tregion: \"na1\",\n\t\t\t\t\t\t\t\t\t\n\t\t\t\t\t\t\t})});\n\t\t\t\t\t\t<\/script>\n\t\t\t\t\t\t<div class=\"hbspt-form\" id=\"hbspt-form-1777658546000-8259831606\"><\/div><\/div>\n\t\t\t\t\t\t<\/div>\n\t\t\t\t<\/div>\n\t\t\t\t\t<\/div>\n\t\t<\/div>\n\t\t\t\t<div class=\"elementor-column elementor-col-50 elementor-inner-column elementor-element elementor-element-4860e4f\" data-id=\"4860e4f\" data-element_type=\"column\" data-settings=\"{&quot;background_background&quot;:&quot;slideshow&quot;,&quot;background_slideshow_gallery&quot;:[{&quot;id&quot;:14193,&quot;url&quot;:&quot;https:\\\/\\\/treurer.com\\\/wp-content\\\/uploads\\\/2C6A7932-1.jpg&quot;},{&quot;id&quot;:14197,&quot;url&quot;:&quot;https:\\\/\\\/treurer.com\\\/wp-content\\\/uploads\\\/2C6A8589-1.jpg&quot;},{&quot;id&quot;:14201,&quot;url&quot;:&quot;https:\\\/\\\/treurer.com\\\/wp-content\\\/uploads\\\/Finca-de-aceite-de-oliva-arbequina-1.jpeg&quot;},{&quot;id&quot;:14205,&quot;url&quot;:&quot;https:\\\/\\\/treurer.com\\\/wp-content\\\/uploads\\\/dieta-mediterra\\u0301nea-1.jpg&quot;},{&quot;id&quot;:14209,&quot;url&quot;:&quot;https:\\\/\\\/treurer.com\\\/wp-content\\\/uploads\\\/Captura-de-pantalla-2021-02-02-a-las-16.23.22-1.png&quot;}],&quot;background_slideshow_loop&quot;:&quot;yes&quot;,&quot;background_slideshow_slide_duration&quot;:5000,&quot;background_slideshow_slide_transition&quot;:&quot;fade&quot;,&quot;background_slideshow_transition_duration&quot;:500}\">\n\t\t\t<div class=\"elementor-widget-wrap\">\n\t\t\t\t\t\t\t<\/div>\n\t\t<\/div>\n\t\t\t\t\t<\/div>\n\t\t<\/section>\n\t\t\t\t\t<\/div>\n\t\t<\/div>\n\t\t\t\t\t<\/div>\n\t\t<\/section>\n\t\t\t\t<section class=\"elementor-section elementor-top-section elementor-element elementor-element-043e56d elementor-section-boxed elementor-section-height-default elementor-section-height-default\" data-id=\"043e56d\" data-element_type=\"section\">\n\t\t\t\t\t\t<div class=\"elementor-container elementor-column-gap-default\">\n\t\t\t\t\t<div class=\"elementor-column elementor-col-100 elementor-top-column elementor-element elementor-element-c1ab798\" data-id=\"c1ab798\" data-element_type=\"column\">\n\t\t\t<div class=\"elementor-widget-wrap elementor-element-populated\">\n\t\t\t\t\t\t<div class=\"elementor-element elementor-element-c80cea1 elementor-widget elementor-widget-text-editor\" data-id=\"c80cea1\" data-element_type=\"widget\" data-widget_type=\"text-editor.default\">\n\t\t\t\t<div class=\"elementor-widget-container\">\n\t\t\t\t\t\t\t\t\t<h3>4. G\u00e4rten, die beste Option, um in Harmonie mit der Umwelt zu sein.<\/h3><p>Zwischen Fr\u00fchling und Herbst k\u00f6nnen viele G\u00e4rten auf Mallorca f\u00fcr verschiedene private Veranstaltungen im Freien gemietet werden. Das Wetter in den w\u00e4rmeren Monaten kann perfekt f\u00fcr Meetings, Kongresse und nat\u00fcrlich Hochzeiten sowohl tags\u00fcber als auch abends sein.<\/p><p>Die G\u00e4rten sind ein idealer Ort f\u00fcr den Kontakt mit der Natur &#8211; und gleichzeitig perfekt f\u00fcr die Ausrichtung von Veranstaltungen aller Art geeignet. Dar\u00fcber hinaus sind offene Fl\u00e4chen heute ein sicherer Ort, an dem man alle Arten von Freizeitaktivit\u00e4ten durchf\u00fchren kann, abh\u00e4ngig von der gerade stattfindenden Veranstaltung.<\/p><h3>5. Dachterrassen in Palma, mit spektakul\u00e4rem Blick auf die Altstadt.<\/h3><p>Ebenfalls im Freien bieten Dachterrassen ideale Aussichten, vor allem wenn es um Palma, die Hauptstadt der Insel, und ihre Altstadt voller Leben und eindrucksvoller Monumente geht, wie die Kathedrale, die wir als La Seu kennen, La Lonja und ihre Stra\u00dfen oder der K\u00f6nigspalast der Almudaina&#8230;<\/p><p>Die Stadt, insbesondere von oben gesehen, strahlt eine schicke und mond\u00e4ne Atmosph\u00e4re f\u00fcr Veranstaltungen jeder Art aus, die auch die urbansten G\u00e4ste begeistern wird und ihnen gleichzeitig viele M\u00f6glichkeiten bietet, \u00fcber ihre Erfahrungen zu sprechen und den Abend zu beleben.<\/p><h3>6. Golfpl\u00e4tze, ein echter Klassiker mit vielseitigen Einsatzm\u00f6glichkeiten.<\/h3><p>Neben der Aus\u00fcbung des Sports sind Golfpl\u00e4tze ein gro\u00dfartiger Ort f\u00fcr die Durchf\u00fchrung diverser privater Veranstaltungen und Pr\u00e4sentationen, und dank der Gr\u00f6\u00dfe ihrer Fl\u00e4chen ist es m\u00f6glich, in sicherer Umgebung kleinere Konzerte zu veranstalten. Golfpl\u00e4tze sind ein klassisches und vielseitiges Angebot, das viel Charme und fantastische Aussichten abseits des Trubels der Stadt bieten kann.<\/p><h3>7. Yachten oder Holzboote f\u00fcr Liebhaber des Meeres und seiner M\u00f6glichkeiten.<\/h3><p>Noch weiter weg von der Stadt bietet Mallorca f\u00fcr diejenigen, die gerne segeln und das Mittelmeer genie\u00dfen, die M\u00f6glichkeit, spektakul\u00e4re Yachten und Holzboote zu mieten, die nicht nur f\u00fcr eine private Veranstaltung genutzt werden k\u00f6nnen, sondern auch f\u00fcr einen unvergesslichen Tag oder einen mehrt\u00e4gigen Ausflug.<\/p><figure id=\"attachment_9292\" aria-describedby=\"caption-attachment-9292\" style=\"width: 1920px\" class=\"wp-caption alignnone\"><img decoding=\"async\" class=\"wp-image-9292 size-full\" src=\"https:\/\/treurer.com\/wp-content\/uploads\/yate.jpeg\" alt=\"Yachten und Boote, die aus dem Hafen von Palma oder Alcudia auslaufen\" width=\"1920\" height=\"1275\" title=\"\" srcset=\"https:\/\/treurer.com\/wp-content\/uploads\/yate.jpeg 1920w, https:\/\/treurer.com\/wp-content\/uploads\/yate-768x510.jpeg 768w, https:\/\/treurer.com\/wp-content\/uploads\/yate-1536x1020.jpeg 1536w, https:\/\/treurer.com\/wp-content\/uploads\/yate-300x199.jpeg 300w, https:\/\/treurer.com\/wp-content\/uploads\/yate-600x398.jpeg 600w\" sizes=\"(max-width: 1920px) 100vw, 1920px\" \/><figcaption id=\"caption-attachment-9292\" class=\"wp-caption-text\">Yachten und Boote, die aus dem Hafen von Palma oder Alcudia auslaufen<\/figcaption><\/figure><p>Auf einer Schiffstour lassen sich Gesch\u00e4ft, Kultur und Entspannung perfekt kombinieren. Au\u00dferdem haben diese Boote eine Crew, die auf Empf\u00e4nge jeglicher Art vorbereitet ist, eine au\u00dfergew\u00f6hnliche M\u00f6glichkeit, das Ambiente zu wechseln.<\/p><h3>8. Agrotourismus-Komplex, eine der \u00f6kologischsten und nat\u00fcrlichsten Optionen.<\/h3><p>Besonders f\u00fcr weltoffene Menschen, die einen Tapetenwechsel w\u00fcnschen, sind Agrotourismus-Resorts eine gro\u00dfartige Option, die die Teilnehmer auch an \u00d6kologie und Natur heranf\u00fchren kann, bei der die Ressourcen der Gegend genutzt und neue Werte gelernt werden.<\/p><p>Mit dem Agrotourismus als eine Form des l\u00e4ndlichen Tourismus auf Mallorca k\u00f6nnen Sie die Umwelt, die Landschaften und die Gastronomie erleben, aber auch die Sitten und Gebr\u00e4uche des Ortes kennenlernen und sich direkt mit den landwirtschaftlichen oder viehz\u00fcchterischen Aufgaben der Gegend vertraut machen, und das als Freizeitbesch\u00e4ftigung nach einer privaten Veranstaltung, in einer nat\u00fcrlichen Umgebung von beeindruckender Sch\u00f6nheit.<\/p><h3>9. Weing\u00fcter, f\u00fcr diejenigen, die den Tropfen der Traube zu sch\u00e4tzen wissen.<\/h3><p>In Fortsetzung dieser Dynamik und vor allem f\u00fcr Liebhaber des guten Weins gibt es auch auf Mallorca dieses Produkt mit Herkunftsbezeichnung. Ein Weingut ist ein hervorragender Ort, um eine private Veranstaltung abzuhalten und den Abend mit Verkostungen und Routen zu beleben, bei denen man etwas \u00fcber den Weinbau auf Mallorca lernen kann.<\/p><h3>10. Olivenhaine und ihre Olivenb\u00e4ume, f\u00fcr Liebhaber der mediterranen Gastronomie.<\/h3><p>Und schlie\u00dflich gibt es f\u00fcr Liebhaber der mediterranen Gastronomie und der exzellenten K\u00fcche Mallorcas keine bessere Option als eine Oliven-Finca, auf der Natives Oliven\u00f6l extra hergestellt wird, das f\u00fcr den Erfolg der mediterranen Gerichte ausschlaggebend ist.<\/p><p>In unserem Olivenhain k\u00f6nnen wir Veranstaltungen aller Art ausrichten, und Sie haben die M\u00f6glichkeit, in direkten Kontakt mit den Traditionen und der l\u00e4ndlichen Lebensweise von Es Pla auf unserer Insel zu kommen. Hier erfahren Sie mehr \u00fcber die Herstellung des fl\u00fcssigen Goldes und wie der Prozess des typischen Produktes der Familie Miralles abl\u00e4uft, um ein Produkt von h\u00f6chster Qualit\u00e4t zu erhalten. Dar\u00fcber hinaus gibt es eine Verkostung, um die Nuancen dieses \u00d6ls kennen zu lernen, und nat\u00fcrlich k\u00f6nnen Sie exquisite Gerichte probieren, die von einem lokalen Koch zubereitet werden.<\/p><p>Lieben Sie die Gastronomie und sind Sie von dieser Option \u00fcberzeugt? Starten Sie die Planung Ihrer Veranstaltung mit uns. Wir planen es gemeinsam, arbeiten mit absoluter Professionalit\u00e4t und Engagement und k\u00fcmmern uns um jedes Detail in unserer Treurer-Finca.<\/p>\t\t\t\t\t\t\t\t<\/div>\n\t\t\t\t<\/div>\n\t\t\t\t\t<\/div>\n\t\t<\/div>\n\t\t\t\t\t<\/div>\n\t\t<\/section>\n\t\t\t\t<\/div>\n\t\t","protected":false},"excerpt":{"rendered":"<p>Mallorca ist seit langem Kulisse f\u00fcr unz\u00e4hlige Veranstaltungen. Dank dieser Qualit\u00e4ten hat sich Mallorca zu einer der begehrtesten Gegenden der Welt entwickelt, um private Veranstaltungen jeglicher Gr\u00f6\u00dfe und Bed\u00fcrfnisse durchzuf\u00fchren.<\/p>\n","protected":false},"author":4,"featured_media":9302,"comment_status":"closed","ping_status":"closed","sticky":false,"template":"","format":"standard","meta":{"_acf_changed":false,"content-type":"","_joinchat":[],"footnotes":""},"categories":[159,159,213],"tags":[],"class_list":{"0":"post-10054","1":"post","2":"type-post","3":"status-publish","4":"format-standard","5":"has-post-thumbnail","6":"hentry","7":"category-olivenoelkultur","9":"category-events-de"},"acf":[],"_links":{"self":[{"href":"https:\/\/treurer.com\/de\/wp-json\/wp\/v2\/posts\/10054","targetHints":{"allow":["GET"]}}],"collection":[{"href":"https:\/\/treurer.com\/de\/wp-json\/wp\/v2\/posts"}],"about":[{"href":"https:\/\/treurer.com\/de\/wp-json\/wp\/v2\/types\/post"}],"author":[{"embeddable":true,"href":"https:\/\/treurer.com\/de\/wp-json\/wp\/v2\/users\/4"}],"replies":[{"embeddable":true,"href":"https:\/\/treurer.com\/de\/wp-json\/wp\/v2\/comments?post=10054"}],"version-history":[{"count":2,"href":"https:\/\/treurer.com\/de\/wp-json\/wp\/v2\/posts\/10054\/revisions"}],"predecessor-version":[{"id":14434,"href":"https:\/\/treurer.com\/de\/wp-json\/wp\/v2\/posts\/10054\/revisions\/14434"}],"wp:featuredmedia":[{"embeddable":true,"href":"https:\/\/treurer.com\/de\/wp-json\/wp\/v2\/media\/9302"}],"wp:attachment":[{"href":"https:\/\/treurer.com\/de\/wp-json\/wp\/v2\/media?parent=10054"}],"wp:term":[{"taxonomy":"category","embeddable":true,"href":"https:\/\/treurer.com\/de\/wp-json\/wp\/v2\/categories?post=10054"},{"taxonomy":"post_tag","embeddable":true,"href":"https:\/\/treurer.com\/de\/wp-json\/wp\/v2\/tags?post=10054"}],"curies":[{"name":"wp","href":"https:\/\/api.w.org\/{rel}","templated":true}]}}